{"id":683257,"date":"2026-01-23T08:00:11","date_gmt":"2026-01-23T08:00:11","guid":{"rendered":"https:\/\/www.europesays.com\/fr\/683257\/"},"modified":"2026-01-23T08:00:11","modified_gmt":"2026-01-23T08:00:11","slug":"voici-le-symptome-qui-apparait-des-annees-avant-le-diagnostic-a-surveiller","status":"publish","type":"post","link":"https:\/\/www.europesays.com\/fr\/683257\/","title":{"rendered":"voici LE sympt\u00f4me qui appara\u00eet des ann\u00e9es avant le diagnostic (\u00e0 surveiller)"},"content":{"rendered":"<p>Longtemps silencieuse, la <strong>maladie de Charcot<\/strong><br \/>\nprogresse souvent \u00e0 bas bruit avant d\u2019\u00eatre diagnostiqu\u00e9e. Pourtant,<br \/>\nun sympt\u00f4me discret peut appara\u00eetre plusieurs ann\u00e9es en amont, sans<br \/>\nforc\u00e9ment alerter. Peu connu du grand public, ce signal pr\u00e9coce<br \/>\nm\u00e9rite une attention particuli\u00e8re, car il peut orienter vers une<br \/>\nprise en charge plus rapide. Reconna\u00eetre ce premier indice ne<br \/>\npermet pas de <strong>poser un diagnostic<\/strong>, mais incite \u00e0<br \/>\nconsulter et \u00e0 ne pas banaliser certains troubles persistants.<br \/>\nVoici lequel surveiller, pourquoi il survient t\u00f4t et comment il se<br \/>\nmanifeste au quotidien chez certaines personnes.<\/p>\n<p>La maladie de Charcot : un sympt\u00f4me pr\u00e9coce longtemps<br \/>\nsous-estim\u00e9<br \/>\nUne pathologie grave au diagnostic souvent tardif<\/p>\n<p>La maladie de Charcot, ou <a href=\"https:\/\/www.pleinevie.fr\/sante\/maladie-de-charcot-une-biologiste-affirme-que-le-jeune-intermittent-aurait-declenche-son-diagnostic-171706.html\" target=\"_blank\" rel=\"noopener\">scl\u00e9rose lat\u00e9rale<\/a> amyotrophique,<br \/>\nest une <strong>pathologie neurod\u00e9g\u00e9n\u00e9rative<\/strong> grave et<br \/>\nincurable. Elle entra\u00eene la destruction progressive des<br \/>\nmotoneurones, responsables du contr\u00f4le des muscles volontaires. Le<br \/>\ndiagnostic survient souvent tardivement, lorsque les premiers<br \/>\ntroubles moteurs apparaissent d\u00e9j\u00e0. Apr\u00e8s l\u2019annonce de la maladie,<br \/>\nl\u2019esp\u00e9rance de vie d\u00e9passe rarement trois \u00e0 cinq ans.<br \/>\n<strong>Identifier des signes pr\u00e9coces<\/strong> constitue donc un<br \/>\nenjeu majeur pour la recherche m\u00e9dicale. Depuis peu, les<br \/>\nscientifiques s\u2019int\u00e9ressent \u00e0 des sympt\u00f4mes longtemps jug\u00e9s<br \/>\nsecondaires, capables pourtant d\u2019appara\u00eetre bien avant la paralysie<br \/>\nprogressive, silencieuse et souvent sous-estim\u00e9e.<\/p>\n<p>Les troubles du sommeil, plusieurs ann\u00e9es avant les sympt\u00f4mes<br \/>\nmoteurs<\/p>\n<p>Des travaux r\u00e9cents publi\u00e9s dans <a href=\"https:\/\/www.pourquoidocteur.fr\/Mieux-Vivre\/53763-Maladie-Charcot-faut-surveiller-troubles-sommeil\" target=\"_blank\" rel=\"noopener\">Pourquoidocteur.fr<\/a> ont<br \/>\nmis en \u00e9vidence un sympt\u00f4me pr\u00e9curseur inattendu : <strong>les<br \/>\ntroubles du sommeil<\/strong>. Selon ces chercheurs de l\u2019Inserm et<br \/>\nde l\u2019universit\u00e9 de Strasbourg, ils apparaissent trois \u00e0 cinq ans<br \/>\navant les premiers sympt\u00f4mes moteurs. Des r\u00e9veils nocturnes<br \/>\nfr\u00e9quents, une augmentation du temps d\u2019\u00e9veil et une diminution du<br \/>\nsommeil profond sont r\u00e9guli\u00e8rement observ\u00e9s. Ces troubles restent<br \/>\npourtant banalis\u00e9s, car ils sont fr\u00e9quents dans la population<br \/>\ng\u00e9n\u00e9rale. Leur <strong>apparition isol\u00e9e<\/strong> ne suffit pas \u00e0<br \/>\nalerter, retardant ainsi toute suspicion d\u2019une maladie<br \/>\nneurod\u00e9g\u00e9n\u00e9rative grave encore mal comprise aujourd\u2019hui.<\/p>\n<p>Cause ou cons\u00e9quence : une relation longtemps mal comprise<\/p>\n<p>Pendant longtemps, les sp\u00e9cialistes ont pens\u00e9 que ces troubles<br \/>\ndu sommeil \u00e9taient une cons\u00e9quence directe de <strong>l\u2019atteinte<br \/>\nrespiratoire<\/strong> li\u00e9e \u00e0 la <a href=\"https:\/\/www.pleinevie.fr\/sante\/maladie-de-charcot-voici-les-5-symptomes-pour-detecter-les-signes-de-la-maladie-rare-la-moins-rare-175284.html\" target=\"_blank\" rel=\"noopener\">maladie de Charcot<\/a>. La<br \/>\nd\u00e9g\u00e9n\u00e9rescence musculaire perturbe en effet la respiration<br \/>\nnocturne. Cependant, cette hypoth\u00e8se ne permettait pas d\u2019expliquer<br \/>\nleur apparition tr\u00e8s pr\u00e9coce. Des observations similaires existent<br \/>\ndans d\u2019autres maladies neurod\u00e9g\u00e9n\u00e9ratives, comme Parkinson ou<br \/>\nAlzheimer. Le sommeil appara\u00eet alors comme un <strong>marqueur<br \/>\nneurologique pr\u00e9coce<\/strong>, r\u00e9v\u00e9lant une atteinte c\u00e9r\u00e9brale<br \/>\ninitiale. Cette nouvelle chronologie des sympt\u00f4mes oblige les<br \/>\nchercheurs \u00e0 repenser les m\u00e9canismes d\u2019origine de la SLA connus<br \/>\njusqu\u2019alors aujourd\u2019hui d\u00e9sormais.<\/p>\n<p>Pourquoi surveiller le sommeil pourrait<br \/>\nchanger la prise en charge<br \/>\nUne \u00e9tude men\u00e9e \u00e0 diff\u00e9rents stades de la maladie<\/p>\n<p>Pour mieux comprendre ce lien, les chercheurs ont analys\u00e9 le<br \/>\n<a href=\"https:\/\/www.pleinevie.fr\/sante\/maladie-de-charcot-une-biologiste-affirme-que-le-jeune-intermittent-aurait-declenche-son-diagnostic-171706.html\" target=\"_blank\" rel=\"noopener\">sommeil<\/a> de <strong>patients<br \/>\natteints de scl\u00e9rose lat\u00e9rale amyotrophique<\/strong> \u00e0 diff\u00e9rents<br \/>\nstades. Un premier groupe pr\u00e9sentait la maladie sans atteinte<br \/>\nrespiratoire. Un second regroupait des personnes pr\u00e9-symptomatiques<br \/>\nporteuses de mutations g\u00e9n\u00e9tiques associ\u00e9es \u00e0 la SLA. Les donn\u00e9es<br \/>\nont \u00e9t\u00e9 compar\u00e9es \u00e0 celles de groupes t\u00e9moins non atteints. Les<br \/>\nr\u00e9sultats sont sans appel : tous les patients souffraient de<br \/>\nperturbations du sommeil. Ces <strong>anomalies<\/strong> \u00e9taient<br \/>\nobservables bien avant l\u2019apparition des troubles moteurs,<br \/>\nconfirmant leur caract\u00e8re pr\u00e9coce chez l\u2019ensemble des participants<br \/>\n\u00e9tudi\u00e9s inclus.<\/p>\n<p>Le r\u00f4le cl\u00e9 des neurones \u00e0 orexine dans l\u2019\u00e9veil<\/p>\n<p>Les scientifiques se sont ensuite int\u00e9ress\u00e9s aux<br \/>\n<strong>neurones \u00e0 orexine<\/strong>, situ\u00e9s dans l\u2019hypothalamus,<br \/>\nconnus pour r\u00e9guler l\u2019\u00e9veil. Chez des souris atteintes d\u2019un mod\u00e8le<br \/>\nde SLA, leur hyperactivit\u00e9 perturbe le sommeil et affecte des<br \/>\nneurones voisins. Les chercheurs ont administr\u00e9 une mol\u00e9cule<br \/>\ninhibitrice de l\u2019orexine, utilis\u00e9e dans certains somnif\u00e8res. Une<br \/>\nseule prise orale a suffi \u00e0 restaurer le sommeil. Apr\u00e8s quinze<br \/>\njours de traitement, une meilleure conservation des motoneurones a<br \/>\n\u00e9t\u00e9 observ\u00e9e, sugg\u00e9rant un lien direct entre qualit\u00e9 du sommeil et<br \/>\n<strong>neurod\u00e9g\u00e9n\u00e9rescence progressive<\/strong> mesur\u00e9e chez les<br \/>\nanimaux \u00e9tudi\u00e9s concern\u00e9s ici sp\u00e9cifiquement.<\/p>\n<p>Un espoir prudent pour ralentir la progression de la SLA<\/p>\n<p>Ces d\u00e9couvertes ouvrent des perspectives in\u00e9dites dans la prise<br \/>\nen charge de la maladie de Charcot. Un essai clinique est<br \/>\nactuellement en cours afin d\u2019\u00e9valuer l\u2019effet de cette mol\u00e9cule chez<br \/>\ndes patients. Les chercheurs esp\u00e8rent que restaurer le sommeil d\u00e8s<br \/>\nles premi\u00e8res manifestations non motrices pourrait ralentir la<br \/>\nprogression de la SLA. Sans parler de gu\u00e9rison, il s\u2019agit d\u2019un<br \/>\nespoir prudent mais r\u00e9el. Surveiller les troubles du sommeil<br \/>\npourrait ainsi devenir un outil pr\u00e9cieux, \u00e0 la fois pour mieux<br \/>\ncomprendre la maladie et am\u00e9liorer la qualit\u00e9 de vie des<br \/>\npatients.<\/p>\n","protected":false},"excerpt":{"rendered":"Longtemps silencieuse, la maladie de Charcot progresse souvent \u00e0 bas bruit avant d\u2019\u00eatre diagnostiqu\u00e9e. Pourtant, un sympt\u00f4me discret&hellip;\n","protected":false},"author":2,"featured_media":683258,"comment_status":"","ping_status":"","sticky":false,"template":"","format":"standard","meta":{"footnotes":""},"categories":[10],"tags":[930,13041,7495,9275,3917,10592,1805,154,228,1011,27,72,226,3583,71,46006,16420,6013],"class_list":{"0":"post-683257","1":"post","2":"type-post","3":"status-publish","4":"format-standard","5":"has-post-thumbnail","7":"category-sante","8":"tag-le","9":"tag-a","10":"tag-annees","11":"tag-apparait","12":"tag-avant","13":"tag-charcot","14":"tag-de","15":"tag-des","16":"tag-diagnostic","17":"tag-fr","18":"tag-france","19":"tag-health","20":"tag-maladie","21":"tag-qui","22":"tag-sante","23":"tag-surveiller","24":"tag-symptome","25":"tag-voici"},"share_on_mastodon":{"url":"https:\/\/pubeurope.com\/@fr\/115943363356458959","error":""},"_links":{"self":[{"href":"https:\/\/www.europesays.com\/fr\/wp-json\/wp\/v2\/posts\/683257","targetHints":{"allow":["GET"]}}],"collection":[{"href":"https:\/\/www.europesays.com\/fr\/wp-json\/wp\/v2\/posts"}],"about":[{"href":"https:\/\/www.europesays.com\/fr\/wp-json\/wp\/v2\/types\/post"}],"author":[{"embeddable":true,"href":"https:\/\/www.europesays.com\/fr\/wp-json\/wp\/v2\/users\/2"}],"replies":[{"embeddable":true,"href":"https:\/\/www.europesays.com\/fr\/wp-json\/wp\/v2\/comments?post=683257"}],"version-history":[{"count":0,"href":"https:\/\/www.europesays.com\/fr\/wp-json\/wp\/v2\/posts\/683257\/revisions"}],"wp:featuredmedia":[{"embeddable":true,"href":"https:\/\/www.europesays.com\/fr\/wp-json\/wp\/v2\/media\/683258"}],"wp:attachment":[{"href":"https:\/\/www.europesays.com\/fr\/wp-json\/wp\/v2\/media?parent=683257"}],"wp:term":[{"taxonomy":"category","embeddable":true,"href":"https:\/\/www.europesays.com\/fr\/wp-json\/wp\/v2\/categories?post=683257"},{"taxonomy":"post_tag","embeddable":true,"href":"https:\/\/www.europesays.com\/fr\/wp-json\/wp\/v2\/tags?post=683257"}],"curies":[{"name":"wp","href":"https:\/\/api.w.org\/{rel}","templated":true}]}}