{"id":68329,"date":"2025-05-02T03:01:10","date_gmt":"2025-05-02T03:01:10","guid":{"rendered":"https:\/\/www.europesays.com\/fr\/68329\/"},"modified":"2025-05-02T03:01:10","modified_gmt":"2025-05-02T03:01:10","slug":"elle-peint-sur-des-draps-anciens-une-matiere-noble","status":"publish","type":"post","link":"https:\/\/www.europesays.com\/fr\/68329\/","title":{"rendered":"Elle peint sur \u00ab\u00a0des draps anciens, une mati\u00e8re noble\u00a0\u00bb"},"content":{"rendered":"<p><a href=\"https:\/\/alencon.maville.com\/actu\/actudet_-elle-donne-une-seconde-vie-aux-draps-anciens-et-les-expose-a-bagnoles-de-l-orne-normandie-_13-6449432_actu.Htm\" target=\"_blank\" rel=\"noopener\">Marion Peeters\u00a0est illustratrice et peintre sur du linge ancien.<\/a> Pr\u00e9sente jusqu\u2019au dimanche 4\u00a0mai, elle fait partie des artisans et cr\u00e9ateurs install\u00e9s \u00e0 l\u2019Ancienne cri\u00e9e durant quatre jours. Propos\u00e9 par l\u2019association Art et animations, ce temps fort artistique permet de red\u00e9couvrir de nombreux univers\u00a0: cartonnage, bijoux, mosa\u00efque, sculptures, verrier, \u00e9b\u00e9niste, carteries, savonnerie peinture sur porcelaine\u2026<\/p>\n<p><strong> <strong>Connaissiez-vous Le Croisic\u00a0?<\/strong> <\/strong><\/p>\n<p>Oui, en tant que Nantaise j\u2019\u00e9tais d\u00e9j\u00e0 venue, mais c\u2019est la premi\u00e8re fois que j\u2019expose ici et avec l\u2019association Art et animations. Et je suis ravie d\u2019\u00eatre dans ce lieu magnifique.<\/p>\n<p><strong> <strong>Quel est votre parcours professionnel\u00a0?<\/strong> <\/strong><\/p>\n<p>Je travaille dans la d\u00e9coration depuis vingt ans. Et depuis six ans, je m\u00e8ne mon aventure d\u2019artiste de A \u00e0 Z, c\u2019est-\u00e0-dire de la conception en passant par l\u2019illustration, la fabrication et la diffusion.<\/p>\n<p>Je travaille sur des draps anciens et sur le principe de la \u00ab\u00a0slow fashion\u00a0\u00bb. Je revendique le fait d\u2019utiliser des objets que l\u2019on garde. Les draps anciens constituent une mati\u00e8re noble qui fait partie de l\u2019h\u00e9ritage de nos anc\u00eatres. Et beaucoup d\u2019entre eux viennent du trousseau de ma grand-m\u00e8re.<\/p>\n<p><strong> <strong>Comment travaille-t-on la peinture sur cette mati\u00e8re\u00a0?<\/strong> <\/strong><\/p>\n<p>De deux fa\u00e7ons diff\u00e9rentes selon le type de tissu. On a d\u2019abord le drap blanc qui a \u00e9t\u00e9 beaucoup lav\u00e9 et qui est un vrai buvard \u00e0 peinture. Cela permet de r\u00e9aliser des motifs plus r\u00e9duits comme les coussins, les tabliers\u2026 Et quand je suis sur du mural, je travaille plut\u00f4t sur des draps qui sont encore un peu amidonn\u00e9s et qui donnent un rendu plus pr\u00e9cis et sur lesquels on peut utiliser des glacis.<\/p>\n<p>Je peins \u00e0 l\u2019acrylique, qui a l\u2019avantage de se travailler en aplat ou dilu\u00e9e selon les supports. En s\u00e9chant, l\u2019acrylique, \u00e0 base de composants plastiques, s\u2019incruste dans le tissu et le rigidifie l\u00e9g\u00e8rement. Ces tissus peints ne craignent pas l\u2019eau (intemp\u00e9ries, trempage) et peuvent \u00eatre utilis\u00e9s pour tapisser un si\u00e8ge ou un fauteuil, puisqu\u2019ils r\u00e9sistent aux frottements une fois secs.<\/p>\n<p><strong> <strong>Et quelles sont vos sources d\u2019inspiration\u00a0?<\/strong> <\/strong><\/p>\n<p>La nature, et plus pr\u00e9cis\u00e9ment la mer et les jardins, avec la couleur utilis\u00e9e ici comme une lumi\u00e8re.<\/p>\n<p><strong>Jusqu\u2019au dimanche 4\u00a0mai,<\/strong> de 10\u00a0h \u00e0 18\u00a0h, artisans d\u2019art et cr\u00e9ateurs, Ancienne cri\u00e9e, entr\u00e9e gratuite<\/p>\n<p>\u00a0<\/p>\n","protected":false},"excerpt":{"rendered":"Marion Peeters\u00a0est illustratrice et peintre sur du linge ancien. Pr\u00e9sente jusqu\u2019au dimanche 4\u00a0mai, elle fait partie des artisans&hellip;\n","protected":false},"author":2,"featured_media":68330,"comment_status":"","ping_status":"","sticky":false,"template":"","format":"standard","meta":{"footnotes":""},"categories":[2818],"tags":[1111,11,8132,17000,1777,674,1011,27,17001,766,12,17002,2636,16999,25],"class_list":{"0":"post-68329","1":"post","2":"type-post","3":"status-publish","4":"format-standard","5":"has-post-thumbnail","7":"category-nantes","8":"tag-actu","9":"tag-actualites","10":"tag-anciens","11":"tag-draps","12":"tag-eu","13":"tag-europe","14":"tag-fr","15":"tag-france","16":"tag-matiere","17":"tag-nantes","18":"tag-news","19":"tag-noble","20":"tag-pays-de-la-loire","21":"tag-peint","22":"tag-republique-francaise"},"share_on_mastodon":{"url":"https:\/\/pubeurope.com\/@fr\/114436012992233083","error":""},"_links":{"self":[{"href":"https:\/\/www.europesays.com\/fr\/wp-json\/wp\/v2\/posts\/68329","targetHints":{"allow":["GET"]}}],"collection":[{"href":"https:\/\/www.europesays.com\/fr\/wp-json\/wp\/v2\/posts"}],"about":[{"href":"https:\/\/www.europesays.com\/fr\/wp-json\/wp\/v2\/types\/post"}],"author":[{"embeddable":true,"href":"https:\/\/www.europesays.com\/fr\/wp-json\/wp\/v2\/users\/2"}],"replies":[{"embeddable":true,"href":"https:\/\/www.europesays.com\/fr\/wp-json\/wp\/v2\/comments?post=68329"}],"version-history":[{"count":0,"href":"https:\/\/www.europesays.com\/fr\/wp-json\/wp\/v2\/posts\/68329\/revisions"}],"wp:featuredmedia":[{"embeddable":true,"href":"https:\/\/www.europesays.com\/fr\/wp-json\/wp\/v2\/media\/68330"}],"wp:attachment":[{"href":"https:\/\/www.europesays.com\/fr\/wp-json\/wp\/v2\/media?parent=68329"}],"wp:term":[{"taxonomy":"category","embeddable":true,"href":"https:\/\/www.europesays.com\/fr\/wp-json\/wp\/v2\/categories?post=68329"},{"taxonomy":"post_tag","embeddable":true,"href":"https:\/\/www.europesays.com\/fr\/wp-json\/wp\/v2\/tags?post=68329"}],"curies":[{"name":"wp","href":"https:\/\/api.w.org\/{rel}","templated":true}]}}