{"id":683334,"date":"2026-01-23T08:47:10","date_gmt":"2026-01-23T08:47:10","guid":{"rendered":"https:\/\/www.europesays.com\/fr\/683334\/"},"modified":"2026-01-23T08:47:10","modified_gmt":"2026-01-23T08:47:10","slug":"la-premiere-reunion-trilaterale-de-la-russie-des-etats-unis-et-de-lukraine-a-abou-dhabi-cet-apres-midi-se-concentrera-sur-les-questions-de-securite","status":"publish","type":"post","link":"https:\/\/www.europesays.com\/fr\/683334\/","title":{"rendered":"La premi\u00e8re r\u00e9union trilat\u00e9rale de la Russie, des \u00c9tats-Unis et de l&rsquo;Ukraine \u00e0 Abou Dhabi cet apr\u00e8s-midi se concentrera sur les questions de s\u00e9curit\u00e9"},"content":{"rendered":"<p>JAKARTA &#8211; L\u2019aide du Kremlin, Yuri Ushakov, a indique\u0301 que les negociateurs russes, ukrainiens et am\u00e9ricains se concentre\u0301raient sur la question de la securite\u0301 lors de la premie\u0300re rencontre trilatere\u0301ale a\u0300 Abu Dhabi, dans les E\u0301mirats arabes unis (E\u0301AU), vendredi soir.<\/p>\n<p>Parlant a\u0300 un congres de presse a\u0300 Moscou apre\u0300s environ quatre heures de discussions russo-am\u0301ricaines, Ushakov a de\u0301clare\u0301 que cette de\u0301cision e\u0301tait e\u0301mise au cours d\u2019une rencontre entre le pre\u0301sident russe Vladimir Poutine et une dele\u0301gation am\u0301ricaine, qui comprenait les envoyants spe\u0301ciaux Steve Witkoff et Jared Kushner, ainsi que le commissaire aux acquisitions de services du gouvernement federal Josh Gruenbaum.<\/p>\n<p>Du c\u00f4t\u00e9 russe, la d\u00e9l\u00e9gation \u00e0 cette rencontre comprenait l&rsquo;ougan pr\u00e9sident Kirill Dmitriev ainsi que Yuri Ushakov lui-m\u00eame.<\/p>\n<p>\u00ab Il a e\u0301te\u0301 convenu que ce jour, vendredi 23 janvier, la premie\u0300re re\u0301union du groupe de travail tripartite sur les questions de securite\u0301 aura lieu a\u0300 Abou Dhabi. Le groupe de travail tripartite est compose\u0301 de repre\u0301sentants de la Russie, des E\u0301tats-Unis et de l\u2019Ukraine \u00bb, a de\u0301clare\u0301 Ushakov, rapporte\u0301 par Anadolu (23\/1).<\/p>\n<p>Ushakov a dit que la d\u00e9l\u00e9gation russe pour les pourparlers aux E\u0301mirats arabes unis avait e\u0301te\u0301 mise en place, avait re\u0301ception des instructions du pre\u0301sident et partirait prochainement pour le pays arabe.<\/p>\n<p>Le chef du directeur g\u00e9n\u00e9ral du personnel g\u00e9n\u00e9ral des forces arm\u00e9es russes, l&rsquo;amiral Igor Kostyukov, dirigera la partie russe lors de la r\u00e9union \u00e0 Abou Dhabi.<\/p>\n<p>En outre, une rencontre bilat\u00e9rale distincte sur les questions \u00e9conomiques entre Dmitriev et Witkoff est pr\u00e9vue \u00e0 Abu Dhabi.<\/p>\n<p>Ushakov a salu\u00e9 le r\u00f4le des \u00c9tats-Unis dans l&rsquo;organisation de la rencontre, notant que Washington \u00ab a fait beaucoup de choses \u00bb pour la pr\u00e9parer et esp\u00e8re qu&rsquo;elle sera couronn\u00e9e de succ\u00e8s. Il a dit que les repr\u00e9sentants am\u00e9ricains avaient \u00e9labor\u00e9 un plan qui pourrait \u00eatre mis en \u0153uvre apr\u00e8s la fin du conflit ukrainien.<\/p>\n<p>\u00ab Il faut admettre que les \u00c9tats-Unis ont fait beaucoup pour pr\u00e9parer cette rencontre, et ils esp\u00e8rent que cette rencontre sera fructueuse et ouvrira la voie \u00e0 des progr\u00e8s sur toute une s\u00e9rie de questions li\u00e9es \u00e0 la fin du conflit et \u00e0 l\u2019accord sur un r\u00e8glement pacifique \u00bb, a-t-il dit.<\/p>\n<p>Auparavant, le pr\u00e9sident ukrainien Volodymyr Zelensky a annonc\u00e9 jeudi que la premi\u00e8re r\u00e9union trilat\u00e9rale aurait lieu les 23 et 24 janvier.<\/p>\n<p>Il n\u2019a donn\u00e9 aucun autre d\u00e9tail, sauf la composition de la d\u00e9l\u00e9gation ukrainienne, qui comprendrait le chef de l\u2019administration pr\u00e9sidentielle Kyrylo Budanov et son premier adjoint Sergiy Kyslytsya, le secr\u00e9taire du Conseil de s\u00e9curit\u00e9 et de la d\u00e9fense nationale ukrainien Rustem Umerov, le d\u00e9put\u00e9 David Arahammia et le chef d\u2019\u00e9tat-major g\u00e9n\u00e9ral Andriy Hnatov.<\/p>\n<p>En ce qui concerne les discussions au Kremlin, Ushakov a dit qu&rsquo;elles \u00e9taient ax\u00e9es sur l&rsquo;\u00e9coute des r\u00e9sultats des contacts r\u00e9cents des \u00c9tats-Unis avec des responsables ukrainiens et europ\u00e9ens.<\/p>\n<p>\u00ab La rencontre entre le pr\u00e9sident russe et les repr\u00e9sentants am\u00e9ricains a principalement port\u00e9 sur l\u2019obtention d\u2019informations sur les r\u00e9sultats des contacts am\u00e9ricains avec l\u2019Ukraine et les partenaires europ\u00e9ens et sur la d\u00e9termination conjointe des param\u00e8tres des mesures futures \u00bb, a-t-il expliqu\u00e9.<\/p>\n<p>Le d\u00e9l\u00e9gu\u00e9 am\u00e9ricain a transmis directement \u00e0 Poutine son \u00e9valuation de la rencontre entre le pr\u00e9sident am\u00e9ricain Donald Trump et Zelenskyy \u00e0 Davos, en Suisse.<\/p>\n<p>\u00ab Les parties en dialogue, comme vous le savez, sont arriv\u00e9es de Davos, o\u00f9 elles ont particip\u00e9 \u00e0 une s\u00e9rie d\u2019\u00e9v\u00e9nements avec leur pr\u00e9sident, Donald Trump, juste avant leur d\u00e9part pour Moscou, y compris ceux li\u00e9s \u00e0 la r\u00e9solution du probl\u00e8me ukrainien \u00bb, a d\u00e9clar\u00e9 Ushakov.<\/p>\n<p>Il a ajout\u00e9 que la Russie avait affirm\u00e9 qu&rsquo;il \u00e9tait \u00ab impossible d&rsquo;esp\u00e9rer une solution \u00e0 long terme en Ukraine sans r\u00e9gler la question territoriale \u00bb.<\/p>\n<p>Les deux parties sont convenues de maintenir des contacts \u00e9troits sur la question de l&rsquo;Ukraine et d&rsquo;autres questions \u00e0 l&rsquo;avenir.<\/p>\n<p>The English, Chinese, Japanese, Arabic, and French versions are automatically generated by the AI. So there may still be inaccuracies in translating, please always see Indonesian as our main language.<br \/>\n                                    (system supported by DigitalSiber.id)<\/p>\n","protected":false},"excerpt":{"rendered":"JAKARTA &#8211; L\u2019aide du Kremlin, Yuri Ushakov, a indique\u0301 que les negociateurs russes, ukrainiens et am\u00e9ricains se concentre\u0301raient&hellip;\n","protected":false},"author":2,"featured_media":683335,"comment_status":"","ping_status":"","sticky":false,"template":"","format":"standard","meta":{"footnotes":""},"categories":[1591],"tags":[78021,11,73,1887,77274,14,78048,12,78049,8013,1885,1886,132,220,78050,78051],"class_list":{"0":"post-683334","1":"post","2":"type-post","3":"status-publish","4":"format-standard","5":"has-post-thumbnail","7":"category-russie","8":"tag-abou-dhabi","9":"tag-actualites","10":"tag-etats-unis","11":"tag-federation-de-russie","12":"tag-guerre-russo-ukrainienne","13":"tag-international","14":"tag-negociations-russo-ukraines","15":"tag-news","16":"tag-reunion-trilaterale-de-lue","17":"tag-russe","18":"tag-russia","19":"tag-russian-federation","20":"tag-russie","21":"tag-ukraine","22":"tag-union-des-emirats-arabes-unis","23":"tag-yuri-ushakov"},"share_on_mastodon":{"url":"https:\/\/pubeurope.com\/@fr\/115943548233734755","error":""},"_links":{"self":[{"href":"https:\/\/www.europesays.com\/fr\/wp-json\/wp\/v2\/posts\/683334","targetHints":{"allow":["GET"]}}],"collection":[{"href":"https:\/\/www.europesays.com\/fr\/wp-json\/wp\/v2\/posts"}],"about":[{"href":"https:\/\/www.europesays.com\/fr\/wp-json\/wp\/v2\/types\/post"}],"author":[{"embeddable":true,"href":"https:\/\/www.europesays.com\/fr\/wp-json\/wp\/v2\/users\/2"}],"replies":[{"embeddable":true,"href":"https:\/\/www.europesays.com\/fr\/wp-json\/wp\/v2\/comments?post=683334"}],"version-history":[{"count":0,"href":"https:\/\/www.europesays.com\/fr\/wp-json\/wp\/v2\/posts\/683334\/revisions"}],"wp:featuredmedia":[{"embeddable":true,"href":"https:\/\/www.europesays.com\/fr\/wp-json\/wp\/v2\/media\/683335"}],"wp:attachment":[{"href":"https:\/\/www.europesays.com\/fr\/wp-json\/wp\/v2\/media?parent=683334"}],"wp:term":[{"taxonomy":"category","embeddable":true,"href":"https:\/\/www.europesays.com\/fr\/wp-json\/wp\/v2\/categories?post=683334"},{"taxonomy":"post_tag","embeddable":true,"href":"https:\/\/www.europesays.com\/fr\/wp-json\/wp\/v2\/tags?post=683334"}],"curies":[{"name":"wp","href":"https:\/\/api.w.org\/{rel}","templated":true}]}}