{"id":683336,"date":"2026-01-23T08:48:12","date_gmt":"2026-01-23T08:48:12","guid":{"rendered":"https:\/\/www.europesays.com\/fr\/683336\/"},"modified":"2026-01-23T08:48:12","modified_gmt":"2026-01-23T08:48:12","slug":"le-materiel-dun-salon-de-coiffure-contraint-de-fermer-a-chateau-arnoux-saint-auban-envoye-en-ukraine","status":"publish","type":"post","link":"https:\/\/www.europesays.com\/fr\/683336\/","title":{"rendered":"Le mat\u00e9riel d&rsquo;un salon de coiffure contraint de fermer \u00e0\u00a0Ch\u00e2teau-Arnoux-Saint-Auban envoy\u00e9 en Ukraine"},"content":{"rendered":"<p>Apr\u00e8s quarante cinq ans d&rsquo;activit\u00e9 au service de sa nombreuse client\u00e8le, <a href=\"https:\/\/www.laprovence.com\/article\/region\/57107358635341\/chateau-arnoux-si-la-situation-continue-certains-commercants-pourraient-mettre-la-cle-sous-la-porte\" target=\"_blank\" rel=\"noopener\">Marie-Jos\u00e9e Chaillan<\/a> a \u00e9t\u00e9 contrainte, faute de repreneur, de fermer son salon \u00e0 <a href=\"https:\/\/www.laprovence.com\/alpes-de-haute-provence\/chateau-arnoux-saint-auban-04049\" target=\"_blank\" rel=\"noopener\">Ch\u00e2teau-Arnoux-Saint-Auban<\/a> (Alpes-de-Haute-Provence).\u00a0\u00ab\u00a0J&rsquo;y croyais, une personne s&rsquo;\u00e9tait manifest\u00e9e pour reprendre le salon mais elle n&rsquo;a pas \u00e9t\u00e9 suivie par les banques\u00a0\u00bb, regrette-t-elle Marie-Jos\u00e9e.<\/p>\n<p>Une association apporte de l&rsquo;aide en Ukraine<\/p>\n<p>Elle a donc pris la d\u00e9cision de donner son mat\u00e9riel (fauteuils, bacs, coiffeuses, s\u00e9choirs, mobilier et produits). Pour cela, Marie-Jos\u00e9e Chaillan a contact\u00e9 l&rsquo;association Solidarit\u00e9 Ukraine Auriol Pays d&rsquo;Aubagne et de l&rsquo;\u00c9toile association du secteur Est de Marseille qui, depuis quatre ans, apporte de l&rsquo;aide aux sinistr\u00e9s en Ukraine.<\/p>\n<p>Cette association organise des collectes de m\u00e9dicaments, produits d&rsquo;hygi\u00e8ne et de soins. Derni\u00e8rement, elle a \u00e9quip\u00e9 un ancien camion de pompiers pour en faire un <a href=\"https:\/\/www.laprovence.com\/article\/societe\/48129089895916\/un-collectif-transforme-un-camion-de-pompiers-en-cabinet-dentaire-mobile-pour-venir-en-aide-aux-ukrainiens\" target=\"_blank\" rel=\"noopener\">cabinet dentaire mobile<\/a>, d\u00e9j\u00e0 utilis\u00e9 par une association ukrainienne de dentistes qui prodigue des soins gratuits dans les villages.<\/p>\n<p>Des propri\u00e9taires de salons de coiffures, rapatri\u00e9s sur Karkiv, leurs villages ayant \u00e9t\u00e9 ras\u00e9s par les bombardements, se sont regroup\u00e9s dans une commune au nord de celle-ci et, gr\u00e2ce \u00e0 la g\u00e9n\u00e9rosit\u00e9 de Marie-Jos\u00e9 notamment, vont pouvoir donner un peu de r\u00e9confort aux femmes qui font le relais avec l&rsquo;association.<\/p>\n<p>Ce mat\u00e9riel sera transf\u00e9r\u00e9 de <a href=\"https:\/\/www.laprovence.com\/bouches-du-rhone\/marseille-13055\" target=\"_blank\" rel=\"noopener\">Marseille<\/a> pour un d\u00e9part fin janvier ou d\u00e9but f\u00e9vrier.<\/p>\n","protected":false},"excerpt":{"rendered":"Apr\u00e8s quarante cinq ans d&rsquo;activit\u00e9 au service de sa nombreuse client\u00e8le, Marie-Jos\u00e9e Chaillan a \u00e9t\u00e9 contrainte, faute de&hellip;\n","protected":false},"author":2,"featured_media":683337,"comment_status":"","ping_status":"","sticky":false,"template":"","format":"standard","meta":{"footnotes":""},"categories":[1590],"tags":[5734,78052,11,6729,29177,2837,1777,674,6614,29592,12,6290,104,220],"class_list":{"0":"post-683336","1":"post","2":"type-post","3":"status-publish","4":"format-standard","5":"has-post-thumbnail","7":"category-ukraine","8":"tag-5734","9":"tag-a-chateau-arnoux-saint-auban","10":"tag-actualites","11":"tag-coiffure","12":"tag-contraint","13":"tag-dun","14":"tag-eu","15":"tag-europe","16":"tag-fermer","17":"tag-materiel","18":"tag-news","19":"tag-salon","20":"tag-societe","21":"tag-ukraine"},"share_on_mastodon":{"url":"https:\/\/pubeurope.com\/@fr\/115943552084295571","error":""},"_links":{"self":[{"href":"https:\/\/www.europesays.com\/fr\/wp-json\/wp\/v2\/posts\/683336","targetHints":{"allow":["GET"]}}],"collection":[{"href":"https:\/\/www.europesays.com\/fr\/wp-json\/wp\/v2\/posts"}],"about":[{"href":"https:\/\/www.europesays.com\/fr\/wp-json\/wp\/v2\/types\/post"}],"author":[{"embeddable":true,"href":"https:\/\/www.europesays.com\/fr\/wp-json\/wp\/v2\/users\/2"}],"replies":[{"embeddable":true,"href":"https:\/\/www.europesays.com\/fr\/wp-json\/wp\/v2\/comments?post=683336"}],"version-history":[{"count":0,"href":"https:\/\/www.europesays.com\/fr\/wp-json\/wp\/v2\/posts\/683336\/revisions"}],"wp:featuredmedia":[{"embeddable":true,"href":"https:\/\/www.europesays.com\/fr\/wp-json\/wp\/v2\/media\/683337"}],"wp:attachment":[{"href":"https:\/\/www.europesays.com\/fr\/wp-json\/wp\/v2\/media?parent=683336"}],"wp:term":[{"taxonomy":"category","embeddable":true,"href":"https:\/\/www.europesays.com\/fr\/wp-json\/wp\/v2\/categories?post=683336"},{"taxonomy":"post_tag","embeddable":true,"href":"https:\/\/www.europesays.com\/fr\/wp-json\/wp\/v2\/tags?post=683336"}],"curies":[{"name":"wp","href":"https:\/\/api.w.org\/{rel}","templated":true}]}}