{"id":683342,"date":"2026-01-23T08:51:12","date_gmt":"2026-01-23T08:51:12","guid":{"rendered":"https:\/\/www.europesays.com\/fr\/683342\/"},"modified":"2026-01-23T08:51:12","modified_gmt":"2026-01-23T08:51:12","slug":"le-ministre-italien-des-affaires-etrangeres-tajani-litalie-et-lallemagne-saccordent-pour-dire-que-la-chine-ne-peut-pas-decider-seule-du-prix-des-matieres-premieres","status":"publish","type":"post","link":"https:\/\/www.europesays.com\/fr\/683342\/","title":{"rendered":"Le ministre italien des Affaires \u00e9trang\u00e8res Tajani : L&rsquo;Italie et l&rsquo;Allemagne s&rsquo;accordent pour dire que la Chine ne peut pas d\u00e9cider seule du prix des mati\u00e8res premi\u00e8res"},"content":{"rendered":"<p class=\"txt-s3 my-0\"><b>Tout est sous contr\u00f4le*<\/b><\/p>\n<p class=\" mt-10 mb-0 txt-overflow-4\">\n                            L&rsquo;ascenseur \u00e9motionnel g\u00e9opolitique a domin\u00e9 les d\u00e9bats cette semaine en bourse, en occultant les premi\u00e8res publications de r\u00e9sultats. Lesquelles ont \u00e9t\u00e9 plut\u00f4t mal accueillies, \u00e0 l&rsquo;image de certaines banques, de Netflix, d&rsquo;Intel ou d&rsquo;Abbott. Le rythme des publications va acc\u00e9l\u00e9rer la semaine prochaine, qui h\u00e9bergera aussi une d\u00e9cision de la Fed sur ses taux. Reste \u00e0 savoir si le weekend, propice aux Trumperies, apportera du r\u00e9pit aux investisseurs.\n                    <\/p>\n","protected":false},"excerpt":{"rendered":"Tout est sous contr\u00f4le* L&rsquo;ascenseur \u00e9motionnel g\u00e9opolitique a domin\u00e9 les d\u00e9bats cette semaine en bourse, en occultant les&hellip;\n","protected":false},"author":2,"featured_media":48534,"comment_status":"","ping_status":"","sticky":false,"template":"","format":"standard","meta":{"footnotes":""},"categories":[1587],"tags":[11,672,340,1804,1805,1803,1777,674,1801,12,1802],"class_list":{"0":"post-683342","1":"post","2":"type-post","3":"status-publish","4":"format-standard","5":"has-post-thumbnail","7":"category-allemagne","8":"tag-actualites","9":"tag-allemagne","10":"tag-bourse","11":"tag-bundesrepublik-deutschland","12":"tag-de","13":"tag-deutschland","14":"tag-eu","15":"tag-europe","16":"tag-germany","17":"tag-news","18":"tag-republique-federale-dallemagne"},"share_on_mastodon":{"url":"https:\/\/pubeurope.com\/@fr\/115943563909326002","error":""},"_links":{"self":[{"href":"https:\/\/www.europesays.com\/fr\/wp-json\/wp\/v2\/posts\/683342","targetHints":{"allow":["GET"]}}],"collection":[{"href":"https:\/\/www.europesays.com\/fr\/wp-json\/wp\/v2\/posts"}],"about":[{"href":"https:\/\/www.europesays.com\/fr\/wp-json\/wp\/v2\/types\/post"}],"author":[{"embeddable":true,"href":"https:\/\/www.europesays.com\/fr\/wp-json\/wp\/v2\/users\/2"}],"replies":[{"embeddable":true,"href":"https:\/\/www.europesays.com\/fr\/wp-json\/wp\/v2\/comments?post=683342"}],"version-history":[{"count":0,"href":"https:\/\/www.europesays.com\/fr\/wp-json\/wp\/v2\/posts\/683342\/revisions"}],"wp:featuredmedia":[{"embeddable":true,"href":"https:\/\/www.europesays.com\/fr\/wp-json\/wp\/v2\/media\/48534"}],"wp:attachment":[{"href":"https:\/\/www.europesays.com\/fr\/wp-json\/wp\/v2\/media?parent=683342"}],"wp:term":[{"taxonomy":"category","embeddable":true,"href":"https:\/\/www.europesays.com\/fr\/wp-json\/wp\/v2\/categories?post=683342"},{"taxonomy":"post_tag","embeddable":true,"href":"https:\/\/www.europesays.com\/fr\/wp-json\/wp\/v2\/tags?post=683342"}],"curies":[{"name":"wp","href":"https:\/\/api.w.org\/{rel}","templated":true}]}}