{"id":683348,"date":"2026-01-23T08:55:13","date_gmt":"2026-01-23T08:55:13","guid":{"rendered":"https:\/\/www.europesays.com\/fr\/683348\/"},"modified":"2026-01-23T08:55:13","modified_gmt":"2026-01-23T08:55:13","slug":"en-direct-budget-sebastien-lecornu-affronte-deux-motions-de-censure-ce-vendredi","status":"publish","type":"post","link":"https:\/\/www.europesays.com\/fr\/683348\/","title":{"rendered":"EN DIRECT &#8211; Budget : S\u00e9bastien Lecornu affronte deux motions de censure ce vendredi"},"content":{"rendered":"<ul class=\"jsx-862013697 ArticleChapo__List\">\n<li class=\"jsx-862013697 ArticleChapo__List_Item flex\">Le Premier ministre a annonc\u00e9 engager par un 49.3 la responsabilit\u00e9 du gouvernement sur la partie \u00ab\u00a0recettes\u00a0\u00bb du budget 2026.<\/li>\n<li class=\"jsx-862013697 ArticleChapo__List_Item flex\">En r\u00e9action, deux motions de censure ont \u00e9t\u00e9 d\u00e9pos\u00e9es, par LFI alli\u00e9e aux \u00e9cologistes et aux communistes, et le RN et son alli\u00e9 l&rsquo;UDR d&rsquo;\u00c9ric Ciotti.<\/li>\n<li class=\"jsx-862013697 ArticleChapo__List_Item flex\">Elles seront examin\u00e9es ce vendredi.<\/li>\n<\/ul>\n<p><a href=\"https:\/\/www.tf1info.fr\/actualite\/avec-l-instabilite-politique-la-france-aura-t-elle-un-budget-2026-13639\/\" rel=\"noopener\" class=\"jsx-484472199 Link jsx-1428418400 jsx-1404382745\" target=\"_blank\"><\/p>\n<p style=\"font-weight:400\" class=\"jsx-1837267516\">Suivez la couverture compl\u00e8te<\/p>\n<p style=\"font-weight:800\" class=\"jsx-1837267516\">Avec l&rsquo;instabilit\u00e9 politique, la France aura-t-elle un budget 2026 ?<\/p>\n<p><\/a>Les \u00e9l\u00e9ments marquantsDES MOTIONS VOU\u00c9ES \u00c0 L&rsquo;\u00c9CHEC ?<\/p>\n<p>Les d\u00e9put\u00e9s devraient rejeter les deux motions de censure d\u00e9pos\u00e9es en r\u00e9ponse au 49.3 d\u00e9clench\u00e9 par S\u00e9bastien Lecornu sur la partie \u00ab\u00a0recettes\u00a0\u00bb du budget.\u00a0Rompant la promesse qu&rsquo;il avait faite le 3 octobre de ne pas faire usage de cet article d\u00e9cri\u00e9 de la Constitution, le Premier ministre a engag\u00e9 mardi la responsabilit\u00e9 de son gouvernement pour faire passer cette premi\u00e8re partie du texte sans vote.<\/p>\n<p>La France insoumise, le groupe GDR (communistes et ultra-marins) et les \u00e9cologistes ont d\u00e9pos\u00e9 dans la foul\u00e9e une motion de censure commune, de m\u00eame que le Rassemblement national et son alli\u00e9 le groupe ciottiste UDR. Ni l&rsquo;une ni l&rsquo;autre ne devrait passer, le PS et LR ayant annonc\u00e9 ne pas les voter.<\/p>\n<p>06:27Minute par minute\u00a0\u00bbLE MOMENT DE V\u00c9RIT\u00c9 COMMENCE MAINTENANT\u00a0\u00bb<\/p>\n<p>\u00ab\u00a0On attend le r\u00e9sultat avec s\u00e9rieux et humilit\u00e9. \u00c7a fait de longs mois qu&rsquo;on travaille pour essayer de trouver un consensus, un compromis, pour apporter un peu de stabilit\u00e9\u00a0\u00bb, dit sur LCI le ministre charg\u00e9 des Relations avec le Parlement, Laurent Panifous. \u00ab\u00a0Le moment de v\u00e9rit\u00e9 commence maintenant.\u00a0\u00bb<\/p>\n<p>09:50<\/p>\n<blockquote data-testid=\"EmbedTwitter\" id=\"tweet-2014609099971776942-:R3j19lklcmj9v79m:\" class=\"jsx-aeff1a1c40f54d7a twitter-tweet flex justify-center items-center\"><p>Le RN et LFI d\u00e9posent deux motions de censure \ud83d\udde3\ufe0f \u00ab Nous attendons le r\u00e9sultat de ce vote avec s\u00e9rieux et humilit\u00e9. Le moment de v\u00e9rit\u00e9 commence maintenant \u00bb, d\u00e9clare le ministre des relations avec le Parlement  @LPanifous pic.twitter.com\/3xIBqdT6ic \u2014 LCI (@LCI)  January 23, 2026<\/p><\/blockquote>\n<p>\u00ab\u00a0LA CENSURE N&rsquo;EST NI UNE ROUTINE NI UN JEU\u00a0\u00bb<\/p>\n<p>\u00ab\u00a0La censure n&rsquo;est ni une routine ni un jeu\u00a0\u00bb, fait savoir Laurent Baumel, en sa qualit\u00e9 d&rsquo;orateur pour le Parti socialiste. \u00ab\u00a0Un gouvernement qui tombe, c&rsquo;est une crise politique. Cette crise est \u00e9videmment redoubl\u00e9e si \u00e0 l&rsquo;absence de gouvernement s&rsquo;ajoute l&rsquo;absence de budget. Personne ne peut croire qu&rsquo;on peut vivre une ann\u00e9e enti\u00e8re sous l&#8217;empire d&rsquo;une loi sp\u00e9ciale.\u00a0\u00bb Selon le d\u00e9put\u00e9 socialiste d&rsquo;Indre-et-Loire, \u00ab\u00a0pour priver la France de gouvernement et de budget, il faut des raisons s\u00e9rieuses.\u00a0\u00bb<\/p>\n<p>09:49&Prime;LE POUVOIR N&rsquo;A PAS \u00c9T\u00c9 CONFISQU\u00c9\u00a0\u00bb POUR LECORNU<\/p>\n<p>\u00ab\u00a0Le pouvoir n&rsquo;a pas \u00e9t\u00e9 confisqu\u00e9\u00a0\u00bb; il est \u00ab\u00a0toujours pleinement entre les mains des d\u00e9put\u00e9s\u00a0\u00bb, estime, selon son entourage, S\u00e9bastien Lecornu, qui va s&rsquo;exprimer avant le vote de deux motions de censure. \u00ab\u00a0Les motions de censure sont, \u00e0 ses yeux, un moment de clart\u00e9 d\u00e9mocratique, o\u00f9 chacun doit dire s&rsquo;il veut que le pays avance ou seulement emp\u00eacher\u00a0\u00bb, rapporte-t-il dans un message \u00e0 la presse.<\/p>\n<p>09:46&Prime;LE 49.3, UN ABUS DE CONSTITUTION\u00a0\u00bb<\/p>\n<p>\u00ab\u00a0Vous commettez un abus de constitution\u00a0\u00bb, raille Marine Le Pen au sujet du recours au 49.3 par S\u00e9bastien Lecornu pour la partie \u00ab\u00a0recettes\u00a0\u00bb du budget de l&rsquo;\u00c9tat. \u00ab\u00a0Le 49.3 n&rsquo;est pas l\u00e0 pour r\u00e9pondre \u00e0 une absence durable de majorit\u00e9. Le passage en force est une marque de fabrique sous Emmanuel Macron.\u00a0\u00bb\u00a0<\/p>\n<p>Selon elle, \u00ab\u00a0les mois qui arriveront sur une descente aux enfers politiques\u00a0\u00bb pour le Premier ministre. La cheffe de file des d\u00e9put\u00e9s RN d\u00e9nonce \u00ab\u00a0la trahison du pacte solennelle que vous aviez conclu\u00a0\u00bb en activant le 49.3 qu&rsquo;il s&rsquo;\u00e9tait engag\u00e9 \u00e0 ne pas utiliser. \u00ab\u00a0Vous donnez le spectacle de ce que la politique produit de pire : l&rsquo;insinc\u00e9rit\u00e9, le calcul, la man\u0153uvre et finalement le reniement\u00a0\u00bb, r\u00e9sume Marine Le Pen.<\/p>\n<p>09:28&Prime;VOTRE PROJET EST UN TCHERNOBYL BUDG\u00c9TAIRE\u00a0\u00bb<\/p>\n<p>Marine Le Pen monte \u00e0 son tour \u00e0 la tribune. \u00ab\u00a0Votre projet est un Tchernobyl budg\u00e9taire, une chape de b\u00e9ton sous laquelle vous avez tent\u00e9 de cacher des \u00e9l\u00e9ments hautement radioactifs\u00a0\u00bb, ose la cheffe des d\u00e9put\u00e9s RN. \u00ab\u00a0Nous voil\u00e0 arriv\u00e9s au bout de cette parodie humiliante. Nous assistons \u00e0 la chute de S\u00e9bastien Lecornu, mais aussi \u00e0 celle de la France. (&#8230;) Tout aurait d\u00fb vous pousser \u00e0 d\u00e9mission, \u00e0 commencer par l&rsquo;honneur. Vous avez \u00e9chou\u00e9 politiquement\u00a0\u00bb, raille la triple candidate \u00e0 l&rsquo;\u00c9lys\u00e9e.<\/p>\n<p>09:26<\/p>\n<blockquote data-testid=\"EmbedTwitter\" id=\"tweet-2014618448228135414-:R3j59lklcmj9v79m:\" class=\"jsx-aeff1a1c40f54d7a twitter-tweet flex justify-center items-center\"><p>\ud83d\udd34 Budget : \u00ab Votre projet, je n\u2019ose pas appeler \u00e7a un budget mais un Tchernobyl budg\u00e9taire \u00bb, lance  @MLP_officiel \u00e0 S\u00e9bastien Lecornu  pic.twitter.com\/YUsAONX28R \u2014 LCI (@LCI)  January 23, 2026<\/p><\/blockquote>\n<p>L&rsquo;USAGE DU 49.3, \u00ab\u00a0UNE INSULTE SUR UN TON TRUMPISTE\u00a0\u00bb<\/p>\n<p>\u00c9ric Coquerel d\u00e9nonce l&rsquo;usage abusif du 49.3 par le gouvernement, article que S\u00e9bastien Lecornu s&rsquo;\u00e9tait pourtant engag\u00e9 \u00e0 ne pas utiliser. \u00ab\u00a0C&rsquo;est l\u00e0 une escroquerie que vous rendez in\u00e9l\u00e9gante en insultant sur un ton trumpiste les oppositions qui entendent utiliser encore leur droit d&rsquo;opposant\u00a0\u00bb, tacle-t-il.<\/p>\n<p>09:22&Prime;TOUT DANS CE BUDGET EST UNE ESCROQUERIE\u00a0\u00bb<\/p>\n<p>La session d&rsquo;examen des motions de censure s&rsquo;ouvre \u00e0 l&rsquo;Assembl\u00e9e nationale. \u00c9ric Coquerel, le pr\u00e9sident LFI de la Commission des finances, est le premier orateur \u00e0 s&rsquo;exprimer. \u00ab\u00a0Nous sommes \u00e0 un moment de v\u00e9rit\u00e9, tout dans ce budget est escroquerie\u00a0\u00bb, lance le d\u00e9put\u00e9 insoumis, accusant Emmanuel Macron \u00ab\u00a0d&rsquo;\u00eatre responsable de la situation\u00a0\u00bb dans laquelle se trouve actuellement le pays. \u00ab\u00a0La France est championne d&rsquo;Europe de l&rsquo;augmentation de la pauvret\u00e9. Votre budget ne va rien n&rsquo;arranger, il nous place dans l&rsquo;incapacit\u00e9 de r\u00e9pondre aux exigences de l&rsquo;\u00e9poque\u00a0\u00bb, attaque-t-il \u00e0 la tribune.<\/p>\n<p>09:20<\/p>\n<blockquote data-testid=\"EmbedTwitter\" id=\"tweet-2014615940030153079-:R3j79lklcmj9v79m:\" class=\"jsx-aeff1a1c40f54d7a twitter-tweet flex justify-center items-center\"><p>\ud83d\udd34 Budget : \u00ab Tout dans ce budget est une escroquerie, honte \u00e0 ceux qui l\u2019ont voulu et con\u00e7u ainsi \u00bb, d\u00e9nonce  @ericcoquerel pic.twitter.com\/YWfvEFMryc \u2014 LCI (@LCI)  January 23, 2026<\/p><\/blockquote>\n<p>\u00ab\u00a0CE BUDGET EST UNE CATASTROPHE\u00a0\u00bb POUR COQUEREL<\/p>\n<p>\u00ab\u00a0La ligne d&rsquo;arriv\u00e9e n&rsquo;est pas encore franchie\u00a0\u00bb, juge vendredi sur TF1 \u00c9ric Coquerel, le pr\u00e9sident LFI de la Commission des finances, qui ne pense toutefois pas le gouvernement va tomber. \u00ab\u00a0Je crains que non, mais tant que le vote n&rsquo;est pas fait, je vais utiliser ce temps pour en appeler aux socialistes. Ce budget est une catastrophe, c&rsquo;est un budget d&rsquo;aust\u00e9rit\u00e9. (&#8230;) Vous avez tr\u00e8s peu d&rsquo;imp\u00f4ts sur les hautes fortunes. Tous les Fran\u00e7ais vont payer les coupes budg\u00e9taires et les cadeaux fiscaux de ces gens-l\u00e0.\u00a0\u00bb\u00a0<\/p>\n<p>07:41<\/p>\n<blockquote data-testid=\"EmbedTwitter\" id=\"tweet-2014589507773804902-:R3j89lklcmj9v79m:\" class=\"jsx-aeff1a1c40f54d7a twitter-tweet flex justify-center items-center\"><p>\ud83d\udd34 Budget : le gouvernement va-t-il tomber aujourd&rsquo;hui ? \ud83d\udde3\ufe0f \u00ab\u00a0Je crains que non\u00a0\u00bb, d\u00e9clare  @ericcoquerel . \u00ab\u00a0Tant que le vote n&rsquo;est pas fait, je vais utiliser ce temps pour en appeler aux socialistes car ce budget est une catastrophe\u00a0\u00bb  pic.twitter.com\/IQevQnp0jV \u2014 TF1Info (@TF1Info)  January 23, 2026<\/p><\/blockquote>\n<p>UN NOUVEAU 49.3 VA \u00caTRE D\u00c9CLENCH\u00c9<\/p>\n<p>Une fois les deux motions de censure rejet\u00e9es sur la partie \u00ab\u00a0recettes\u00a0\u00bb, le gouvernement Lecornu va engager dans la foul\u00e9e sa responsabilit\u00e9 sur la partie \u00ab\u00a0d\u00e9penses\u00a0\u00bb. L\u00e0 aussi, de nouvelles motions devraient \u00eatre d\u00e9pos\u00e9es puis rejet\u00e9es la semaine prochaine. Apr\u00e8s un bref passage au S\u00e9nat, le PLF devrait revenir \u00e0 l&rsquo;Assembl\u00e9e pour un troisi\u00e8me et dernier 49.3, et d&rsquo;ultimes motions de censure.<\/p>\n<p>07:03UN BUDGET QUI \u00ab\u00a0CONTINUE DE CREUSER LE D\u00c9FICIT\u00a0\u00bb<\/p>\n<p>Le RN et l&rsquo;UDR d\u00e9noncent, eux aussi, dans leur motion le \u00ab\u00a0reniement de la parole\u00a0\u00bb de S\u00e9bastien Lecornu. Sur le fond, ils fustigent un budget qui \u00ab\u00a0ne r\u00e9pond pas \u00e0 la crise du pouvoir d&rsquo;achat\u00a0\u00bb, \u00ab\u00a0n&rsquo;offre aucune mesure de justice fiscale\u00a0\u00bb ni \u00ab\u00a0aucune \u00e9conomie structurelle\u00a0\u00bb, et \u00ab\u00a0continue de creuser le d\u00e9ficit\u00a0\u00bb.<\/p>\n<p>07:01LECORNU ACCUS\u00c9 DE \u00ab\u00a0RENIER SA PROPRE PAROLE\u00a0\u00bb<\/p>\n<p>La gauche &#8211; hors PS &#8211; accuse S\u00e9bastien Lecornu de \u00ab\u00a0renie(r) sa propre parole\u00a0\u00bb et de mettre en \u0153uvre des \u00ab\u00a0coupes budg\u00e9taires d&rsquo;un niveau in\u00e9gal\u00e9\u00a0\u00bb pour atteindre les 5% de d\u00e9ficit qu&rsquo;il s&rsquo;est fix\u00e9s.\u00a0\u00ab\u00a0\u00c0 l&rsquo;inverse, les mesures de ce budget pr\u00e9sent\u00e9es comme des compromis ne sont que de la poudre aux yeux\u00a0\u00bb, fustige-t-elle dans sa motion de censure, citant la surtaxe de l&rsquo;imp\u00f4t sur les soci\u00e9t\u00e9s (qui rapportera 7,3 milliards d&rsquo;euros contre 4 pr\u00e9vus dans le projet de loi initial), ou la taxe holding, devenue \u00ab\u00a0hom\u00e9opathique\u00a0\u00bb apr\u00e8s son passage au S\u00e9nat. Quant \u00e0 la prime d&rsquo;activit\u00e9 dont se f\u00e9licitent les socialistes, elle revient \u00e0 \u00ab\u00a0faire payer par l&rsquo;Etat le compl\u00e9ment de revenu que les grandes entreprises refusent de verser \u00e0 leurs salari\u00e9s\u00a0\u00bb.<\/p>\n<p>06:56DES MOTIONS VOU\u00c9ES \u00c0 L&rsquo;\u00c9CHEC ?<\/p>\n<p>Les d\u00e9put\u00e9s devraient rejeter les deux motions de censure d\u00e9pos\u00e9es en r\u00e9ponse au 49.3 d\u00e9clench\u00e9 par S\u00e9bastien Lecornu sur la partie \u00ab\u00a0recettes\u00a0\u00bb du budget.\u00a0Rompant la promesse qu&rsquo;il avait faite le 3 octobre de ne pas faire usage de cet article d\u00e9cri\u00e9 de la Constitution, le Premier ministre a engag\u00e9 mardi la responsabilit\u00e9 de son gouvernement pour faire passer cette premi\u00e8re partie du texte sans vote.<\/p>\n<p>La France insoumise, le groupe GDR (communistes et ultra-marins) et les \u00e9cologistes ont d\u00e9pos\u00e9 dans la foul\u00e9e une motion de censure commune, de m\u00eame que le Rassemblement national et son alli\u00e9 le groupe ciottiste UDR. Ni l&rsquo;une ni l&rsquo;autre ne devrait passer, le PS et LR ayant annonc\u00e9 ne pas les voter.<\/p>\n<p>06:27BIENVENUE<\/p>\n<p>Bonjour \u00e0 toutes et tous. Bienvenue sur TF1info pour suivre les derni\u00e8res actualit\u00e9s autour du budget de l&rsquo;\u00c9tat pour 2026, avec les deux motions de censure, d\u00e9pos\u00e9es par la gauche &#8211; hors PS &#8211; et le RN et l&rsquo;UDR, qu&rsquo;affrontent de nouveau le gouvernement Lecornu, cette fois sur la partie \u00ab\u00a0recettes\u00a0\u00bb.<\/p>\n<p>06:26<\/p>\n<p data-module=\"article-paragraph\" class=\"jsx-157965717 Paragraph Paragraph__End\">Apr\u00e8s <a href=\"https:\/\/www.tf1info.fr\/politique\/en-direct-budget-2026-49-3-de-sebastien-lecornu-motions-de-censure-rn-et-lfi-dernieres-informations-mardi-20-janvier-2026-2419639.html\" target=\"_blank\" rel=\"noopener\">l\u2019activation de l\u2019article 49.3<\/a> par S\u00e9bastien Lecornu afin de faire passer la partie \u00ab\u00a0recettes\u00a0\u00bb du budget de l\u2019\u00c9tat sans vote, le Rassemblement national et La France insoumise ont d\u00e9pos\u00e9 deux motions de censure. Les deux partis esp\u00e8rent faire chuter le gouvernement et, avec lui, le projet de loi de finances. Elles sont discut\u00e9es ce vendredi matin par les d\u00e9put\u00e9s.<\/p>\n<p data-module=\"article-paragraph\" class=\"jsx-157965717 Paragraph Paragraph__End\">S\u00e9bastien Lecornu avait engag\u00e9 mardi apr\u00e8s-midi la responsabilit\u00e9 de son gouvernement <a href=\"https:\/\/www.tf1info.fr\/politique\/en-direct-budget-2026-49-3-ordonnances-un-conseil-des-ministres-du-gouvernement-sebastien-lecornu-pour-trancher-dernieres-informations-lundi-19-janvier-2026-2419430.html\" target=\"_blank\" rel=\"noopener\">sur la partie recettes du budget de l&rsquo;\u00c9tat pour 2026<\/a>, un premier 49.3 d&rsquo;une s\u00e9rie de trois, qui devrait permettre la promulgation du texte avant la mi-f\u00e9vrier, sauf censure. \u00ab\u00a0Les choses (&#8230;) sont d\u00e9sormais bloqu\u00e9es. Le texte n&rsquo;est plus votable (&#8230;) Or, nous consid\u00e9rons que la France doit avoir un budget\u00a0\u00bb, avait d\u00e9clar\u00e9 le Premier ministre, fustigeant devant les d\u00e9put\u00e9s les \u00ab\u00a0agissements\u00a0\u00bb de diff\u00e9rents groupes \u00ab\u00a0qui devront en rendre compte devant les Fran\u00e7aises et les Fran\u00e7ais\u00a0\u00bb.<\/p>\n<p data-module=\"article-paragraph\" class=\"jsx-157965717 Paragraph Paragraph__End\">Un peu plus de trois mois apr\u00e8s y avoir renonc\u00e9, le locataire de Matignon avait officialis\u00e9 lundi le recours \u00e0 cet outil constitutionnel, qui permet au gouvernement de faire adopter un texte sans vote mais l&rsquo;expose \u00e0 une censure. Faisant part de son \u00ab\u00a0amertume\u00a0\u00bb et de ses regrets, il avait reconnu devoir, faute de majorit\u00e9, \u00ab\u00a0revenir sur (sa) parole\u00a0\u00bb, pour permettre l&rsquo;adoption d&rsquo;un budget n\u00e9cessaire tant pour renforcer le budget des arm\u00e9es que pour r\u00e9pondre \u00e0 la col\u00e8re agricole. Le pr\u00e9sident de la R\u00e9publique, Emmanuel Macron, avait salu\u00e9 devant les ministres une copie budg\u00e9taire qui \u00ab\u00a0permet de contenir le d\u00e9ficit \u00e0 5%\u00a0\u00bb du Produit int\u00e9rieur brut (PIB) et \u00ab\u00a0permet au pays d&rsquo;avancer\u00a0\u00bb.<\/p>\n<p><a href=\"https:\/\/www.tf1info.fr\/politique\/sebastien-lecornu-annonce-le-recours-au-49-3-pour-l-adoption-du-budget-et-maintenant-que-va-t-il-se-passer-2419596.html\" rel=\"noopener\" class=\"jsx-3308031228 Link flex\" target=\"_blank\"><img decoding=\"async\" src=\"https:\/\/www.europesays.com\/fr\/wp-content\/uploads\/2026\/01\/lecornu-conf-de-presse-budget-19-janvier-2026-61d034-0@1x.jpeg\" alt=\"Le Premier ministre S\u00e9bastien Lecornu lors d'une conf\u00e9rence de presse le 19 janvier 2026.\" loading=\"lazy\" importance=\"low\" fetchpriority=\"low\" class=\"\" aria-hidden=\"true\"\/><\/p>\n<p class=\"jsx-3657663356 ReadMoreArticle__Title\">Lire aussi<\/p>\n<p class=\"jsx-3657663356\">S\u00e9bastien Lecornu annonce le recours au 49.3 pour l&rsquo;adoption du budget : et maintenant, que va-t-il se passer ?<\/p>\n<p><\/a><\/p>\n<p data-module=\"article-paragraph\" class=\"jsx-157965717 Paragraph Paragraph__End\">Dans la foul\u00e9e de ce 49.3, les groupes LFI, GDR (communistes et ultra-marins) et \u00e9cologistes avaient d\u00e9pos\u00e9 une motion de censure commune, de m\u00eame que le RN avec son alli\u00e9 l&rsquo;UDR, le parti d&rsquo;\u00c9ric Ciotti. Le PS n&rsquo;en votera aucune, convaincu que le 49.3 est la \u00ab\u00a0moins mauvaise des solutions\u00a0\u00bb et qu&rsquo;il a obtenu sur le fond des victoires, ce qui devrait permettre \u00e0 S\u00e9bastien Lecornu de se maintenir \u00e0 Matignon. Apr\u00e8s une nouvelle motion de censure, le texte devrait partir au S\u00e9nat, avant de revenir \u00e0 l&rsquo;Assembl\u00e9e pour \u00eatre adopt\u00e9 d\u00e9finitivement.<\/p>\n<p>La r\u00e9daction de TF1info<\/p>\n<p><script async src=\"https:\/\/platform.twitter.com\/widgets.js\" charset=\"utf-8\"><\/script><\/p>\n","protected":false},"excerpt":{"rendered":"Le Premier ministre a annonc\u00e9 engager par un 49.3 la responsabilit\u00e9 du gouvernement sur la partie \u00ab\u00a0recettes\u00a0\u00bb du&hellip;\n","protected":false},"author":2,"featured_media":683349,"comment_status":"","ping_status":"","sticky":false,"template":"","format":"standard","meta":{"footnotes":""},"categories":[2],"tags":[1111,11,1921,416,58882,78053,78054,1073,6537,1011,27,1922,58883,2338,12,3541,1078,25,11067,133,4530],"class_list":{"0":"post-683348","1":"post","2":"type-post","3":"status-publish","4":"format-standard","5":"has-post-thumbnail","7":"category-actualites","8":"tag-actu","9":"tag-actualites","10":"tag-article-video","11":"tag-assemblee-nationale","12":"tag-avec-linstabilite-politique","13":"tag-budget-le-gouvernement-degaine-larme-du-49-3","14":"tag-budget-2026-le-gouvernement-lecornu-ii-oblige-dutiliser-le-49-3","15":"tag-emmanuel-macron","16":"tag-eric-ciotti","17":"tag-fr","18":"tag-france","19":"tag-info","20":"tag-la-france-aura-t-elle-un-budget-2026","21":"tag-la-france-insoumise","22":"tag-news","23":"tag-parti-socialiste","24":"tag-rassemblement-national","25":"tag-republique-francaise","26":"tag-sebastien-lecornu","27":"tag-video","28":"tag-video-politique"},"share_on_mastodon":{"url":"https:\/\/pubeurope.com\/@fr\/115943579626392928","error":""},"_links":{"self":[{"href":"https:\/\/www.europesays.com\/fr\/wp-json\/wp\/v2\/posts\/683348","targetHints":{"allow":["GET"]}}],"collection":[{"href":"https:\/\/www.europesays.com\/fr\/wp-json\/wp\/v2\/posts"}],"about":[{"href":"https:\/\/www.europesays.com\/fr\/wp-json\/wp\/v2\/types\/post"}],"author":[{"embeddable":true,"href":"https:\/\/www.europesays.com\/fr\/wp-json\/wp\/v2\/users\/2"}],"replies":[{"embeddable":true,"href":"https:\/\/www.europesays.com\/fr\/wp-json\/wp\/v2\/comments?post=683348"}],"version-history":[{"count":0,"href":"https:\/\/www.europesays.com\/fr\/wp-json\/wp\/v2\/posts\/683348\/revisions"}],"wp:featuredmedia":[{"embeddable":true,"href":"https:\/\/www.europesays.com\/fr\/wp-json\/wp\/v2\/media\/683349"}],"wp:attachment":[{"href":"https:\/\/www.europesays.com\/fr\/wp-json\/wp\/v2\/media?parent=683348"}],"wp:term":[{"taxonomy":"category","embeddable":true,"href":"https:\/\/www.europesays.com\/fr\/wp-json\/wp\/v2\/categories?post=683348"},{"taxonomy":"post_tag","embeddable":true,"href":"https:\/\/www.europesays.com\/fr\/wp-json\/wp\/v2\/tags?post=683348"}],"curies":[{"name":"wp","href":"https:\/\/api.w.org\/{rel}","templated":true}]}}