{"id":683367,"date":"2026-01-23T09:10:10","date_gmt":"2026-01-23T09:10:10","guid":{"rendered":"https:\/\/www.europesays.com\/fr\/683367\/"},"modified":"2026-01-23T09:10:10","modified_gmt":"2026-01-23T09:10:10","slug":"sa-maison-de-pecheurs-a-martigues","status":"publish","type":"post","link":"https:\/\/www.europesays.com\/fr\/683367\/","title":{"rendered":"sa maison \u00ab\u00a0de p\u00eacheurs\u00a0\u00bb \u00e0 Martigues"},"content":{"rendered":"<p>Le Sud n\u2019est jamais tr\u00e8s loin dans la trajectoire de Clara<br \/>\nLuciani. M\u00eame lorsqu\u2019elle partage peu de choses de sa vie priv\u00e9e,<br \/>\nses retours en Provence disent beaucoup de son attachement \u00e0 cette<br \/>\nterre fondatrice. Fin mars 2025, la chanteuse a publi\u00e9 sur<br \/>\nInstagram une image rare, prise \u00e0 Marseille, o\u00f9 elle appara\u00eet de<br \/>\ndos, son fils dans les bras, face au port. Une sc\u00e8ne simple qui<br \/>\nr\u00e9sume ce lien intime \u00e0 ses racines, loin de l\u2019agitation parisienne<br \/>\net des projecteurs.<\/p>\n<p>Les racines mart\u00e9gales de Clara Luciani<\/p>\n<p>La l\u00e9gende est sobre, fid\u00e8le \u00e0 son go\u00fbt pour la retenue. \u00ab<br \/>\n<strong>Quelques jours de retour \u00e0 Marseille<\/strong> \u00bb,<br \/>\n\u00e9crit-elle, sans en dire davantage. <a href=\"https:\/\/www.lejournaldelamaison.fr\/le-journal-de-la-maison\/reportages-maisons\/maisons-bord-de-mer\/lady-di-heureux-souvenirs-sublime-villa-cote-azur-construite-dans-annees-1860-sejournait-avec-dodi-al-fayed-dotee-piscines-520109.html\" target=\"_blank\" rel=\"noopener\"><br \/>\nCe s\u00e9jour a valeur de parenth\u00e8se<\/a> pour l\u2019artiste devenue m\u00e8re en<br \/>\n2023 avec son compagnon Alex Kapranos. Le visage de leur enfant<br \/>\nn\u2019appara\u00eet pas, le pr\u00e9nom n\u2019a jamais \u00e9t\u00e9 r\u00e9v\u00e9l\u00e9, mais la musique,<br \/>\nelle, circule d\u00e9j\u00e0. Les parents \u00e9voquent parfois sa curiosit\u00e9<br \/>\npr\u00e9coce pour les sons, h\u00e9ritage assum\u00e9 puisque son p\u00e8re est le<br \/>\n<strong>chanteur du groupe Franz Ferdinand<\/strong>.<\/p>\n<p>Si Marseille <a href=\"https:\/\/www.lejournaldelamaison.fr\/le-journal-de-la-maison\/decoration-par-style\/industriel-et-vintage\/clara-luciani-jachete-du-vintage-depuis-que-jai-11-ans-elle-devoile-sa-selection-dobjets-rares-pour-leboncoin-et-vous-allez-vouloir-tout-acheter-529296.html\" target=\"_blank\" rel=\"noopener\"><br \/>\naccueille aujourd\u2019hui Clara Luciani<\/a> le temps de quelques jours,<br \/>\nc\u2019est \u00e0 <strong>Martigues que tout commence<\/strong>. L\u2019artiste y<br \/>\nest n\u00e9e et y a pass\u00e9 ses premi\u00e8res ann\u00e9es, dans une maison de<br \/>\np\u00eacheurs typique, pos\u00e9e pr\u00e8s de l\u2019\u00e9tang de Berre. Elle en parle<br \/>\nsans fard dans les colonnes de La Marseillaise, avec une<br \/>\npr\u00e9cision presque sensorielle. \u00ab On habitait dans une<br \/>\n<strong>vieille maison de p\u00eacheurs<\/strong>. D\u00e8s qu\u00a0\u00bbil pleuvait,<br \/>\nelle \u00e9tait inond\u00e9e, c&rsquo;\u00e9tait l&rsquo;enfer. Je garde des souvenirs de mes<br \/>\nparents et moi, au bord de l&rsquo;\u00c9tang de Berre, l&rsquo;odeur des algues,<br \/>\nl&rsquo;\u00e9cole primaire, les premiers moments o\u00f9 on a commenc\u00e9 \u00e0 chanter<br \/>\navec ma s\u0153ur, les premiers spectacles au Th\u00e9\u00e2tre des Salins \u00bb.<br \/>\nLe d\u00e9cor est modeste, mais profond\u00e9ment structurant.<\/p>\n<p>La Sainte-Victoire, un rep\u00e8re fondateur dans le parcours de<br \/>\nClara Luciani<\/p>\n<p><a href=\"https:\/\/www.lejournaldelamaison.fr\/le-journal-de-la-maison\/decoration-par-style\/bord-de-mer\/plages-secretes-a-moins-de-20km-de-martigues-518287.html\" target=\"_blank\" rel=\"noopener\"><br \/>\nApr\u00e8s Martigues<\/a>, Sept\u00e8mes-les-Vallons marque un autre temps.<br \/>\nCelui de l\u2019adolescence, plus solitaire, mais aussi celui des<br \/>\npremi\u00e8res chansons. Ces allers-retours entre lieux et \u00e2ges<br \/>\nnourriront plus tard son imaginaire musical. La montagne<br \/>\nSainte-Victoire, aper\u00e7ue depuis les trajets familiaux, donnera son<br \/>\nnom \u00e0 un album devenu charni\u00e8re. \u00ab Je ne suis jamais all\u00e9e en<br \/>\nhaut de la Sainte-Victoire. Mais elle a toujours \u00e9t\u00e9 comme une<br \/>\n<strong>sorte de pr\u00e9sence bienveillante<\/strong>. [\u2026] C&rsquo;\u00e9tait un<br \/>\nrep\u00e8re et \u00e7a l&rsquo;est rest\u00e9. Comme le Sud en g\u00e9n\u00e9ral. <strong>C&rsquo;est<br \/>\nmon refuge<\/strong>, l&rsquo;endroit o\u00f9 je vais me ressourcer d\u00e8s que<br \/>\nj&rsquo;ai le temps. \u00bb<\/p>\n<p>La maternit\u00e9 a ajout\u00e9 une profondeur nouvelle \u00e0 ce<br \/>\n<strong>rapport au temps et \u00e0 l\u2019\u00e9criture<\/strong>. Invit\u00e9e sur le<br \/>\nplateau de Quotidien, <a href=\"https:\/\/www.lejournaldelamaison.fr\/le-journal-de-la-maison\/reportages-maisons\/appartements\/clara-luciani-cest-un-appartement-que-jai-du-prendre-tres-vite-quand-jai-appris-que-jetais-enceinte-son-nouveau-cocon-dans-le-9e-arrondissement-de-paris-ave-516087.html\" target=\"_blank\" rel=\"noopener\"><br \/>\nClara Luciani a racont\u00e9 combien cette p\u00e9riode<\/a> avait transform\u00e9<br \/>\nson regard. \u00ab Toutes les chansons de cet album, je les ai<br \/>\n\u00e9crites quand j\u2019\u00e9tais enceinte. Il faut savoir qu\u2019en temps normal<br \/>\nj\u2019\u00e9tais d\u00e9j\u00e0 tr\u00e8s \u00e9motive et que l\u00e0 <strong>je n\u2019\u00e9tais<br \/>\nqu\u2019\u00e9motions<\/strong>. \u00bb L\u2019inspiration est devenue plus dense,<br \/>\nplus urgente aussi. \u00ab C\u2019est peut-\u00eatre la plus grande<br \/>\nd\u00e9claration d\u2019amour que j\u2019ai \u00e9crite. \u00bb<\/p>\n<blockquote class=\"instagram-media\" style=\"background: #ffffff;border: 0;margin: 1px;width: 100%;padding: 0;max-width: 500px;\" data-instgrm-permalink=\"https:\/\/www.instagram.com\/p\/DQe4sjIjdiQ\/\" data-instgrm-version=\"14\"\/><p>\nLe Sud comme point d\u2019ancrage durable<br \/>\npour Clara Luciani<\/p>\n<p>Ce bouleversement intime s\u2019accompagne d\u2019une forme de solidit\u00e9<br \/>\nnouvelle. <a href=\"https:\/\/www.lejournaldelamaison.fr\/le-journal-de-la-maison\/reportages-maisons\/appartements\/caroline-loeb-grande-chineuse-chanteuse-appartement-bariole-pere-lachaise-paris-522065.html\" target=\"_blank\" rel=\"noopener\"><br \/>\nLa chanteuse le dit avec simplicit\u00e9<\/a>, sans emphase. \u00ab J\u2019ai<br \/>\nl\u2019impression de me sentir beaucoup <strong>plus courageuse et<br \/>\noptimiste<\/strong>. Chaque fois que je me dis \u2018tu ne peux pas faire<br \/>\n\u00e7a\u2019, je me dis \u2018si, je peux le faire pour lui\u2019. \u00bb Une phrase<br \/>\nqui \u00e9claire autrement son parcours, entre ascension fulgurante et<br \/>\n<strong>prudence assum\u00e9e face au succ\u00e8s<\/strong>, qu\u2019elle a<br \/>\ntoujours cherch\u00e9 \u00e0 tenir \u00e0 distance.<\/p>\n<p>Ce rapport lucide \u00e0 la r\u00e9ussite, Clara Luciani l\u2019a construit<br \/>\nt\u00f4t, nourri par ses influences et ses ann\u00e9es de doute. De Nico \u00e0 PJ<br \/>\nHarvey, de Patti Smith \u00e0 la pop populaire de Jul, elle revendique<br \/>\ndes passerelles inattendues et une <strong>interpr\u00e9tation sans<br \/>\nartifice<\/strong>. Mais <a href=\"https:\/\/www.lejournaldelamaison.fr\/le-journal-de-la-maison\/reportages-maisons\/maisons-reportages-maisons\/johnny-hallyday-patrick-bruel-carla-bruni-plus-belles-maisons-stars-sud-france-533061.html\" target=\"_blank\" rel=\"noopener\"><br \/>\nc\u2019est vers le Sud<\/a> qu\u2019elle revient pour se recentrer, loin des<br \/>\ndiscours, dans cette <strong>maison de p\u00eacheurs<\/strong> qui reste<br \/>\nle point d\u2019ancrage. Un refuge, au sens le plus concret du<br \/>\nterme.<\/p>\n<p><script async src=\"\/\/www.instagram.com\/embed.js\"><\/script><\/p>\n","protected":false},"excerpt":{"rendered":"Le Sud n\u2019est jamais tr\u00e8s loin dans la trajectoire de Clara Luciani. M\u00eame lorsqu\u2019elle partage peu de choses&hellip;\n","protected":false},"author":2,"featured_media":683368,"comment_status":"","ping_status":"","sticky":false,"template":"","format":"standard","meta":{"footnotes":""},"categories":[1355],"tags":[930,13041,2511,27638,1805,58,3170,59,1011,27,76639,69241,2142,12045,11078,1361,873,10650,15972,16132,10649,7053],"class_list":{"0":"post-683367","1":"post","2":"type-post","3":"status-publish","4":"format-standard","5":"has-post-thumbnail","7":"category-musique","8":"tag-le","9":"tag-a","10":"tag-cest","11":"tag-clara","12":"tag-de","13":"tag-divertissement","14":"tag-elle","15":"tag-entertainment","16":"tag-fr","17":"tag-france","18":"tag-grandi","19":"tag-luciani","20":"tag-maison","21":"tag-martigues","22":"tag-mon","23":"tag-music","24":"tag-musique","25":"tag-ou","26":"tag-pecheurs","27":"tag-refuge","28":"tag-sa","29":"tag-sud"},"share_on_mastodon":{"url":"https:\/\/pubeurope.com\/@fr\/115943638692599258","error":""},"_links":{"self":[{"href":"https:\/\/www.europesays.com\/fr\/wp-json\/wp\/v2\/posts\/683367","targetHints":{"allow":["GET"]}}],"collection":[{"href":"https:\/\/www.europesays.com\/fr\/wp-json\/wp\/v2\/posts"}],"about":[{"href":"https:\/\/www.europesays.com\/fr\/wp-json\/wp\/v2\/types\/post"}],"author":[{"embeddable":true,"href":"https:\/\/www.europesays.com\/fr\/wp-json\/wp\/v2\/users\/2"}],"replies":[{"embeddable":true,"href":"https:\/\/www.europesays.com\/fr\/wp-json\/wp\/v2\/comments?post=683367"}],"version-history":[{"count":0,"href":"https:\/\/www.europesays.com\/fr\/wp-json\/wp\/v2\/posts\/683367\/revisions"}],"wp:featuredmedia":[{"embeddable":true,"href":"https:\/\/www.europesays.com\/fr\/wp-json\/wp\/v2\/media\/683368"}],"wp:attachment":[{"href":"https:\/\/www.europesays.com\/fr\/wp-json\/wp\/v2\/media?parent=683367"}],"wp:term":[{"taxonomy":"category","embeddable":true,"href":"https:\/\/www.europesays.com\/fr\/wp-json\/wp\/v2\/categories?post=683367"},{"taxonomy":"post_tag","embeddable":true,"href":"https:\/\/www.europesays.com\/fr\/wp-json\/wp\/v2\/tags?post=683367"}],"curies":[{"name":"wp","href":"https:\/\/api.w.org\/{rel}","templated":true}]}}