{"id":683378,"date":"2026-01-23T09:16:11","date_gmt":"2026-01-23T09:16:11","guid":{"rendered":"https:\/\/www.europesays.com\/fr\/683378\/"},"modified":"2026-01-23T09:16:11","modified_gmt":"2026-01-23T09:16:11","slug":"un-sac-achete-6-e-en-brocante-cache-un-veritable-tresor","status":"publish","type":"post","link":"https:\/\/www.europesays.com\/fr\/683378\/","title":{"rendered":"Un sac achet\u00e9 6 \u20ac en brocante cache un v\u00e9ritable tr\u00e9sor"},"content":{"rendered":"<p>Dans les all\u00e9es d\u2019une boutique caritative, certains objets<br \/>\nattendent patiemment de retrouver preneur. La plupart n\u2019offrent que<br \/>\nleur usage premier, mais il arrive parfois qu\u2019ils r\u00e9servent une<br \/>\nsurprise. Une cliente, s\u00e9duite par un simple sac bordeaux propos\u00e9 \u00e0<br \/>\nsix euros, pensait repartir avec un accessoire pratique. En<br \/>\nl\u2019ouvrant chez elle, elle a pourtant d\u00e9couvert bien plus qu\u2019un<br \/>\nbanal article de seconde main.<\/p>\n<p>Un tr\u00e9sor oubli\u00e9 dans une brocante<\/p>\n<p>Rien, dans l\u2019apparence de ce sac, ne laissait pr\u00e9sager qu\u2019il<br \/>\n<strong>dissimulait un secret<\/strong>. La jeune femme l\u2019avait<br \/>\nchoisi pour son allure et la mani\u00e8re dont il compl\u00e9terait sa<br \/>\ngarde-robe, sans se soucier de son origine ni de sa marque. Mais \u00e0<br \/>\npeine rentr\u00e9e, en <strong>inspectant ses nouvelles<br \/>\nacquisitions<\/strong>, elle a senti que ce mod\u00e8le avait une<br \/>\nlourdeur inhabituelle. En fouillant dans ses poches, elle est<br \/>\n<a href=\"https:\/\/www.lejournaldelamaison.fr\/le-journal-de-la-maison\/decoration-par-style\/industriel-et-vintage\/9-tresors-brocante-semblent-bon-marche-mais-valent-fortune-520369.html\" target=\"_blank\" rel=\"noopener\"><br \/>\ntomb\u00e9e sur un tr\u00e9sor inattendu<\/a>.<\/p>\n<p>Sur le forum Reddit, elle a racont\u00e9 sa surprise : \u00ab J\u00a0\u00bbai<br \/>\ntrouv\u00e9 de l&rsquo;argent dans mon sac d&rsquo;occasion. Jamais, m\u00eame<br \/>\n<strong>dans mes r\u00eaves les plus fous<\/strong>, je n&rsquo;aurais vu cela<br \/>\nvenir. J&rsquo;ai pay\u00e9 six euros pour le sac et j&rsquo;ai trouv\u00e9 l&rsquo;\u00e9quivalent<br \/>\nde 110 euros \u00bb. L\u2019\u00e9motion \u00e9tait telle qu\u2019elle a <a href=\"https:\/\/www.lejournaldelamaison.fr\/le-journal-de-la-maison\/decoration-par-style\/industriel-et-vintage\/cette-vaisselle-retro-carreaux-devenue-trouvaille-plus-convoitee-brocante-valeur-explose-elle-porte-cette-signature-culte-519373.html\" target=\"_blank\" rel=\"noopener\"><br \/>\ntenu \u00e0 partager cette trouvaille<\/a> avec les internautes, amus\u00e9s<br \/>\net impressionn\u00e9s par son r\u00e9cit. Ce butin constitu\u00e9 de plusieurs<br \/>\nbillets et pi\u00e8ces, aussi inattendu que r\u00e9jouissant, a transform\u00e9<br \/>\nune simple s\u00e9ance de shopping en v\u00e9ritable coup de chance.<\/p>\n<p>Une d\u00e9couverte de brocante qui suscite les r\u00e9actions<\/p>\n<p>L\u2019\u00e9motion \u00e9tait telle qu\u2019elle a confi\u00e9 avoir v\u00e9cu \u00ab la<br \/>\n<strong>journ\u00e9e de friperie la plus excitante<\/strong> de (s)a vie<br \/>\n\u00bb. \u00ab Et je n&rsquo;ai m\u00eame pas pris en compte les v\u00eatements que j&rsquo;ai<br \/>\ntrouv\u00e9s. C&rsquo;est fou que certaines personnes donnent des choses sans<br \/>\nm\u00eame v\u00e9rifier ! Ce sac \u00e0 main contenait tellement de choses et<br \/>\nsemblait lourd \u00e0 cause de toutes ces pi\u00e8ces \u00bb, a-t-elle<br \/>\npoursuivi. De quoi <a href=\"https:\/\/www.lejournaldelamaison.fr\/actualite\/brocantes-seconde-main-liste-objets-vintage-vous-pouvez-donner-faire-avec-place-522460.html\" target=\"_blank\" rel=\"noopener\"><br \/>\nfaire r\u00eaver les amateurs de brocantes<\/a> et d\u2019achats d\u2019occasion,<br \/>\ntoujours \u00e0 l\u2019aff\u00fbt d\u2019une perle rare.<\/p>\n<p>En partageant son histoire, elle a d\u00e9clench\u00e9 une <strong>vague<br \/>\nde commentaires enthousiastes<\/strong>. \u00ab Waouh ! Je n&rsquo;ai<br \/>\njamais eu cette chance \u00bb, a \u00e9crit un internaute, admiratif. Un<br \/>\nautre s\u2019est exclam\u00e9 : \u00ab Waouh ! Encore mieux que le sac, <strong>\u00e7a<br \/>\na d\u00fb \u00eatre tellement excitant<\/strong> \u00bb. La communaut\u00e9 en<br \/>\nligne a rivalis\u00e9 d\u2019anecdotes, chacun racontant sa propre d\u00e9couverte<br \/>\ninsolite au d\u00e9tour d\u2019un v\u00eatement <a href=\"https:\/\/www.lejournaldelamaison.fr\/le-journal-de-la-maison\/decoration-par-style\/industriel-et-vintage\/deco-retro-objets-vintage-grands-parents-419414.html\" target=\"_blank\" rel=\"noopener\"><br \/>\nou d\u2019un objet oubli\u00e9<\/a>.<\/p>\n<blockquote class=\"instagram-media\" style=\"background: #ffffff;border: 0;margin: 1px;width: 100%;padding: 0;max-width: 500px;\" data-instgrm-permalink=\"https:\/\/www.instagram.com\/p\/DOEJLGljK38\/\" data-instgrm-version=\"14\"\/><p>\nPetites et grandes d\u00e9couvertes de<br \/>\nbrocante<\/p>\n<p>Certains \u00e9voquaient des trouvailles plus modestes, comme ce<br \/>\nparticipant qui expliquait : \u00ab J&rsquo;ai trouv\u00e9 5 euros dans une<br \/>\nveste de chasse et je les ai utilis\u00e9s pour acheter la veste \u00bb.<br \/>\nD\u2019autres histoires, plus spectaculaires, ont aussi refait surface :<br \/>\n\u00ab Un client a trouv\u00e9 <strong>700 euros dans un livre<\/strong><br \/>\net l&rsquo;a remis au propri\u00e9taire qui l&rsquo;a partag\u00e9 avec lui \u00bb. Un<br \/>\nforumeur a, lui, ajout\u00e9 : \u00ab J&rsquo;ai trouv\u00e9 une cha\u00eene en or 24<br \/>\ncarats dans un sac d&rsquo;occasion. J&rsquo;ai trouv\u00e9 \u00e7a un joli cadeau<br \/>\n\u00bb. Entre petites surprises de quelques euros et <strong>d\u00e9couvertes<br \/>\nvalant plusieurs centaines<\/strong>, la <a href=\"https:\/\/www.lejournaldelamaison.fr\/le-journal-de-la-maison\/decoration-par-style\/industriel-et-vintage\/objets-surprenants-donner-brocante-friperie-france-521878.html\" target=\"_blank\" rel=\"noopener\"><br \/>\nchasse au tr\u00e9sor version brocante<\/a> a soudain sembl\u00e9 gagner une<br \/>\nnouvelle l\u00e9gitimit\u00e9.<\/p>\n<p>Les d\u00e9couvertes ne s\u2019arr\u00eatent pas l\u00e0. Une autre cliente a<br \/>\nracont\u00e9 avoir trouv\u00e9 dans une brocante un <strong>sac Gucci datant<br \/>\nde 1973<\/strong>. \u00c0 l\u2019int\u00e9rieur, elle a d\u00e9couvert une note<br \/>\nmanuscrite sign\u00e9e par une certaine Shelia, r\u00e9cemment partie \u00e0 la<br \/>\nretraite. Elle a confi\u00e9 avec amusement : \u00ab Je ne vis pas dans<br \/>\nune r\u00e9gion o\u00f9 les gens feraient don de sacs Gucci. Honn\u00eatement, ils<br \/>\nne l&rsquo;ont probablement m\u00eame pas remarqu\u00e9 \u00bb. Ici, la valeur<br \/>\nmat\u00e9rielle s\u2019efface devant l\u2019\u00e9motion d\u2019un <strong>souvenir transmis<br \/>\npresque par hasard<\/strong>. Qu\u2019il s\u2019agisse de billets gliss\u00e9s dans<br \/>\nune doublure, de bijoux oubli\u00e9s ou de messages venus du pass\u00e9, ces<br \/>\ntrouvailles rappellent que chaque objet porte une histoire et qu\u2019il<br \/>\nsuffit parfois de six euros pour <a href=\"https:\/\/www.lejournaldelamaison.fr\/le-journal-de-la-maison\/decoration-par-style\/industriel-et-vintage\/assiettes-motif-ultra-colore-brocante-tresor-vintage-511148.html\" target=\"_blank\" rel=\"noopener\"><br \/>\nmettre la main sur un tr\u00e9sor<\/a>.<\/p>\n<p><script async src=\"\/\/www.instagram.com\/embed.js\"><\/script><\/p>\n","protected":false},"excerpt":{"rendered":"Dans les all\u00e9es d\u2019une boutique caritative, certains objets attendent patiemment de retrouver preneur. La plupart n\u2019offrent que leur&hellip;\n","protected":false},"author":2,"featured_media":683379,"comment_status":"","ping_status":"","sticky":false,"template":"","format":"standard","meta":{"footnotes":""},"categories":[6],"tags":[28015,13041,6961,35,309,27615,154,23544,33,34,3170,3026,12219,21,27487,1011,27,76674,5776,151,4506,5912,378,19722,46202,9066,32896],"class_list":{"0":"post-683378","1":"post","2":"type-post","3":"status-publish","4":"format-standard","5":"has-post-thumbnail","7":"category-economie","8":"tag-28015","9":"tag-a","10":"tag-brocante","11":"tag-business","12":"tag-chine","13":"tag-decouvertes","14":"tag-des","15":"tag-e","16":"tag-economie","17":"tag-economy","18":"tag-elle","19":"tag-en","20":"tag-et","21":"tag-fait","22":"tag-folles","23":"tag-fr","24":"tag-france","25":"tag-hasard","26":"tag-jamais","27":"tag-les","28":"tag-lune","29":"tag-par","30":"tag-plus","31":"tag-presque","32":"tag-sac","33":"tag-un","34":"tag-vues"},"share_on_mastodon":{"url":"https:\/\/pubeurope.com\/@fr\/115943662157195980","error":""},"_links":{"self":[{"href":"https:\/\/www.europesays.com\/fr\/wp-json\/wp\/v2\/posts\/683378","targetHints":{"allow":["GET"]}}],"collection":[{"href":"https:\/\/www.europesays.com\/fr\/wp-json\/wp\/v2\/posts"}],"about":[{"href":"https:\/\/www.europesays.com\/fr\/wp-json\/wp\/v2\/types\/post"}],"author":[{"embeddable":true,"href":"https:\/\/www.europesays.com\/fr\/wp-json\/wp\/v2\/users\/2"}],"replies":[{"embeddable":true,"href":"https:\/\/www.europesays.com\/fr\/wp-json\/wp\/v2\/comments?post=683378"}],"version-history":[{"count":0,"href":"https:\/\/www.europesays.com\/fr\/wp-json\/wp\/v2\/posts\/683378\/revisions"}],"wp:featuredmedia":[{"embeddable":true,"href":"https:\/\/www.europesays.com\/fr\/wp-json\/wp\/v2\/media\/683379"}],"wp:attachment":[{"href":"https:\/\/www.europesays.com\/fr\/wp-json\/wp\/v2\/media?parent=683378"}],"wp:term":[{"taxonomy":"category","embeddable":true,"href":"https:\/\/www.europesays.com\/fr\/wp-json\/wp\/v2\/categories?post=683378"},{"taxonomy":"post_tag","embeddable":true,"href":"https:\/\/www.europesays.com\/fr\/wp-json\/wp\/v2\/tags?post=683378"}],"curies":[{"name":"wp","href":"https:\/\/api.w.org\/{rel}","templated":true}]}}