{"id":683438,"date":"2026-01-23T09:55:09","date_gmt":"2026-01-23T09:55:09","guid":{"rendered":"https:\/\/www.europesays.com\/fr\/683438\/"},"modified":"2026-01-23T09:55:09","modified_gmt":"2026-01-23T09:55:09","slug":"voici-les-horaires-et-tarifs","status":"publish","type":"post","link":"https:\/\/www.europesays.com\/fr\/683438\/","title":{"rendered":"voici les horaires et tarifs"},"content":{"rendered":"<p>                    Par<br \/>\n        <strong><br \/>\n            <a href=\"https:\/\/actu.fr\/auteur\/julian-doubax\" title=\"Consulter tous les articles de Julian Doubax\" target=\"_blank\" rel=\"noopener\">Julian Doubax<\/a><br \/>\n                    <\/strong><\/p>\n<p>        Publi\u00e9 le<\/p>\n<p>            23 janv. 2026 \u00e0 9h51        <\/p>\n<p>La connexion ferroviaire entre <a href=\"https:\/\/actu.fr\/tag\/gare-saint-jean\" target=\"_blank\" rel=\"noopener\">Bordeaux<\/a> et Paris va <strong>s\u2019intensifier<\/strong>. Mardi 20 janvier 2026, Ouigo, la compagnie low-cost de la <a href=\"https:\/\/actu.fr\/nouvelle-aquitaine\/bordeaux_33063\/la-sncf-prevoit-des-travaux-d-envergure-en-gironde-le-trafic-arrete-sur-la-ligne-bordeaux-langon_63722520.html\" target=\"_blank\" rel=\"noopener\">SNCF<\/a>, a annonc\u00e9 le lancement d\u2019une<strong> nouvelle liaison<\/strong> entre les deux villes d\u00e8s avril prochain.<\/p>\n<p class=\" wall-content\">La ligne passera entre les gares d\u2019Angoul\u00eame, Poitiers, le Futuroscope, Saint-Pierre-des-Corps, Les Aubrais et arrivera \u00e0 Paris-Austerlitz. Elle circulera en fin de semaine avec <strong>deux allers-retours<\/strong> : un d\u00e9part depuis Paris le vendredi apr\u00e8s-midi, Bordeaux-Paris le samedi matin, l\u2019inverse l\u2019apr\u00e8s-midi et un deuxi\u00e8me Bordeaux-Paris le dimanche apr\u00e8s-midi.\u00a0<\/p>\n<p class=\" wall-content\">Le trajet durera entre 5h et 5h30 mais avec un tarif forc\u00e9ment attractif. Pour les adultes, les prix oscilleront entre <strong>10 et 59 euros<\/strong>. Pour les enfants de moins de 12 ans, un prix fixe est \u00e0 5 euros.\u00a0<\/p>\n<p class=\" wall-content\">Pour rappel, en novembre dernier, la SNCF avait annonc\u00e9 le retour d\u2019une <a href=\"https:\/\/actu.fr\/nouvelle-aquitaine\/bordeaux_33063\/la-sncf-annonce-une-grande-nouveaute-au-depart-de-bordeaux-pour-2027_63497356.html\" target=\"_blank\" rel=\"noopener\">liaison entre Lyon et Bordeaux<\/a> en 2027. Son trac\u00e9 ne passera pas par le Massif Central malgr\u00e9 l\u2019appui de <a href=\"https:\/\/actu.fr\/auvergne-rhone-alpes\/lyon_69123\/la-sncf-lance-un-ouigo-direct-lyon-bordeaux-et-renforce-ses-trains-vers-paris-voici-les-dates_63497207.html\" target=\"_blank\" rel=\"noopener\">diverses personnalit\u00e9s politiques<\/a> mais bien par la capitale.\u00a0<\/p>\n<p class=\" wall-content\">Personnalisez votre actualit\u00e9 en ajoutant vos villes et m\u00e9dias en favori avec <a href=\"https:\/\/moncompte.actu.fr\" title=\"D\u00e9couvez Mon Actu\" rel=\"nofollow noopener\" data-trk=\"{&quot;cta&quot;:{&quot;action&quot;:&quot;https:\\\/\\\/moncompte.actu.fr&quot;,&quot;category&quot;:&quot;mon compte&quot;,&quot;from&quot;:&quot;article footer&quot;,&quot;name&quot;:&quot;Mon actu&quot;,&quot;type&quot;:&quot;cta&quot;}}\" target=\"_blank\">Mon Actu<\/a>.<\/p>\n","protected":false},"excerpt":{"rendered":"Par Julian Doubax Publi\u00e9 le 23 janv. 2026 \u00e0 9h51 La connexion ferroviaire entre Bordeaux et Paris va&hellip;\n","protected":false},"author":2,"featured_media":585792,"comment_status":"","ping_status":"","sticky":false,"template":"","format":"standard","meta":{"footnotes":""},"categories":[1888],"tags":[1111,1928,11,1927,1777,674,1011,27,12,1926,23443,626,1925,25,2215,104,926],"class_list":{"0":"post-683438","1":"post","2":"type-post","3":"status-publish","4":"format-standard","5":"has-post-thumbnail","7":"category-paris","8":"tag-actu","9":"tag-actu-paris","10":"tag-actualites","11":"tag-actualites-paris","12":"tag-eu","13":"tag-europe","14":"tag-fr","15":"tag-france","16":"tag-news","17":"tag-news-paris","18":"tag-ouigo","19":"tag-paris","20":"tag-paris-news","21":"tag-republique-francaise","22":"tag-sncf","23":"tag-societe","24":"tag-train"},"share_on_mastodon":{"url":"https:\/\/pubeurope.com\/@fr\/115943815560781778","error":""},"_links":{"self":[{"href":"https:\/\/www.europesays.com\/fr\/wp-json\/wp\/v2\/posts\/683438","targetHints":{"allow":["GET"]}}],"collection":[{"href":"https:\/\/www.europesays.com\/fr\/wp-json\/wp\/v2\/posts"}],"about":[{"href":"https:\/\/www.europesays.com\/fr\/wp-json\/wp\/v2\/types\/post"}],"author":[{"embeddable":true,"href":"https:\/\/www.europesays.com\/fr\/wp-json\/wp\/v2\/users\/2"}],"replies":[{"embeddable":true,"href":"https:\/\/www.europesays.com\/fr\/wp-json\/wp\/v2\/comments?post=683438"}],"version-history":[{"count":0,"href":"https:\/\/www.europesays.com\/fr\/wp-json\/wp\/v2\/posts\/683438\/revisions"}],"wp:featuredmedia":[{"embeddable":true,"href":"https:\/\/www.europesays.com\/fr\/wp-json\/wp\/v2\/media\/585792"}],"wp:attachment":[{"href":"https:\/\/www.europesays.com\/fr\/wp-json\/wp\/v2\/media?parent=683438"}],"wp:term":[{"taxonomy":"category","embeddable":true,"href":"https:\/\/www.europesays.com\/fr\/wp-json\/wp\/v2\/categories?post=683438"},{"taxonomy":"post_tag","embeddable":true,"href":"https:\/\/www.europesays.com\/fr\/wp-json\/wp\/v2\/tags?post=683438"}],"curies":[{"name":"wp","href":"https:\/\/api.w.org\/{rel}","templated":true}]}}