{"id":68344,"date":"2025-05-02T03:10:19","date_gmt":"2025-05-02T03:10:19","guid":{"rendered":"https:\/\/www.europesays.com\/fr\/68344\/"},"modified":"2025-05-02T03:10:19","modified_gmt":"2025-05-02T03:10:19","slug":"a-lecole-de-cinema-kourtrajme-a-marseille-lecriture-inclusive-derange-la-region-liberation","status":"publish","type":"post","link":"https:\/\/www.europesays.com\/fr\/68344\/","title":{"rendered":"A l\u2019\u00e9cole de cin\u00e9ma Kourtrajm\u00e9, \u00e0 Marseille, l\u2019\u00e9criture inclusive d\u00e9range la r\u00e9gion \u2013 Lib\u00e9ration"},"content":{"rendered":"<p class=\"sc-ksZaOG ehjQrN text-element\">Interloqu\u00e9s. Circonspects. On parle des yeux de Marie Antonelle Joubert, devant nous dans son bureau du quartier la Belle de Mai, un des plus pauvres d\u2019Europe, o\u00f9 elle dirige une \u00e9cole d\u2019insertion professionnelle dans le secteur audiovisuel pour jeunes non-dipl\u00f4m\u00e9s. Jeudi 24 avril, la directrice de Kourtrajm\u00e9 Marseille, fond\u00e9e par le r\u00e9alisateur des Mis\u00e9rables, <a href=\"https:\/\/www.liberation.fr\/culture\/cinema\/batiment-5-apres-les-miserables-la-fureur-de-ville-de-ladj-ly-20231205_JKGPSHKMIRDHJNBMZQ2KDQJRBI\/\" target=\"_blank\" rel=\"noopener\" title=\"https:\/\/www.liberation.fr\/culture\/cinema\/batiment-5-apres-les-miserables-la-fureur-de-ville-de-ladj-ly-20231205_JKGPSHKMIRDHJNBMZQ2KDQJRBI\/\">Ladj Ly<\/a>, apprenait de la r\u00e9gion Provence-Alpes-C\u00f4te-d\u2019Azur (Paca) qu\u2019elle ne verserait cette fois sa subvention bisannuelle qu\u2019\u00e0 une seule condition : le retrait de l\u2019\u00e9criture inclusive de tous les \u00e9l\u00e9ments de communication. L\u2019\u00abalerte\u00bb sur l\u2019emploi de ce dangereux proc\u00e9d\u00e9 a \u00e9t\u00e9 lanc\u00e9e par les \u00e9lus Rassemblement national (RN), lesquels ont rappel\u00e9 en session pl\u00e9ni\u00e8re du conseil r\u00e9gional que <a href=\"https:\/\/www.liberation.fr\/societe\/macron-a-villers-cotterets-la-feminisation-de-la-langue-ne-passe-pas-que-par-le-point-median-20231030_CYONWY6WI5GIHEPAL4VGGHTGLQ\/\" target=\"_blank\" rel=\"noopener\" title=\"https:\/\/www.liberation.fr\/societe\/macron-a-villers-cotterets-la-feminisation-de-la-langue-ne-passe-pas-que-par-le-point-median-20231030_CYONWY6WI5GIHEPAL4VGGHTGLQ\/\">l\u2019\u00e9criture inclusive<\/a> \u00e9tait \u00ab<a\/><\/p>\n","protected":false},"excerpt":{"rendered":"Interloqu\u00e9s. Circonspects. On parle des yeux de Marie Antonelle Joubert, devant nous dans son bureau du quartier la&hellip;\n","protected":false},"author":2,"featured_media":68345,"comment_status":"","ping_status":"","sticky":false,"template":"","format":"standard","meta":{"footnotes":""},"categories":[2814],"tags":[1111,11,1777,674,1011,27,884,12,882,17003,6697,25],"class_list":{"0":"post-68344","1":"post","2":"type-post","3":"status-publish","4":"format-standard","5":"has-post-thumbnail","7":"category-marseille","8":"tag-actu","9":"tag-actualites","10":"tag-eu","11":"tag-europe","12":"tag-fr","13":"tag-france","14":"tag-marseille","15":"tag-news","16":"tag-provence-alpes-cote-dazur","17":"tag-provence-alpes-cote-d-azur","18":"tag-renaud-muselier","19":"tag-republique-francaise"},"share_on_mastodon":{"url":"https:\/\/pubeurope.com\/@fr\/114436048388452476","error":""},"_links":{"self":[{"href":"https:\/\/www.europesays.com\/fr\/wp-json\/wp\/v2\/posts\/68344","targetHints":{"allow":["GET"]}}],"collection":[{"href":"https:\/\/www.europesays.com\/fr\/wp-json\/wp\/v2\/posts"}],"about":[{"href":"https:\/\/www.europesays.com\/fr\/wp-json\/wp\/v2\/types\/post"}],"author":[{"embeddable":true,"href":"https:\/\/www.europesays.com\/fr\/wp-json\/wp\/v2\/users\/2"}],"replies":[{"embeddable":true,"href":"https:\/\/www.europesays.com\/fr\/wp-json\/wp\/v2\/comments?post=68344"}],"version-history":[{"count":0,"href":"https:\/\/www.europesays.com\/fr\/wp-json\/wp\/v2\/posts\/68344\/revisions"}],"wp:featuredmedia":[{"embeddable":true,"href":"https:\/\/www.europesays.com\/fr\/wp-json\/wp\/v2\/media\/68345"}],"wp:attachment":[{"href":"https:\/\/www.europesays.com\/fr\/wp-json\/wp\/v2\/media?parent=68344"}],"wp:term":[{"taxonomy":"category","embeddable":true,"href":"https:\/\/www.europesays.com\/fr\/wp-json\/wp\/v2\/categories?post=68344"},{"taxonomy":"post_tag","embeddable":true,"href":"https:\/\/www.europesays.com\/fr\/wp-json\/wp\/v2\/tags?post=68344"}],"curies":[{"name":"wp","href":"https:\/\/api.w.org\/{rel}","templated":true}]}}