{"id":683451,"date":"2026-01-23T10:02:13","date_gmt":"2026-01-23T10:02:13","guid":{"rendered":"https:\/\/www.europesays.com\/fr\/683451\/"},"modified":"2026-01-23T10:02:13","modified_gmt":"2026-01-23T10:02:13","slug":"net-redressement-de-la-croissance-dans-le-secteur-prive-au-royaume-uni-en-janvier","status":"publish","type":"post","link":"https:\/\/www.europesays.com\/fr\/683451\/","title":{"rendered":"Net redressement de la croissance dans le secteur priv\u00e9 au Royaume-Uni en janvier"},"content":{"rendered":"<p>\n                            Les entreprises britanniques ont b\u00e9n\u00e9fici\u00e9 d&rsquo;un net regain d&rsquo;activit\u00e9 en janvier, \u00e0 tel point que la croissance dans le secteur priv\u00e9 a atteint un plus haut de presque deux ans, selon les r\u00e9sultats d&rsquo;une enqu\u00eate men\u00e9e aupr\u00e8s des directeurs d&rsquo;achat publi\u00e9s ce vendredi.\n                    <\/p>\n<p>                    L&rsquo;indice PMI \u00ab\u00a0composite\u00a0\u00bb de S&amp;P Global &#8211; qui int\u00e8gre \u00e0 la fois le secteur manufacturier et celui des services &#8211; a augment\u00e9 \u00e0 53,9 en version \u00ab\u00a0flash\u00a0\u00bb ce mois-ci, contre 51,4 en d\u00e9cembre. Il s&rsquo;agit d&rsquo;un plus haut depuis avril 2024.<\/p>\n<p>A titre de comparaison, les \u00e9conomistes l&rsquo;attendaient autour de 51,5.<\/p>\n<p>Le secteur des services, tir\u00e9 par la vigueur de la finance et de la \u00ab\u00a0tech\u00a0\u00bb, est rest\u00e9 le moteur de l&rsquo;am\u00e9lioration de l&rsquo;activit\u00e9 globale, avec un indice PMI pr\u00e9liminaire qui s&rsquo;est \u00e9tabli \u00e0 54,3 apr\u00e8s 51,4 en d\u00e9cembre, ce qui marque un pic de 21 mois.<\/p>\n<p>Mais la croissance s&rsquo;est aussi raffermie dans le secteur manufacturier, o\u00f9 le PMI est ressorti \u00e0 51,6 contre 50,6 un mois plus t\u00f4t, correspondant \u00e0 un plus haut de 17 mois.<\/p>\n<p>Maintenant que le vote du budget d&rsquo;automne est pass\u00e9, les entreprises se montrent plus optimistes, fait valoir S&amp;P Global, qui \u00e9voque une am\u00e9lioration de la demande int\u00e9rieure comme \u00e0 l&rsquo;international.<\/p>\n<p>\u00ab\u00a0Les entreprises britanniques d\u00e9marrent l&rsquo;ann\u00e9e 2026 de bon pied et font montre d&rsquo;une r\u00e9silience encourageante au vu des r\u00e9centes tensions g\u00e9opolitiques\u00a0\u00bb, souligne dans un communiqu\u00e9 Chris Williamson, l&rsquo;\u00e9conomiste en chef de S&amp;P Global Market Intelligence.<\/p>\n<p>Selon lui, l&rsquo;enqu\u00eate est coh\u00e9rente avec une croissance trimestrielle \u00ab\u00a0solide\u00a0\u00bb de l&rsquo;ordre de 0,4% au Royaume-Uni sur le premier trimestre.<\/p>\n","protected":false},"excerpt":{"rendered":"Les entreprises britanniques ont b\u00e9n\u00e9fici\u00e9 d&rsquo;un net regain d&rsquo;activit\u00e9 en janvier, \u00e0 tel point que la croissance dans&hellip;\n","protected":false},"author":2,"featured_media":683452,"comment_status":"","ping_status":"","sticky":false,"template":"","format":"standard","meta":{"footnotes":""},"categories":[1588],"tags":[11,340,1777,674,12,473,1853,1851,1850,1852],"class_list":{"0":"post-683451","1":"post","2":"type-post","3":"status-publish","4":"format-standard","5":"has-post-thumbnail","7":"category-royaume-uni","8":"tag-actualites","9":"tag-bourse","10":"tag-eu","11":"tag-europe","12":"tag-news","13":"tag-royaume-uni","14":"tag-royaume-uni-de-grande-bretagne-et-dirlande-du-nord","15":"tag-uk","16":"tag-united-kingdom","17":"tag-united-kingdom-of-great-britain-and-northern-ireland"},"share_on_mastodon":{"url":"https:\/\/pubeurope.com\/@fr\/115943843127308979","error":""},"_links":{"self":[{"href":"https:\/\/www.europesays.com\/fr\/wp-json\/wp\/v2\/posts\/683451","targetHints":{"allow":["GET"]}}],"collection":[{"href":"https:\/\/www.europesays.com\/fr\/wp-json\/wp\/v2\/posts"}],"about":[{"href":"https:\/\/www.europesays.com\/fr\/wp-json\/wp\/v2\/types\/post"}],"author":[{"embeddable":true,"href":"https:\/\/www.europesays.com\/fr\/wp-json\/wp\/v2\/users\/2"}],"replies":[{"embeddable":true,"href":"https:\/\/www.europesays.com\/fr\/wp-json\/wp\/v2\/comments?post=683451"}],"version-history":[{"count":0,"href":"https:\/\/www.europesays.com\/fr\/wp-json\/wp\/v2\/posts\/683451\/revisions"}],"wp:featuredmedia":[{"embeddable":true,"href":"https:\/\/www.europesays.com\/fr\/wp-json\/wp\/v2\/media\/683452"}],"wp:attachment":[{"href":"https:\/\/www.europesays.com\/fr\/wp-json\/wp\/v2\/media?parent=683451"}],"wp:term":[{"taxonomy":"category","embeddable":true,"href":"https:\/\/www.europesays.com\/fr\/wp-json\/wp\/v2\/categories?post=683451"},{"taxonomy":"post_tag","embeddable":true,"href":"https:\/\/www.europesays.com\/fr\/wp-json\/wp\/v2\/tags?post=683451"}],"curies":[{"name":"wp","href":"https:\/\/api.w.org\/{rel}","templated":true}]}}