{"id":683476,"date":"2026-01-23T10:21:11","date_gmt":"2026-01-23T10:21:11","guid":{"rendered":"https:\/\/www.europesays.com\/fr\/683476\/"},"modified":"2026-01-23T10:21:11","modified_gmt":"2026-01-23T10:21:11","slug":"je-te-trouve-tres-tendue-tres-agressive-enorme-clash-entre-kelly-massol-et-anthony-bourbon-de-qui-veut-etre-mon-associe","status":"publish","type":"post","link":"https:\/\/www.europesays.com\/fr\/683476\/","title":{"rendered":"\u00ab\u00a0Je te trouve tr\u00e8s tendue, tr\u00e8s agressive\u00a0\u00bb\u00a0: \u00e9norme clash entre Kelly Massol et Anthony Bourbon de Qui veut \u00eatre mon associ\u00e9\u00a0?"},"content":{"rendered":"<p>      R\u00e9sum\u00e9<\/p>\n<p>Lors du dernier \u00e9pisode de \u00ab\u00a0Qui veut \u00eatre mon associ\u00e9 ?\u00a0\u00bb, ce jeudi 22 janvier, un vif \u00e9change a oppos\u00e9 Kelly Massol \u00e0 Anthony Bourbon.<\/p>\n<p>        Sommaire<\/p>\n<p>C&rsquo;est <a href=\"https:\/\/www.public.fr\/qui-veut-etre-mon-associe-des-millions-perdus\" target=\"_blank\" rel=\"noopener\">une \u00e9mission<\/a> qui a vu le jour <strong>en 2020 sur M6<\/strong> et qui d\u00e9livre un joli message\u00a0: \u00ab\u00a0quand on veut, on peut\u00a0\u00bb. Ainsi, depuis <strong>six saisons<\/strong> maintenant, des dizaines d&rsquo;entrepreneurs sont venus pr\u00e9senter <a href=\"https:\/\/www.public.fr\/qui-veut-etre-mon-associe-coupee-au-montage-cette-candidate-fond-en-larmes-et-sen-prend-au-programme-de-m6\" target=\"_blank\" rel=\"noopener\">leurs projets<\/a> face aux investisseurs de \u00ab\u00a0Qui veut \u00eatre mon associ\u00e9\u00a0?\u00a0\u00bb. Des projets pour lesquels ils ont tout donn\u00e9\u00a0: du temps comme de l&rsquo;argent. Si malheureusement, certains n&rsquo;ont pas obtenu ce qu&rsquo;ils \u00e9taient venus demander sur le plateau, d&rsquo;autres sont repartis <strong>avec <a href=\"https:\/\/www.public.fr\/qui-veut-etre-mon-associe-largent-nest-toujours-pas-rentre-pour-les-grands-gagnants-de-2025\" target=\"_blank\" rel=\"noopener\">de jolis ch\u00e8ques<\/a> <\/strong>et la <strong>promesse de b\u00e2tir un empire<\/strong> avec celui ou celle qui a cru en eux. <\/p>\n<p>Ainsi, \u00e0 l&rsquo;occasion de cette nouvelle saison, les t\u00e9l\u00e9spectateurs ont pu d\u00e9couvrir un nouvel investisseur en la personne de <strong>Jonathan Anguelov,<\/strong> fondateur d&rsquo;Aircall. Par ailleurs, ils ont aussi pu retrouver <a href=\"https:\/\/www.public.fr\/qui-veut-etre-mon-associe-la-fortune-des-membres-du-jury-devoilee\" target=\"_blank\" rel=\"noopener\">deux membres du jury <\/a>pr\u00e9sents depuis le lancement du programme\u00a0: <strong><a href=\"https:\/\/www.public.fr\/eric-larcheveque-qui-veut-etre-mon-associe-son-incroyable-coup-de-main-a-une-fleuriste-en-detresse\" target=\"_blank\" rel=\"noopener\">\u00c9ric Larchev\u00eaque<\/a> <\/strong>et <strong>Marc Simoncini<\/strong>. Enfin, \u00e0 leurs c\u00f4t\u00e9s, se d\u00e9m\u00e8nent \u00e9galement pour tenter de d\u00e9crocher des deals\u00a0:<strong> Jean-Michel Karam, Alice Lhabouz, Kelly Masso<\/strong>l et <strong>Anthony Bourbon.<\/strong><\/p>\n<p>Si l&rsquo;ambiance semble bon enfant chaque semaine, <strong>le ton est mont\u00e9 <\/strong>entre <a href=\"https:\/\/www.public.fr\/qui-veut-etre-mon-associe-anthony-bourbon-et-kelly-massol-cet-entrepreneur-a-prefere-se-separer-deux\" target=\"_blank\" rel=\"noopener\">la patronne des Secrets de Loli et le fondateur des barres \u00e9nerg\u00e9tiques Feed<\/a> (devenues O.K.R, N.D.L.R.) ce 22\u00a0janvier lors de la diffusion du troisi\u00e8me \u00e9pisode de la saison. Tout a commenc\u00e9 par la venue en plateau de<strong> Vanessa et Jonathan<\/strong>. Le couple a cr\u00e9\u00e9 Re Snack et propose notamment de la <strong>barbe \u00e0 papa sans sucre <\/strong>qu&rsquo;ils ont baptis\u00e9 Nuage. Tous les deux sont venus demander <strong>150\u00a0000\u00a0euros pour 5\u00a0% de leur entreprise<\/strong>. <\/p>\n<p> Qui veut \u00eatre mon associ\u00e9\u00a0?\u00a0: Anthony Bourbon et Kelly Massol, le clash inattendu<\/p>\n<p>Apr\u00e8s avoir d\u00e9gust\u00e9 Nuage, les investisseurs se sont montr\u00e9s tr\u00e8s int\u00e9ress\u00e9s. Ainsi, <strong>Anthony et Jonathan ont propos\u00e9 de s&rsquo;associer <\/strong>et de donner \u00e0 Vanessa et Jonathan ce qu&rsquo;ils sont venus chercher mais <strong>Kelly, elle, a propos\u00e9 de s&rsquo;investir seule<\/strong> \u00e0 leurs c\u00f4t\u00e9s. Des propositions all\u00e9chantes qui ont demand\u00e9 au couple un temps de r\u00e9flexion. Et c&rsquo;est pendant leur retour en coulisses que<strong> les hostilit\u00e9s ont commenc\u00e9.<\/strong> \u00ab\u00a0Elle sait que la bagarre est finie d\u00e9j\u00e0\u00a0\u00bb a commenc\u00e9 par lancer Anthony Bourbon pour taquiner sa cons\u0153ur. Mais c&rsquo;\u00e9tait sans compter sur la repartie de cette derni\u00e8re.<\/p>\n<p>\u00ab\u00a0Ne commence pas, ne commence pas. Parce que, dans ces cas-l\u00e0, <strong>est-ce que je leur souhaite la m\u00eame lign\u00e9e que Feed, non en fait\u00a0!<\/strong>\u00ab\u00a0, a-t-elle l\u00e2ch\u00e9 avant qu&rsquo;Anthony Bourbon ne surench\u00e9risse. \u00ab\u00a0Pourquoi tu es toujours oblig\u00e9 de critiquer\u00a0? Si tu avais vraiment confiance en toi, <strong>tu n&rsquo;es pas oblig\u00e9 de rabaisser les gens [&#8230;] C&rsquo;est fou d&rsquo;avoir besoin de critiquer comme \u00e7a<\/strong>\u00ab\u00a0, s&rsquo;est agac\u00e9 <a href=\"https:\/\/www.google.com\/url?sa=t&amp;source=web&amp;rct=j&amp;opi=89978449&amp;url=https:\/\/vsd.fr\/90417-anthony-bourbon-attaque-en-justice\/&amp;ved=2ahUKEwjh6J6SqaGSAxVzVKQEHQnrPNUQFnoECBcQAQ&amp;usg=AOvVaw3vBsBlO0hsZ9wP5p3bGyIy\" target=\"_blank\" rel=\"noopener\">l&rsquo;homme de 37 ans<\/a>. \u00ab\u00a0<strong>Je te trouve tr\u00e8s tendue, tr\u00e8s agressive <\/strong>[&#8230;] Si tu veux critiquer en perso, je peux critiquer en perso. Moi aussi, je peux sortir des trucs. <strong>Est-ce que tu veux que moi je sorte des dossiers\u00a0?<\/strong>\u00ab\u00a0, a-t-il ajout\u00e9.<\/p>\n<p>Si Kelly Massol a voulu rapporter qu&rsquo;<strong>aujourd&rsquo;hui Anthony Bourbon n&rsquo;est plus dans l&rsquo;op\u00e9rationnel<\/strong> chez Feed, lui n&rsquo;a pas compris pourquoi sa camarade a tenu \u00e0 l&rsquo;attaquer sur \u00e7a, sachant tr\u00e8s bien que -quoi qu&rsquo;il en soit &#8211; il pourrait apporter son exp\u00e9rience pass\u00e9e aux entrepreneurs de RE.Snack.<\/p>\n<p>Au final, <strong>tout est bien qui finit bien<\/strong> puisqu&rsquo;une fois que les jeunes entrepreneurs sont revenus en plateau, ils ont propos\u00e9 aux trois investisseurs int\u00e9ress\u00e9s par leur aventure de s&rsquo;associer pour 10% de l&rsquo;entreprise en injectant 300\u00a0000\u00a0euros dans la bo\u00eete.<\/p>\n<p>\n          Hits &amp; People en continu\n        <\/p>\n<p>\n          Public Radio\n        <\/p>\n<p>      Mentionn\u00e9s dans cet article<\/p>\n<p>      Sur le m\u00eame sujet<\/p>\n","protected":false},"excerpt":{"rendered":"R\u00e9sum\u00e9 Lors du dernier \u00e9pisode de \u00ab\u00a0Qui veut \u00eatre mon associ\u00e9 ?\u00a0\u00bb, ce jeudi 22 janvier, un vif&hellip;\n","protected":false},"author":2,"featured_media":683477,"comment_status":"","ping_status":"","sticky":false,"template":"","format":"standard","meta":{"footnotes":""},"categories":[1356],"tags":[12232,58,59,15273,1011,27,78056,494,78057,252,1364],"class_list":{"0":"post-683476","1":"post","2":"type-post","3":"status-publish","4":"format-standard","5":"has-post-thumbnail","7":"category-television","8":"tag-clash","9":"tag-divertissement","10":"tag-entertainment","11":"tag-entrepreneur","12":"tag-fr","13":"tag-france","14":"tag-kelly-massol","15":"tag-m6","16":"tag-qui-veut-etre-mon-associe","17":"tag-television","18":"tag-tv"},"share_on_mastodon":{"url":"https:\/\/pubeurope.com\/@fr\/115943917780357846","error":""},"_links":{"self":[{"href":"https:\/\/www.europesays.com\/fr\/wp-json\/wp\/v2\/posts\/683476","targetHints":{"allow":["GET"]}}],"collection":[{"href":"https:\/\/www.europesays.com\/fr\/wp-json\/wp\/v2\/posts"}],"about":[{"href":"https:\/\/www.europesays.com\/fr\/wp-json\/wp\/v2\/types\/post"}],"author":[{"embeddable":true,"href":"https:\/\/www.europesays.com\/fr\/wp-json\/wp\/v2\/users\/2"}],"replies":[{"embeddable":true,"href":"https:\/\/www.europesays.com\/fr\/wp-json\/wp\/v2\/comments?post=683476"}],"version-history":[{"count":0,"href":"https:\/\/www.europesays.com\/fr\/wp-json\/wp\/v2\/posts\/683476\/revisions"}],"wp:featuredmedia":[{"embeddable":true,"href":"https:\/\/www.europesays.com\/fr\/wp-json\/wp\/v2\/media\/683477"}],"wp:attachment":[{"href":"https:\/\/www.europesays.com\/fr\/wp-json\/wp\/v2\/media?parent=683476"}],"wp:term":[{"taxonomy":"category","embeddable":true,"href":"https:\/\/www.europesays.com\/fr\/wp-json\/wp\/v2\/categories?post=683476"},{"taxonomy":"post_tag","embeddable":true,"href":"https:\/\/www.europesays.com\/fr\/wp-json\/wp\/v2\/tags?post=683476"}],"curies":[{"name":"wp","href":"https:\/\/api.w.org\/{rel}","templated":true}]}}