{"id":683482,"date":"2026-01-23T10:24:11","date_gmt":"2026-01-23T10:24:11","guid":{"rendered":"https:\/\/www.europesays.com\/fr\/683482\/"},"modified":"2026-01-23T10:24:11","modified_gmt":"2026-01-23T10:24:11","slug":"voici-les-10-douleurs-les-plus-intenses-selon-une-etude-et-les-patients","status":"publish","type":"post","link":"https:\/\/www.europesays.com\/fr\/683482\/","title":{"rendered":"Voici les 10 douleurs les plus intenses, selon une \u00e9tude (et les patients)"},"content":{"rendered":"<p>Une colique qui cloue au lit, un accouchement interminable, une<br \/>\nfourmi qui vous br\u00fble le bras comme au fer rouge : le corps humain<br \/>\na plus d\u2019un moyen de faire hurler de <a href=\"https:\/\/www.mariefrance.fr\/actualite\/societe\/attribue-douleurs-dos-chaise-bureau-mais-souffre-realite-cancer-stade-4-1185541.html\" target=\"_blank\" rel=\"noopener\"><br \/>\ndouleur<\/a>. Mais entre toutes ces souffrances, laquelle arrive en<br \/>\nt\u00eate du podium ?<\/p>\n<p>Pour y r\u00e9pondre, <a href=\"https:\/\/pmc.ncbi.nlm.nih.gov\/articles\/PMC3285427\/\" target=\"_blank\" rel=\"noopener\">l&rsquo;universit\u00e9 de McGill au Canada<\/a> a crois\u00e9 des<br \/>\nquestionnaires de patients pour \u00e9tablir une \u00e9chelle des <strong>10<br \/>\ndouleurs les plus intenses<\/strong>. En parall\u00e8le, en France, 23,1<br \/>\nmillions d&rsquo;adultes d\u00e9clarent vivre avec une douleur chronique, bien<br \/>\nloin de n&rsquo;\u00eatre qu&rsquo;un d\u00e9tail du quotidien.<\/p>\n<p>Comment McGill a class\u00e9 les 10 douleurs les plus intenses<\/p>\n<p>Les chercheurs de McGill ont demand\u00e9 \u00e0 des malades de d\u00e9crire<br \/>\nleur douleur avec des mots pr\u00e9cis et de la noter sur une \u00e9chelle.<br \/>\nEn recoupant ces r\u00e9ponses, ils ont obtenu un classement qui mesure<br \/>\nl&rsquo;intensit\u00e9 ressentie, pas la gravit\u00e9 m\u00e9dicale.<\/p>\n<p>Dans ce top, figurent aussi bien des maladies chroniques que des<br \/>\naccidents de la vie. On y retrouve par exemple la n\u00e9vralgie du<br \/>\ntrijumeau, surnomm\u00e9e \u00ab\u00a0tic douloureux\u00a0\u00bb, les coliques n\u00e9phr\u00e9tiques<br \/>\nprovoqu\u00e9es par des calculs r\u00e9naux, l&rsquo;accouchement sans p\u00e9ridurale,<br \/>\nla piq\u00fbre de la fourmi Paraponera, ou encore le <strong>Syndrome<br \/>\ndouloureux r\u00e9gional complexe<\/strong>, consid\u00e9r\u00e9 comme la<br \/>\nsouffrance la plus extr\u00eame de l&rsquo;\u00e9chelle.<\/p>\n<p>Les 10 douleurs les plus intenses, de la moins \u00e0 la plus<br \/>\ninsupportable<\/p>\n<p>Class\u00e9es de la 10e \u00e0 la 1re position, ces douleurs couvrent<br \/>\npresque tout le corps, du visage aux intestins :<\/p>\n<ul>\n<li>10. N\u00e9vralgie du trijumeau : d\u00e9charges \u00e9lectriques sur une<br \/>\nmoiti\u00e9 du visage.<\/li>\n<li>9. Migraine : douleur pulsatile d&rsquo;un c\u00f4t\u00e9 du cr\u00e2ne, avec<br \/>\nnaus\u00e9es et sensibilit\u00e9 \u00e0 la lumi\u00e8re.<\/li>\n<li>8. Colique n\u00e9phr\u00e9tique : calcul r\u00e9nal qui bloque l&rsquo;urine ;<br \/>\naucune position ne soulage, d&rsquo;o\u00f9 l&rsquo;adage \u00ab\u00a0colique n\u00e9phr\u00e9tique,<br \/>\npatient fr\u00e9n\u00e9tique\u00a0\u00bb.<\/li>\n<li>7. Fibromyalgie : douleurs diffuses des muscles et<br \/>\narticulations, sans l\u00e9sion visible.<\/li>\n<li>6. Polyarthrite rhumato\u00efde : maladie auto-immune des<br \/>\narticulations, o\u00f9 m\u00eame un v\u00eatement peut faire mal.<\/li>\n<li>5. Maladie de Crohn : crises de douleurs abdominales aigu\u00ebs,<br \/>\nproches d&rsquo;une appendicite.<\/li>\n<li>4. Amputation d&rsquo;un doigt : segment tr\u00e8s innerv\u00e9, avec parfois<br \/>\ndes douleurs de \u00ab\u00a0membre fant\u00f4me\u00a0\u00bb.<\/li>\n<li>3. Accouchement : contractions ut\u00e9rines intenses puis \u00e9tirement<br \/>\ndu p\u00e9rin\u00e9e.<\/li>\n<li>2. Piq\u00fbre de Paraponera : br\u00fblure extr\u00eame et contractions<br \/>\ninvolontaires pendant des heures.<\/li>\n<li>1. Syndrome douloureux r\u00e9gional complexe : apr\u00e8s un<br \/>\ntraumatisme, membre br\u00fblant, gonfl\u00e9, hypersensible pendant des<br \/>\nmois.<\/li>\n<\/ul>\n<p><img loading=\"lazy\" decoding=\"async\" itemprop=\"thumbnailUrl\" class=\"size-full wp-image-890125 img-responsive\" src=\"https:\/\/www.europesays.com\/fr\/wp-content\/uploads\/2026\/01\/4-122.jpg\" alt=\"Femme qui mal \u00e0 la t\u00eate\u00a0\" width=\"1200\" height=\"630\"\/> \u00a9 Shutterstock<\/p>\n<p>En France, quand la douleur intense<br \/>\ndevient chronique<\/p>\n<p>Dans la vraie vie, la douleur la plus marquante n&rsquo;est pas<br \/>\ntoujours celle d&rsquo;un accident, mais celle qui s&rsquo;installe. Le<br \/>\nbarom\u00e8tre Analgesia rappelle que \u00ab\u00a0La douleur constitue le premier<br \/>\nmotif de consultation dans les services d\u2019urgences et chez le<br \/>\nm\u00e9decin g\u00e9n\u00e9raliste\u00a0\u00bb, cit\u00e9 par Sant\u00e9 Magazine. Selon cette enqu\u00eate,<br \/>\nles \u00ab\u00a0douleurs musculosquelettiques\u00a0\u00bb dominent, ce sont \u00ab\u00a0les plus<br \/>\ncourants\u00a0\u00bb chez les patients suivis pour douleur chronique.<\/p>\n<p>Parmi les personnes interrog\u00e9es, \u00ab\u00a0pr\u00e8s d\u2019une personne sur deux<br \/>\npr\u00e9sente des douleurs chroniques intenses (sup\u00e9rieur \u00e0 6 sur 10)\u00a0\u00bb.<br \/>\nIl souligne que \u00ab\u00a0la moiti\u00e9 des patients pr\u00e9sente une qualit\u00e9 de vie<br \/>\nphysique et\/ou mentale alt\u00e9r\u00e9e\u00a0\u00bb, avec des \u00ab\u00a0troubles du sommeil,<br \/>\nd\u2019anxi\u00e9t\u00e9, de d\u00e9pression ou des troubles cognitifs\u00a0\u00bb. Seul \u00ab\u00a0un tiers<br \/>\ndes patients souffrant de douleur chronique\u00a0\u00bb se dit \u00ab\u00a0satisfaits de<br \/>\nleur prise en charge\u00a0\u00bb, les autres recourant \u00e0 \u00ab\u00a0l\u2019autom\u00e9dication<br \/>\navec des m\u00e9dicaments anti-douleurs, voire des opio\u00efdes (27 %)\u00a0\u00bb.<\/p>\n","protected":false},"excerpt":{"rendered":"Une colique qui cloue au lit, un accouchement interminable, une fourmi qui vous br\u00fble le bras comme au&hellip;\n","protected":false},"author":2,"featured_media":683483,"comment_status":"","ping_status":"","sticky":false,"template":"","format":"standard","meta":{"footnotes":""},"categories":[10],"tags":[8704,4983,1102,21303,1011,27,72,226,71],"class_list":{"0":"post-683482","1":"post","2":"type-post","3":"status-publish","4":"format-standard","5":"has-post-thumbnail","7":"category-sante","8":"tag-actu-sante","9":"tag-bien-etre","10":"tag-breakingnews","11":"tag-buzz_nonli","12":"tag-fr","13":"tag-france","14":"tag-health","15":"tag-maladie","16":"tag-sante"},"share_on_mastodon":{"url":"https:\/\/pubeurope.com\/@fr\/115943929636012361","error":""},"_links":{"self":[{"href":"https:\/\/www.europesays.com\/fr\/wp-json\/wp\/v2\/posts\/683482","targetHints":{"allow":["GET"]}}],"collection":[{"href":"https:\/\/www.europesays.com\/fr\/wp-json\/wp\/v2\/posts"}],"about":[{"href":"https:\/\/www.europesays.com\/fr\/wp-json\/wp\/v2\/types\/post"}],"author":[{"embeddable":true,"href":"https:\/\/www.europesays.com\/fr\/wp-json\/wp\/v2\/users\/2"}],"replies":[{"embeddable":true,"href":"https:\/\/www.europesays.com\/fr\/wp-json\/wp\/v2\/comments?post=683482"}],"version-history":[{"count":0,"href":"https:\/\/www.europesays.com\/fr\/wp-json\/wp\/v2\/posts\/683482\/revisions"}],"wp:featuredmedia":[{"embeddable":true,"href":"https:\/\/www.europesays.com\/fr\/wp-json\/wp\/v2\/media\/683483"}],"wp:attachment":[{"href":"https:\/\/www.europesays.com\/fr\/wp-json\/wp\/v2\/media?parent=683482"}],"wp:term":[{"taxonomy":"category","embeddable":true,"href":"https:\/\/www.europesays.com\/fr\/wp-json\/wp\/v2\/categories?post=683482"},{"taxonomy":"post_tag","embeddable":true,"href":"https:\/\/www.europesays.com\/fr\/wp-json\/wp\/v2\/tags?post=683482"}],"curies":[{"name":"wp","href":"https:\/\/api.w.org\/{rel}","templated":true}]}}