{"id":68354,"date":"2025-05-02T03:16:16","date_gmt":"2025-05-02T03:16:16","guid":{"rendered":"https:\/\/www.europesays.com\/fr\/68354\/"},"modified":"2025-05-02T03:16:16","modified_gmt":"2025-05-02T03:16:16","slug":"jusqua-30-c-un-1er-mai-lepisode-de-chaleur-qui-touche-la-france-est-il-exceptionnel","status":"publish","type":"post","link":"https:\/\/www.europesays.com\/fr\/68354\/","title":{"rendered":"Jusqu\u2019\u00e0 30\u00a0\u00b0C un 1er\u00a0mai\u00a0: l\u2019\u00e9pisode de chaleur qui touche la France est-il exceptionnel\u00a0?"},"content":{"rendered":"<p class=\"paragraph text_align_left\">Un pont du 1er\u00a0Mai <a href=\"https:\/\/www.leparisien.fr\/meteo\/meteo-de-la-semaine-entre-soleil-et-chaleur-le-temps-sera-estival-partout-en-france-27-04-2025-2MCN4V2XSVAOBNWROOO77ULOIU.php\" target=\"_blank\" rel=\"nofollow noopener\">au parfum estival<\/a>. Apr\u00e8s <a href=\"https:\/\/www.leparisien.fr\/meteo\/meteo-les-temperatures-vont-encore-grimper-ce-mercredi-des-records-de-chaleur-en-vue-29-04-2025-K3GB6WESLJFU7O6J4AW3HWT4WI.php\" target=\"_blank\" rel=\"nofollow noopener\">des temp\u00e9ratures \u00ab\u00a0dignes du plein \u00e9t\u00e9\u00a0\u00bb mercredi<\/a>, notamment sur la moiti\u00e9 nord o\u00f9 il a fait entre 25 \u00e0 29 \u00b0C, <a href=\"https:\/\/www.leparisien.fr\/meteo\/les-temperatures-montent-encore-un-peu-plus-ce-jeudi-jusqua-30-degres-a-paris-01-05-2025-4TQ4O6QB4FGW5LP4WGXTRXMH7Q.php\" target=\"_blank\" rel=\"nofollow noopener\">le thermom\u00e8tre va encore grimper ce jeudi<\/a>, pour atteindre fr\u00e9quemment 26 \u00e0 30\u00a0\u00b0C, selon M\u00e9t\u00e9o France.<\/p>\n<p class=\"paragraph text_align_left\">Une fois n\u2019est pas coutume, les Nordistes vont encore transpirer un peu plus que la moyenne. \u00ab\u00a0Depuis le d\u00e9but de cet \u00e9pisode de chaleur mardi, c\u2019est au nord de la Seine qu\u2019on trouve les temp\u00e9ratures les plus \u00e9lev\u00e9es\u00a0\u00bb, confirme au Parisien Gilles Matricon, m\u00e9t\u00e9orologue pour La Cha\u00eene M\u00e9t\u00e9o, pr\u00e9cisant que<b> \u00ab\u00a0<\/b>des records de chaleur ont \u00e9t\u00e9 battus mercredi \u00e0 Rouen, Lille, Dunkerque\u00a0\u00bb. \u00ab\u00a0C\u2019est un peu la France \u00e0 l\u2019envers\u00a0\u00bb, ajoute le sp\u00e9cialiste.<\/p>\n<p>Une chaleur due \u00e0 la combinaison de deux ph\u00e9nom\u00e8nes<\/p>\n<p class=\"paragraph text_align_left\">Ce jeudi, c\u2019est bien la capitale qui sera \u00ab\u00a0la ville la plus chaude de France\u00a0\u00bb, avec un thermom\u00e8tre qui pourrait afficher plus de 30\u00a0\u00b0C dans l\u2019apr\u00e8s-midi, selon l\u2019expert. \u00ab\u00a0On est sur des temp\u00e9ratures de 10 degr\u00e9s au-dessus des normales de saison en moyenne, qui seront m\u00eame sup\u00e9rieures \u00e0 celle d\u2019un plein \u00e9t\u00e9 dans l\u2019apr\u00e8s-midi\u00a0\u00bb, explique Gilles Matricon.<\/p>\n<p class=\"paragraph text_align_left\">Mais si <a href=\"https:\/\/www.leparisien.fr\/meteo\/jusqua-30-degres-des-temperatures-plus-elevees-quen-ete-dans-le-nord-de-la-france-ce-qui-vous-attend-jeudi-et-vendredi-28-04-2025-BEQNLSRT4REFDM3XSEV34PUX7I.php\" target=\"_blank\" rel=\"nofollow noopener\">la partie nord de la France a des airs de mois d\u2019ao\u00fbt cette semaine<\/a>, ce n\u2019est pas un hasard. Cette chaleur est due \u00e0 la combinaison de deux ph\u00e9nom\u00e8nes\u00a0: \u00ab\u00a0La premi\u00e8re raison, c\u2019est la pr\u00e9sence d\u2019un anticyclone qui persiste sur le nord de la France et qui r\u00e9chauffe l\u2019air sur place, \u00e7a fait un effet de pompe \u00e0 chaleur\u00a0\u00bb, liste le m\u00e9t\u00e9orologue.<\/p>\n<p class=\"paragraph text_align_left\">La deuxi\u00e8me raison, \u00ab\u00a0c\u2019est la pr\u00e9sence d\u2019un vent du Sud, issu d\u2019une d\u00e9pression au Portugal, qui accentue ce ph\u00e9nom\u00e8ne\u00a0\u00bb, ajoute-t-il. C\u2019est d\u2019ailleurs pour cette raison que le sud de la France est moins touch\u00e9 par cet \u00e9pisode de chaleur, selon l\u2019expert\u00a0: \u00ab\u00a0Les r\u00e9gions m\u00e9diterran\u00e9ennes re\u00e7oivent un vent plus frais, venant de la mer, donc \u00e7a temp\u00e8re la hausse des temp\u00e9ratures.\u00a0\u00bb<\/p>\n<p>Un ph\u00e9nom\u00e8ne pr\u00e9coce<\/p>\n<p class=\"paragraph text_align_left\">Ce niveau de chaleur est-il pour autant hors-norme\u00a0? \u00ab\u00a0Il n\u2019est pas exceptionnel, mais il est remarquable\u00a0\u00bb, estime Gilles Matricon. D\u2019abord par sa dur\u00e9e, selon le sp\u00e9cialiste, qui rappelle que l\u2019\u00e9pisode \u00ab\u00a0a d\u00e9but\u00e9 mardi et qu\u2019il doit durer jusqu\u2019\u00e0 vendredi, soit quatre jours\u00a0\u00bb. Ensuite, par sa localisation, \u00ab\u00a0le Nord \u00e9tant souvent moins concern\u00e9 par les \u00e9pisodes de chaleur que le Sud\u00a0\u00bb, ajoute-t-il.<\/p>\n<p class=\"paragraph text_align_left\">Mais ce qui le rend remarquable, c\u2019est \u00ab\u00a0surtout sa pr\u00e9cocit\u00e9 et ses records battus\u00a0\u00bb, estime l\u2019expert. \u00c0 Paris, o\u00f9 le thermom\u00e8tre pourrait atteindre les 30\u00a0\u00b0C ce jeudi, le pr\u00e9c\u00e9dent record de temp\u00e9rature un 1er\u00a0mai est survenu en 2005 avec 28,7\u00a0\u00b0C enregistr\u00e9 \u00e0 l\u2019\u00e9poque. \u00ab\u00a030\u00a0\u00b0C dans la capitale un 1er\u00a0mai, \u00e7a n\u2019est jamais arriv\u00e9 depuis la cr\u00e9ation des relev\u00e9s\u00a0\u00bb, note Gilles Matricon. En moyenne, depuis 1991, c\u2019est le 16\u00a0juin que la temp\u00e9rature atteint pour la premi\u00e8re fois \u00e0 Paris les 30\u00a0\u00b0C dans l\u2019ann\u00e9e, selon les donn\u00e9es de <a href=\"https:\/\/meteofrance.com\/actualites-et-dossiers\/actualites\/climat\/temperatures-seuils-de-25-degc-et-30-degc-synonymes-de-chaleur\" rel=\"nofollow noopener\" target=\"_blank\">M\u00e9t\u00e9o France<\/a>.<\/p>\n<p class=\"paragraph text_align_left\">Si ces \u00e9pisodes de chaleurs ne sont pas inhabituels, \u00ab\u00a0ils sont de plus en plus fr\u00e9quents et de plus en pr\u00e9coces\u00a0\u00bb en France depuis la fin des ann\u00e9es 1980, estime l\u2019expert, \u00ab\u00a0notamment en raison du r\u00e9chauffement climatique\u00a0\u00bb. Et pour les prochains jours\u00a0? \u00c0 partir de samedi, \u00ab\u00a0l\u2019\u00e9t\u00e9, c\u2019est termin\u00e9\u00a0\u00bb, note Gilles Matricon. Le temps va se d\u00e9grader entre samedi et dimanche et les temp\u00e9ratures vont chuter en dessous des normales de saison. \u00ab\u00a0\u00c7a va \u00eatre brutal, on va passer de l\u2019\u00e9t\u00e9 \u00e0 l\u2019automne au cours du week-end\u00a0\u00bb, pr\u00e9vient le sp\u00e9cialiste.<\/p>\n","protected":false},"excerpt":{"rendered":"Un pont du 1er\u00a0Mai au parfum estival. Apr\u00e8s des temp\u00e9ratures \u00ab\u00a0dignes du plein \u00e9t\u00e9\u00a0\u00bb mercredi, notamment sur la&hellip;\n","protected":false},"author":2,"featured_media":68355,"comment_status":"","ping_status":"","sticky":false,"template":"","format":"standard","meta":{"footnotes":""},"categories":[1888],"tags":[1111,1928,11,1927,1777,674,1011,27,2487,12,1926,626,1925,25],"class_list":{"0":"post-68354","1":"post","2":"type-post","3":"status-publish","4":"format-standard","5":"has-post-thumbnail","7":"category-paris","8":"tag-actu","9":"tag-actu-paris","10":"tag-actualites","11":"tag-actualites-paris","12":"tag-eu","13":"tag-europe","14":"tag-fr","15":"tag-france","16":"tag-meteo","17":"tag-news","18":"tag-news-paris","19":"tag-paris","20":"tag-paris-news","21":"tag-republique-francaise"},"share_on_mastodon":{"url":"https:\/\/pubeurope.com\/@fr\/114436072068168943","error":""},"_links":{"self":[{"href":"https:\/\/www.europesays.com\/fr\/wp-json\/wp\/v2\/posts\/68354","targetHints":{"allow":["GET"]}}],"collection":[{"href":"https:\/\/www.europesays.com\/fr\/wp-json\/wp\/v2\/posts"}],"about":[{"href":"https:\/\/www.europesays.com\/fr\/wp-json\/wp\/v2\/types\/post"}],"author":[{"embeddable":true,"href":"https:\/\/www.europesays.com\/fr\/wp-json\/wp\/v2\/users\/2"}],"replies":[{"embeddable":true,"href":"https:\/\/www.europesays.com\/fr\/wp-json\/wp\/v2\/comments?post=68354"}],"version-history":[{"count":0,"href":"https:\/\/www.europesays.com\/fr\/wp-json\/wp\/v2\/posts\/68354\/revisions"}],"wp:featuredmedia":[{"embeddable":true,"href":"https:\/\/www.europesays.com\/fr\/wp-json\/wp\/v2\/media\/68355"}],"wp:attachment":[{"href":"https:\/\/www.europesays.com\/fr\/wp-json\/wp\/v2\/media?parent=68354"}],"wp:term":[{"taxonomy":"category","embeddable":true,"href":"https:\/\/www.europesays.com\/fr\/wp-json\/wp\/v2\/categories?post=68354"},{"taxonomy":"post_tag","embeddable":true,"href":"https:\/\/www.europesays.com\/fr\/wp-json\/wp\/v2\/tags?post=68354"}],"curies":[{"name":"wp","href":"https:\/\/api.w.org\/{rel}","templated":true}]}}