{"id":68358,"date":"2025-05-02T03:18:17","date_gmt":"2025-05-02T03:18:17","guid":{"rendered":"https:\/\/www.europesays.com\/fr\/68358\/"},"modified":"2025-05-02T03:18:17","modified_gmt":"2025-05-02T03:18:17","slug":"paris-capitale-europeenne-la-plus-chaude-en-ce-1er-mai-2","status":"publish","type":"post","link":"https:\/\/www.europesays.com\/fr\/68358\/","title":{"rendered":"Paris, capitale europ\u00e9enne la plus chaude en ce 1er\u00a0mai"},"content":{"rendered":"<p>Ce n\u2019est pas que dans le <a href=\"https:\/\/www.20minutes.fr\/societe\/4151362-20250501-1er-mai-paris-elus-socialistes-violemment-agresses-black-blocs-manif\" target=\"_blank\" class=\"color-ultramarine c-link\" rel=\"noopener\">cort\u00e8ge de la F\u00eate du travail<\/a> que \u00e7a a chauff\u00e9. Il suffisait de faire un tour dans les parcs parisiens pour voir combien la capitale avait un air tout \u00e0 fait estival\u00a0: pique-nique sur les pelouses, jeux de ballon en short et pieds nus\u2026 Il ne manquait plus que l\u2019installation de <a href=\"https:\/\/www.20minutes.fr\/dossier\/paris_plages\" class=\"color-ultramarine c-link\" target=\"_blank\" rel=\"noopener\">Paris Plage<\/a> sur les bords du canal de l\u2019Ourcq pour s\u2019y croire vraiment\u00a0!<\/p>\n<p>Selon M\u00e9t\u00e9o-France, les 30\u00a0\u00b0C ont \u00e9t\u00e9 pratiquement atteints dans la capitale. Une temp\u00e9rature exceptionnelle pour cette p\u00e9riode de l\u2019ann\u00e9e. Le pr\u00e9c\u00e9dent record \u00e9tait de 28,7\u00a0\u00b0C en\u00a02005. Selon Guillaume S\u00e9chet, m\u00e9t\u00e9orologiste en charge des sites meteo-villes, \u00ab\u00a0Avec 29,4\u00a0\u00b0C mesur\u00e9s \u00e0 16h, #Paris est la ville la plus chaude d\u2019Europe ce jeudi 1er\u00a0mai 2025\u00a0! C\u2019est aussi la <a href=\"https:\/\/www.20minutes.fr\/dossier\/1er_mai\" class=\"color-ultramarine c-link\" target=\"_blank\" rel=\"noopener\">F\u00eate du travail<\/a> la plus chaude jamais mesur\u00e9e dans la capitale\u00a0\u00bb.<\/p>\n<blockquote class=\"twitter-tweet\" align=\"center\" data-lang=\"fr_FR\">\n<p lang=\"fr\" dir=\"ltr\">\u2600\ufe0f\ud83c\udf21\ufe0f Avec 29,4\u00b0C mesur\u00e9s \u00e0 16h, <a href=\"https:\/\/twitter.com\/hashtag\/Paris?src=hash&amp;ref_src=twsrc%5Etfw\" target=\"_blank\" rel=\"noopener\">#Paris<\/a> est la ville la plus chaude d&rsquo;Europe ce jeudi 1er mai 2025 ! C&rsquo;est aussi la F\u00eate du travail la plus chaude jamais mesur\u00e9e dans la capitale, battant les 28,7\u00b0C du 01\/05\/2005. (carte <a href=\"https:\/\/twitter.com\/Windycom?ref_src=twsrc%5Etfw\" target=\"_blank\" rel=\"noopener\">@Windycom<\/a>) <a href=\"https:\/\/t.co\/jjega8SEfb\">pic.twitter.com\/jjega8SEfb<\/a><\/p>\n<p>\u2014 Guillaume S\u00e9chet (@Meteovilles) <a href=\"https:\/\/twitter.com\/Meteovilles\/status\/1917949832490045895?ref_src=twsrc%5Etfw\" target=\"_blank\" rel=\"noopener\">May 1, 2025<\/a><\/p><\/blockquote>\n<p class=\"mb-m@xs text-l@xs\">En cliquant sur\u00ab J\u2019accepte \u00bb, vous acceptez le d\u00e9p\u00f4t de cookies par des services externes et aurez ainsi acc\u00e8s aux contenus de nos partenaires.<\/p>\n<p class=\"mb-xl@xs text-s@xs\">Plus d\u2019informations sur la page<a href=\"https:\/\/www.20minutes.fr\/gestion-cookies\" class=\"mx-xxs@xs color-ultramarine\" target=\"_blank\" rel=\"noopener\">Politique de gestion des cookies<\/a><\/p>\n<p>J\u2019accepte<\/p>\n<p>Sur X, le CEO d\u2019AgroClimat2050 rappelle cependant que les \u00e9pisodes pr\u00e9coces de chaleur se multiplient, r\u00e9sultats du <a href=\"https:\/\/www.20minutes.fr\/dossier\/changement_climatique\" class=\"color-ultramarine c-link\" target=\"_blank\" rel=\"noopener\">d\u00e9r\u00e8glement climatique<\/a>.<\/p>\n<blockquote class=\"twitter-tweet\" align=\"center\" data-lang=\"fr_FR\">\n<p lang=\"fr\" dir=\"ltr\">Dans mes souvenirs d\u2019enfance, atteindre les 30\u202f\u00b0C en juin relevait d\u00e9j\u00e0 de l\u2019exceptionnel. En 2025, ce seuil est franchi d\u00e8s le 1er mai en r\u00e9gion parisienne. La pr\u00e9cocit\u00e9 de ces fortes chaleurs devient de plus en plus flagrante en France. Aujourd\u2019hui, ce ne sont plus les 30\u202f\u00b0C\u2026 <a href=\"https:\/\/t.co\/AJRwRchPcV\">pic.twitter.com\/AJRwRchPcV<\/a><\/p>\n<p>\u2014 Dr. Serge Zaka (Dr. Zarge) (@SergeZaka) <a href=\"https:\/\/twitter.com\/SergeZaka\/status\/1917950801072345503?ref_src=twsrc%5Etfw\" target=\"_blank\" rel=\"noopener\">May 1, 2025<\/a><\/p><\/blockquote>\n<p class=\"mb-m@xs text-l@xs\">En cliquant sur\u00ab J\u2019accepte \u00bb, vous acceptez le d\u00e9p\u00f4t de cookies par des services externes et aurez ainsi acc\u00e8s aux contenus de nos partenaires.<\/p>\n<p class=\"mb-xl@xs text-s@xs\">Plus d\u2019informations sur la page<a href=\"https:\/\/www.20minutes.fr\/gestion-cookies\" class=\"mx-xxs@xs color-ultramarine\" target=\"_blank\" rel=\"noopener\">Politique de gestion des cookies<\/a><\/p>\n<p>J\u2019accepte<\/p>\n<p>L\u2019ambiance estivale devrait encore se maintenir demain. Mais ne rangez pas tout de suite vos vestes et chaussures ferm\u00e9es car la m\u00e9t\u00e9o va radicalement changer d\u00e8s ce week-end. Des <a href=\"https:\/\/www.20minutes.fr\/societe\/orage\/\" class=\"color-ultramarine c-link\" target=\"_blank\" rel=\"noopener\">orages<\/a> sont attendus d\u00e8s samedi apr\u00e8s-midi tandis que la temp\u00e9rature ne devrait pas d\u00e9passer les 17\u00b0 soit une chute de 13\u00b0 en deux jours. Vivement l\u2019\u00e9t\u00e9, le vrai.<\/p>\n<p><script async src=\"https:\/\/platform.twitter.com\/widgets.js\" charset=\"utf-8\"><\/script><\/p>\n","protected":false},"excerpt":{"rendered":"Ce n\u2019est pas que dans le cort\u00e8ge de la F\u00eate du travail que \u00e7a a chauff\u00e9. Il suffisait&hellip;\n","protected":false},"author":2,"featured_media":68359,"comment_status":"","ping_status":"","sticky":false,"template":"","format":"standard","meta":{"footnotes":""},"categories":[1888],"tags":[10916,11,13208,1777,674,1011,27,662,2487,2357,12,626,52,2119,4767,25,2648],"class_list":{"0":"post-68358","1":"post","2":"type-post","3":"status-publish","4":"format-standard","5":"has-post-thumbnail","7":"category-paris","8":"tag-1er-mai","9":"tag-actualites","10":"tag-chaleur","11":"tag-eu","12":"tag-europe","13":"tag-fr","14":"tag-france","15":"tag-ile-de-france","16":"tag-meteo","17":"tag-meteo-france","18":"tag-news","19":"tag-paris","20":"tag-planete","21":"tag-previsions-meteo","22":"tag-printemps","23":"tag-republique-francaise","24":"tag-temperature"},"share_on_mastodon":{"url":"https:\/\/pubeurope.com\/@fr\/114436079881571639","error":""},"_links":{"self":[{"href":"https:\/\/www.europesays.com\/fr\/wp-json\/wp\/v2\/posts\/68358","targetHints":{"allow":["GET"]}}],"collection":[{"href":"https:\/\/www.europesays.com\/fr\/wp-json\/wp\/v2\/posts"}],"about":[{"href":"https:\/\/www.europesays.com\/fr\/wp-json\/wp\/v2\/types\/post"}],"author":[{"embeddable":true,"href":"https:\/\/www.europesays.com\/fr\/wp-json\/wp\/v2\/users\/2"}],"replies":[{"embeddable":true,"href":"https:\/\/www.europesays.com\/fr\/wp-json\/wp\/v2\/comments?post=68358"}],"version-history":[{"count":0,"href":"https:\/\/www.europesays.com\/fr\/wp-json\/wp\/v2\/posts\/68358\/revisions"}],"wp:featuredmedia":[{"embeddable":true,"href":"https:\/\/www.europesays.com\/fr\/wp-json\/wp\/v2\/media\/68359"}],"wp:attachment":[{"href":"https:\/\/www.europesays.com\/fr\/wp-json\/wp\/v2\/media?parent=68358"}],"wp:term":[{"taxonomy":"category","embeddable":true,"href":"https:\/\/www.europesays.com\/fr\/wp-json\/wp\/v2\/categories?post=68358"},{"taxonomy":"post_tag","embeddable":true,"href":"https:\/\/www.europesays.com\/fr\/wp-json\/wp\/v2\/tags?post=68358"}],"curies":[{"name":"wp","href":"https:\/\/api.w.org\/{rel}","templated":true}]}}