{"id":683586,"date":"2026-01-23T11:29:10","date_gmt":"2026-01-23T11:29:10","guid":{"rendered":"https:\/\/www.europesays.com\/fr\/683586\/"},"modified":"2026-01-23T11:29:10","modified_gmt":"2026-01-23T11:29:10","slug":"alessandra-sublet-se-confie-sur-lhomme-de-sa-vie-quelle-a-rencontre-en-patagonie","status":"publish","type":"post","link":"https:\/\/www.europesays.com\/fr\/683586\/","title":{"rendered":"Alessandra Sublet se confie sur \u00ab\u00a0l\u2019homme de sa vie\u00a0\u00bb qu\u2019elle a rencontr\u00e9 en Patagonie"},"content":{"rendered":"<p>Alessandra Sublet va bient\u00f4t avoir 50 ans, et s\u2019est d\u00e9j\u00e0 mari\u00e9e deux fois. Une premi\u00e8re fois \u00e0 Thomas Volpi, directeur marketing, puis au producteur Cl\u00e9ment Miserez, p\u00e8re de Charlie n\u00e9e en\u00a02012, et d\u2019Alphonse en\u00a02014. \u00ab\u00a0Quand on divorce apr\u00e8s 40 ans, on a perdu l\u2019insouciance de la jeunesse et on se pose davantage de questions. On est moins libre, \u00e0 cause, des enfants et on est plus m\u00e9fiant surtout quand comme moi, on s\u2019est souvent fait larguer\u00a0\u00bb, a conc\u00e9d\u00e9 l\u2019<a href=\"https:\/\/www.20minutes.fr\/arts-stars\/television\/3268147-20220408-alessandra-sublet-arrete-animation-lancer-nouveau-defi\" rel=\"nofollow noopener\" target=\"_blank\" class=\"c-link c-link--is-underlined\">ancienne animatrice de t\u00e9l\u00e9vision<\/a> au magazine <a href=\"https:\/\/www.elle.fr\/grands-formats\/alessandra-sublet-j-ai-eu-envie-d-ecrire-ce-roman-c-etait-intuitif\" rel=\"nofollow noopener\" target=\"_blank\" class=\"c-link c-link--is-underlined\">Elle<\/a>.<\/p>\n<p>Pourtant, la vie r\u00e9serve parfois quelques surprises. \u00ab\u00a0Je me suis remari\u00e9e pour la troisi\u00e8me fois avec un homme que j\u2019ai rencontr\u00e9 en Patagonie\u00a0\u00bb, a r\u00e9v\u00e9l\u00e9 celle qui publie un nouveau livre, Toi que je n\u2019attendais plus, aux \u00e9ditions Robert Laffont, fin janvier, inspir\u00e9 par sa rencontre avec cet homme passionn\u00e9 par la mer. Au retour de son voyage, la <a href=\"https:\/\/www.20minutes.fr\/people\/4034610-20230427-alessandra-sublet-annonce-premier-seule-scene\" rel=\"nofollow noopener\" target=\"_blank\" class=\"c-link c-link--is-underlined\">com\u00e9dienne<\/a> a appel\u00e9 sa meilleure amie pour lui dire\u00a0: \u00ab\u00a0J\u2019ai rencontr\u00e9 l\u2019homme de ma vie\u00a0!\u00a0\u00bb<\/p>\n<p>Pour vivre heureux, vivons cach\u00e9s<\/p>\n<p>\u00ab\u00a0Apr\u00e8s deux ans et demi de c\u00e9libat, je n\u2019aurais jamais imagin\u00e9 aimer au point de me remarier une troisi\u00e8me fois, mais \u00e7a m\u2019est tomb\u00e9 dessus comme une fulgurance\u00a0\u00bb, a admis l\u2019ex-animatrice de <a href=\"https:\/\/www.20minutes.fr\/arts-stars\/television\/3302279-20220604-mask-singer-tf1-revele-remplace-alessandra-sublet-jarry-anggun-saison-4\" rel=\"nofollow noopener\" target=\"_blank\" class=\"c-link c-link--is-underlined\">The Mask Singer<\/a>, qui compte bien garder sa relation \u00e0 l\u2019abri des regards, dans le Sud de la France, o\u00f9 elle a b\u00e2ti sa nouvelle vie.<\/p>\n<p>\u00ab\u00a0Je prot\u00e8ge mon mari. J\u2019ai r\u00e9ussi \u00e0 me marier sans que les gens le sachent\u00a0\u00bb, a-t-elle aussi confi\u00e9 \u00e0 T\u00e9l\u00e9 Magazine. Mais comme l\u2019<a href=\"https:\/\/www.20minutes.fr\/people\/4012691-20221130-apres-tf1-alessandra-sublet-decroche-role-production-netflix\" rel=\"nofollow noopener\" target=\"_blank\" class=\"c-link c-link--is-underlined\">actrice<\/a> a d\u00e9dicac\u00e9 son dernier livre \u00e0 ses enfants et \u00e0 son mari, la nouvelle s\u2019est vite r\u00e9pandue. \u00ab\u00a0J\u2019aime mon mari, j\u2019aime mes enfants de tout mon c\u0153ur mais c\u2019est mon petit jardin secret, je les prot\u00e8ge. Ils n\u2019ont rien demand\u00e9, eux\u00a0\u00bb, glissait-elle \u00e9galement sur Novo 19, comme rep\u00e9r\u00e9 par <a href=\"https:\/\/www.programme-tv.net\/news\/people\/396404-il-faut-etre-ouvert-d-esprit-alessandra-sublet-evoque-la-relation-entre-son-nouveau-mari-et-ses-ex-compagnons\/\" rel=\"nofollow noopener\" target=\"_blank\" class=\"c-link c-link--is-underlined\">T\u00e9l\u00e9-Loisirs<\/a>.<\/p>\n","protected":false},"excerpt":{"rendered":"Alessandra Sublet va bient\u00f4t avoir 50 ans, et s\u2019est d\u00e9j\u00e0 mari\u00e9e deux fois. Une premi\u00e8re fois \u00e0 Thomas&hellip;\n","protected":false},"author":2,"featured_media":683587,"comment_status":"","ping_status":"","sticky":false,"template":"","format":"standard","meta":{"footnotes":""},"categories":[1359],"tags":[2594,76386,58,59,652,1011,27,1930,973,252,133,586],"class_list":{"0":"post-683586","1":"post","2":"type-post","3":"status-publish","4":"format-standard","5":"has-post-thumbnail","7":"category-people","8":"tag-actrice","9":"tag-alessandra-sublet","10":"tag-divertissement","11":"tag-entertainment","12":"tag-famille","13":"tag-fr","14":"tag-france","15":"tag-mariage","16":"tag-people","17":"tag-television","18":"tag-video","19":"tag-voyage"},"share_on_mastodon":{"url":"https:\/\/pubeurope.com\/@fr\/115944185132586851","error":""},"_links":{"self":[{"href":"https:\/\/www.europesays.com\/fr\/wp-json\/wp\/v2\/posts\/683586","targetHints":{"allow":["GET"]}}],"collection":[{"href":"https:\/\/www.europesays.com\/fr\/wp-json\/wp\/v2\/posts"}],"about":[{"href":"https:\/\/www.europesays.com\/fr\/wp-json\/wp\/v2\/types\/post"}],"author":[{"embeddable":true,"href":"https:\/\/www.europesays.com\/fr\/wp-json\/wp\/v2\/users\/2"}],"replies":[{"embeddable":true,"href":"https:\/\/www.europesays.com\/fr\/wp-json\/wp\/v2\/comments?post=683586"}],"version-history":[{"count":0,"href":"https:\/\/www.europesays.com\/fr\/wp-json\/wp\/v2\/posts\/683586\/revisions"}],"wp:featuredmedia":[{"embeddable":true,"href":"https:\/\/www.europesays.com\/fr\/wp-json\/wp\/v2\/media\/683587"}],"wp:attachment":[{"href":"https:\/\/www.europesays.com\/fr\/wp-json\/wp\/v2\/media?parent=683586"}],"wp:term":[{"taxonomy":"category","embeddable":true,"href":"https:\/\/www.europesays.com\/fr\/wp-json\/wp\/v2\/categories?post=683586"},{"taxonomy":"post_tag","embeddable":true,"href":"https:\/\/www.europesays.com\/fr\/wp-json\/wp\/v2\/tags?post=683586"}],"curies":[{"name":"wp","href":"https:\/\/api.w.org\/{rel}","templated":true}]}}