{"id":683588,"date":"2026-01-23T11:30:13","date_gmt":"2026-01-23T11:30:13","guid":{"rendered":"https:\/\/www.europesays.com\/fr\/683588\/"},"modified":"2026-01-23T11:30:13","modified_gmt":"2026-01-23T11:30:13","slug":"il-faut-se-reinventer-a-vannes-cecile-loiret-ferme-sa-galerie-dart-et-devient-itinerante","status":"publish","type":"post","link":"https:\/\/www.europesays.com\/fr\/683588\/","title":{"rendered":"\u00ab\u00a0Il faut se r\u00e9inventer\u00a0\u00bb\u00a0: \u00e0 Vannes, C\u00e9cile Loiret ferme sa galerie d\u2019art et devient itin\u00e9rante"},"content":{"rendered":"<p>Huit ans apr\u00e8s l\u2019ouverture de sa galerie d\u2019art \u00e0 Vannes, au 19 rue No\u00e9, C\u00e9cile Loiret a d\u00e9cid\u00e9 mettre la cl\u00e9 sous la porte. <a href=\"https:\/\/www.letelegramme.fr\/morbihan\/vannes-56000\/les-contemplatifs-de-lephemere-ferment-la-porte-de-leur-atelier-galerie-de-vannes-6919530.php\" target=\"_blank\" rel=\"noopener\">Apr\u00e8s la fermeture de l\u2019atelier-galerie Les contemplatifs de l\u2019\u00e9ph\u00e9m\u00e8re \u00e0 Vannes<\/a>, c\u2019est la deuxi\u00e8me galerie d\u2019art qui cesse son activit\u00e9 en trois mois dans le centre-ville. \u00c0 51 ans, <a href=\"https:\/\/www.letelegramme.fr\/morbihan\/vannes-56000\/span-classamorcevannesspan-une-nouvelle-galerie-dart-en-coeur-de-ville-3278160.php\" target=\"_blank\" rel=\"noopener\">C\u00e9cile Loiret<\/a> a d\u00e9cid\u00e9 de devenir itin\u00e9rante. \u00ab\u00a0C\u2019est une nouvelle aventure pour moi. Cela fait trente ans que je suis dans le milieu, un m\u00e9tier passion, que je vais poursuivre autrement. Il faut se r\u00e9inventer\u00a0\u00bb, explique-t-elle. La Vannetaise ne manque pas d\u2019id\u00e9es. Plusieurs expositions sont d\u00e9j\u00e0 act\u00e9es, aux Ateliers Belleville \u00e0 Paris en mai prochain, \u00e0 l\u2019abbaye Saint-Maurice et la long\u00e8re \u00e0 Clohars-Carno\u00ebt (29) cet \u00e9t\u00e9, \u00e0 Saint-Malo en 2027 pour le festival international du livre et du film. Et \u00e0 Vannes\u00a0? \u00ab\u00a0Je vais continuer de collaborer avec La Traverse. J\u2019aimerais bien trouver d\u2019autres lieux pour des expositions ponctuelles et, pourquoi pas, proposer des vitrines dans des commerces vides\u00a0\u00bb.<\/p>\n<p>Une exposition Floril\u00e8ge pour finir<\/p>\n<p>Elle ne les a pas compt\u00e9es mais, en huit ans, C\u00e9cile Loiret a mont\u00e9 une cinquantaine d\u2019expositions dans sa galerie. Avant de fermer, elle pr\u00e9sente l\u2019exposition \u00ab\u00a0Floril\u00e8ge\u00a0\u00bb jusqu\u2019\u00e0 ce samedi 24 janvier avec, pour ce dernier jour, un finissage \u00e0 partir de 17\u00a0h\u00a030. \u00ab\u00a0J\u2019ai essay\u00e9 de rassembler l\u2019essentiel des artistes que j\u2019ai d\u00e9fendus pendant huit ans et avec lesquels je vais continuer de travailler. Ils sont trente-cinq, je n\u2019ai pas assez de murs.\u00a0\u00bb De quoi r\u00e9galer les yeux une derni\u00e8re fois au 19 rue No\u00e9.<\/p>\n<p>Pratique<\/p>\n<p class=\"note\">Galerie C\u00e9cile Loiret\u00a0: exposition Floril\u00e8ge ce vendredi de 11\u00a0h \u00e0 19\u00a0h et samedi de 11\u00a0h \u00e0 13\u00a0h\u00a030 et de 15\u00a0h\u00a030 \u00e0 21\u00a0h\u00a030.<\/p>\n","protected":false},"excerpt":{"rendered":"Huit ans apr\u00e8s l\u2019ouverture de sa galerie d\u2019art \u00e0 Vannes, au 19 rue No\u00e9, C\u00e9cile Loiret a d\u00e9cid\u00e9&hellip;\n","protected":false},"author":2,"featured_media":683589,"comment_status":"","ping_status":"","sticky":false,"template":"","format":"standard","meta":{"footnotes":""},"categories":[1358],"tags":[1348,1384,1385,1386,58,59,1011,27,3165],"class_list":{"0":"post-683588","1":"post","2":"type-post","3":"status-publish","4":"format-standard","5":"has-post-thumbnail","7":"category-arts-et-design","8":"tag-arts","9":"tag-arts-and-design","10":"tag-arts-et-design","11":"tag-design","12":"tag-divertissement","13":"tag-entertainment","14":"tag-fr","15":"tag-france","16":"tag-vannes"},"share_on_mastodon":{"url":"https:\/\/pubeurope.com\/@fr\/115944189001405188","error":""},"_links":{"self":[{"href":"https:\/\/www.europesays.com\/fr\/wp-json\/wp\/v2\/posts\/683588","targetHints":{"allow":["GET"]}}],"collection":[{"href":"https:\/\/www.europesays.com\/fr\/wp-json\/wp\/v2\/posts"}],"about":[{"href":"https:\/\/www.europesays.com\/fr\/wp-json\/wp\/v2\/types\/post"}],"author":[{"embeddable":true,"href":"https:\/\/www.europesays.com\/fr\/wp-json\/wp\/v2\/users\/2"}],"replies":[{"embeddable":true,"href":"https:\/\/www.europesays.com\/fr\/wp-json\/wp\/v2\/comments?post=683588"}],"version-history":[{"count":0,"href":"https:\/\/www.europesays.com\/fr\/wp-json\/wp\/v2\/posts\/683588\/revisions"}],"wp:featuredmedia":[{"embeddable":true,"href":"https:\/\/www.europesays.com\/fr\/wp-json\/wp\/v2\/media\/683589"}],"wp:attachment":[{"href":"https:\/\/www.europesays.com\/fr\/wp-json\/wp\/v2\/media?parent=683588"}],"wp:term":[{"taxonomy":"category","embeddable":true,"href":"https:\/\/www.europesays.com\/fr\/wp-json\/wp\/v2\/categories?post=683588"},{"taxonomy":"post_tag","embeddable":true,"href":"https:\/\/www.europesays.com\/fr\/wp-json\/wp\/v2\/tags?post=683588"}],"curies":[{"name":"wp","href":"https:\/\/api.w.org\/{rel}","templated":true}]}}