{"id":683592,"date":"2026-01-23T11:33:10","date_gmt":"2026-01-23T11:33:10","guid":{"rendered":"https:\/\/www.europesays.com\/fr\/683592\/"},"modified":"2026-01-23T11:33:10","modified_gmt":"2026-01-23T11:33:10","slug":"mika-en-deuil-apres-avoir-perdu-cette-fidele-compagne-a-qui-il-a-dedie-une-chanson","status":"publish","type":"post","link":"https:\/\/www.europesays.com\/fr\/683592\/","title":{"rendered":"Mika en deuil apr\u00e8s avoir perdu cette fid\u00e8le compagne, \u00e0 qui il a d\u00e9di\u00e9 une chanson"},"content":{"rendered":"<p>Mika a rendu hommage \u00e0 sa chienne de la plus belle des fa\u00e7ons. De passage dans <a href=\"https:\/\/www.france.tv\/france-5\/c-a-vous-la-suite\/saison-17\/8064831-emission-du-jeudi-22-janvier-2026.html\" rel=\"nofollow noopener\" target=\"_blank\" class=\"c-link c-link--is-underlined\">C \u00e0 vous<\/a> le 22\u00a0janvier pour la sortie de son nouvel album, Hyperlove, <a href=\"https:\/\/www.20minutes.fr\/arts-stars\/people\/4121885-20241118-the-voice-mika-annonce-arreter-toutes-emissions-tele-france\" target=\"_blank\" class=\"c-link c-link--is-underlined\" rel=\"noopener\">le chanteur<\/a> de 42 ans a r\u00e9v\u00e9l\u00e9 que l\u2019un des singles de l\u2019opus, Immortal love, avait \u00e9t\u00e9 d\u00e9di\u00e9 \u00e0 l\u2019animal qui l\u2019a accompagn\u00e9 pendant \u00ab\u00a016 ans\u00a0\u00bb, comme l\u2019a soulign\u00e9 Anne-\u00c9lisabeth Lemoine.<\/p>\n<p>\u00ab\u00a0Elle est morte il y a quelques jours\u00a0\u00bb, a confi\u00e9 <a href=\"https:\/\/www.20minutes.fr\/arts-stars\/insolite\/4121574-20241115-quand-mika-debarque-college-calais-surprendre-eleve\" target=\"_blank\" class=\"c-link c-link--is-underlined\" rel=\"noopener\">l\u2019artiste<\/a>, pr\u00e9cisant que cela faisait m\u00eame une semaine pour \u00eatre exact. \u00ab\u00a0Quand elle est partie, on savait que c\u2019\u00e9tait le moment parce que derri\u00e8re les yeux, il n\u2019y avait pas la m\u00eame charge \u00e9lectrique\u00a0\u00bb.<\/p>\n<p>Une inspiration<\/p>\n<p>En \u00e9voquant cette perte autour de lui, <a href=\"https:\/\/www.20minutes.fr\/arts-stars\/culture\/4106808-20240823-mika-chanteur-revient-origine-tube-relax\" target=\"_blank\" class=\"c-link c-link--is-underlined\" rel=\"noopener\">le chanteur de Relax<\/a> a pris conscience que peu de personnes, selon lui, osent parler de leurs fid\u00e8les compagnons. \u00ab\u00a0On a l\u2019impression qu\u2019on a honte de parler de nos chiens, m\u00eame si on aime souvent nos chiens plus que les personnes\u00a0\u00bb, a-t-il analys\u00e9.<\/p>\n<p>Mais lui est fier d\u2019\u00e9voquer sa chienne, qui l\u2019a m\u00eame aid\u00e9 \u00e0 trouver un sens \u00e0 Immortal love. \u00ab\u00a0J\u2019\u00e9tais en train d\u2019\u00e9crire cet album. Vers la fin, j\u2019avais une belle m\u00e9lodie, je ne savais pas quoi faire avec\u00a0\u00bb, a-t-il racont\u00e9, ajoutant que le th\u00e8me de la chanson lui \u00e9tait tomb\u00e9 dessus \u00ab\u00a0par hasard\u00a0\u00bb. \u00ab\u00a0Tout d\u2019un coup, elle rentre, elle me regarde et je me dis\u00a0: \u00ab\u00a0Mais je suis b\u00eate, c\u2019est tellement \u00e9vident\u00a0\u00bb\u00a0\u00bb.<\/p>\n","protected":false},"excerpt":{"rendered":"Mika a rendu hommage \u00e0 sa chienne de la plus belle des fa\u00e7ons. De passage dans C \u00e0&hellip;\n","protected":false},"author":2,"featured_media":683593,"comment_status":"","ping_status":"","sticky":false,"template":"","format":"standard","meta":{"footnotes":""},"categories":[1355],"tags":[5632,4850,58,59,1011,27,45959,1361,873,973,133],"class_list":{"0":"post-683592","1":"post","2":"type-post","3":"status-publish","4":"format-standard","5":"has-post-thumbnail","7":"category-musique","8":"tag-c-a-vous","9":"tag-chien","10":"tag-divertissement","11":"tag-entertainment","12":"tag-fr","13":"tag-france","14":"tag-mika","15":"tag-music","16":"tag-musique","17":"tag-people","18":"tag-video"},"share_on_mastodon":{"url":"https:\/\/pubeurope.com\/@fr\/115944200859851893","error":""},"_links":{"self":[{"href":"https:\/\/www.europesays.com\/fr\/wp-json\/wp\/v2\/posts\/683592","targetHints":{"allow":["GET"]}}],"collection":[{"href":"https:\/\/www.europesays.com\/fr\/wp-json\/wp\/v2\/posts"}],"about":[{"href":"https:\/\/www.europesays.com\/fr\/wp-json\/wp\/v2\/types\/post"}],"author":[{"embeddable":true,"href":"https:\/\/www.europesays.com\/fr\/wp-json\/wp\/v2\/users\/2"}],"replies":[{"embeddable":true,"href":"https:\/\/www.europesays.com\/fr\/wp-json\/wp\/v2\/comments?post=683592"}],"version-history":[{"count":0,"href":"https:\/\/www.europesays.com\/fr\/wp-json\/wp\/v2\/posts\/683592\/revisions"}],"wp:featuredmedia":[{"embeddable":true,"href":"https:\/\/www.europesays.com\/fr\/wp-json\/wp\/v2\/media\/683593"}],"wp:attachment":[{"href":"https:\/\/www.europesays.com\/fr\/wp-json\/wp\/v2\/media?parent=683592"}],"wp:term":[{"taxonomy":"category","embeddable":true,"href":"https:\/\/www.europesays.com\/fr\/wp-json\/wp\/v2\/categories?post=683592"},{"taxonomy":"post_tag","embeddable":true,"href":"https:\/\/www.europesays.com\/fr\/wp-json\/wp\/v2\/tags?post=683592"}],"curies":[{"name":"wp","href":"https:\/\/api.w.org\/{rel}","templated":true}]}}