{"id":683675,"date":"2026-01-23T12:19:15","date_gmt":"2026-01-23T12:19:15","guid":{"rendered":"https:\/\/www.europesays.com\/fr\/683675\/"},"modified":"2026-01-23T12:19:15","modified_gmt":"2026-01-23T12:19:15","slug":"premiere-reunion-russie-etats-unis-ukraine-a-abou-dhabi","status":"publish","type":"post","link":"https:\/\/www.europesays.com\/fr\/683675\/","title":{"rendered":"Premi\u00e8re r\u00e9union Russie\u2013\u00c9tats-Unis\u2013Ukraine \u00e0 Abou Dhabi"},"content":{"rendered":"<p class=\"ys-paragraph-node align-justify\">S\u2019exprimant lors d\u2019un point presse \u00e0 Moscou, apr\u00e8s environ quatre heures d\u2019\u00e9changes entre la Russie et les \u00c9tats-Unis, Iouri Ouchakov a pr\u00e9cis\u00e9 que cette d\u00e9cision avait \u00e9t\u00e9 prise \u00e0 l\u2019issue d\u2019une rencontre entre le pr\u00e9sident russe Vladimir Poutine et une d\u00e9l\u00e9gation am\u00e9ricaine. Celle-ci comprenait les envoy\u00e9s sp\u00e9ciaux Steve Witkoff et Jared Kushner, ainsi que Josh Gruenbaum, commissaire du Service f\u00e9d\u00e9ral des acquisitions.<\/p>\n<p class=\"ys-paragraph-node align-justify\">C\u00f4t\u00e9 russe, la d\u00e9l\u00e9gation \u00e9tait repr\u00e9sent\u00e9e par l\u2019\u00e9missaire pr\u00e9sidentiel Kirill Dmitriev et Iouri Ouchakov.<\/p>\n<p>\u00ab\u00a0Il a \u00e9t\u00e9 convenu qu\u2019aujourd\u2019hui, vendredi 23 janvier, se tiendra \u00e0 Abou Dhabi la premi\u00e8re r\u00e9union du groupe de travail trilat\u00e9ral sur les questions de s\u00e9curit\u00e9. Ce groupe de travail r\u00e9unit des repr\u00e9sentants de la Russie, des \u00c9tats-Unis et de l\u2019Ukraine\u00a0\u00bb<\/p>\n<p>, a-t-il d\u00e9clar\u00e9.<\/p>\n<p class=\"ys-paragraph-node align-justify\">Selon Iouri Ouchakov, la d\u00e9l\u00e9gation russe charg\u00e9e de ces discussions aux \u00c9mirats arabes unis a d\u00e9j\u00e0 \u00e9t\u00e9 constitu\u00e9e, a re\u00e7u les instructions pr\u00e9sidentielles et doit quitter la Russie pour ce pays arabe dans les prochaines heures.<\/p>\n<p>Les efforts am\u00e9ricains salu\u00e9s<\/p>\n<p><strong class=\"ys-bold-node\"><\/p>\n<p>La partie russe sera conduite \u00e0 Abou Dhabi par Igor Kostyukov, chef de la Direction principale de l\u2019\u00e9tat-major g\u00e9n\u00e9ral des forces arm\u00e9es russes.<\/p>\n<p><\/strong><\/p>\n<p class=\"ys-paragraph-node align-justify\">Par ailleurs, une r\u00e9union bilat\u00e9rale distincte portant sur les questions \u00e9conomiques est \u00e9galement programm\u00e9e \u00e0 Abou Dhabi entre Kirill Dmitriev et l\u2019envoy\u00e9 am\u00e9ricain Steve Witkoff.<\/p>\n<p>Iouri Ouchakov a salu\u00e9 le r\u00f4le des \u00c9tats-Unis dans l\u2019organisation de cette rencontre, estimant que Washington <\/p>\n<p> pour sa pr\u00e9paration et compte sur son succ\u00e8s. Il a ajout\u00e9 que des repr\u00e9sentants am\u00e9ricains pr\u00e9parent d\u00e9j\u00e0 des plans susceptibles d\u2019\u00eatre appliqu\u00e9s apr\u00e8s un r\u00e8glement du conflit en Ukraine.<\/p>\n<p class=\"ys-paragraph-node align-justify\">Le conseiller a expliqu\u00e9 que les discussions au Kremlin avaient notamment port\u00e9 sur les conclusions des r\u00e9cents contacts am\u00e9ricains avec des responsables ukrainiens et europ\u00e9ens.<\/p>\n<p class=\"ys-paragraph-node align-justify\">La d\u00e9l\u00e9gation am\u00e9ricaine a, selon lui, partag\u00e9 directement avec Vladimir Poutine son \u00e9valuation de la rencontre entre le pr\u00e9sident am\u00e9ricain Donald Trump et le pr\u00e9sident ukrainien Volodymyr Zelensky \u00e0 Davos, en Suisse.<\/p>\n<p>\u00ab\u00a0Les interlocuteurs, comme vous le savez, arrivent de Davos, o\u00f9 ils ont particip\u00e9 \u00e0 une s\u00e9rie d\u2019\u00e9v\u00e9nements aux c\u00f4t\u00e9s de leur pr\u00e9sident, Donald Trump, litt\u00e9ralement avant leur d\u00e9part pour Moscou, y compris ceux li\u00e9s au r\u00e8glement du dossier ukrainien\u00a0\u00bb<\/p>\n<p>, a-t-il indiqu\u00e9.<\/p>\n<p><strong class=\"ys-bold-node\"><\/p>\n<p>Iouri Ouchakov a par ailleurs affirm\u00e9 que la Russie avait fait comprendre qu\u2019il est <\/p>\n<p>\u00ab\u00a0impossible de compter sur un r\u00e8glement durable en Ukraine\u00a0\u00bb<\/p>\n<p> sans r\u00e9soudre les questions territoriales.<\/p>\n<p><\/strong><\/p>\n<p>Enfin, les deux parties ont convenu de maintenir des contacts \u00e9troits sur la question ukrainienne et sur d\u2019autres dossiers \u00e0 venir. La r\u00e9union au Kremlin a \u00e9galement abord\u00e9 l\u2019initiative de Donald Trump visant \u00e0 cr\u00e9er un <\/p>\n<p>, ainsi que la situation autour du Groenland.<\/p>\n","protected":false},"excerpt":{"rendered":"S\u2019exprimant lors d\u2019un point presse \u00e0 Moscou, apr\u00e8s environ quatre heures d\u2019\u00e9changes entre la Russie et les \u00c9tats-Unis,&hellip;\n","protected":false},"author":2,"featured_media":683676,"comment_status":"","ping_status":"","sticky":false,"template":"","format":"standard","meta":{"footnotes":""},"categories":[1591],"tags":[78021,11,312,1887,12,78066,1885,1886,132],"class_list":{"0":"post-683675","1":"post","2":"type-post","3":"status-publish","4":"format-standard","5":"has-post-thumbnail","7":"category-russie","8":"tag-abou-dhabi","9":"tag-actualites","10":"tag-diplomatie","11":"tag-federation-de-russie","12":"tag-news","13":"tag-reunion-trilaterale-etats-unis-russie-ukraine","14":"tag-russia","15":"tag-russian-federation","16":"tag-russie"},"share_on_mastodon":{"url":"https:\/\/pubeurope.com\/@fr\/115944381804225989","error":""},"_links":{"self":[{"href":"https:\/\/www.europesays.com\/fr\/wp-json\/wp\/v2\/posts\/683675","targetHints":{"allow":["GET"]}}],"collection":[{"href":"https:\/\/www.europesays.com\/fr\/wp-json\/wp\/v2\/posts"}],"about":[{"href":"https:\/\/www.europesays.com\/fr\/wp-json\/wp\/v2\/types\/post"}],"author":[{"embeddable":true,"href":"https:\/\/www.europesays.com\/fr\/wp-json\/wp\/v2\/users\/2"}],"replies":[{"embeddable":true,"href":"https:\/\/www.europesays.com\/fr\/wp-json\/wp\/v2\/comments?post=683675"}],"version-history":[{"count":0,"href":"https:\/\/www.europesays.com\/fr\/wp-json\/wp\/v2\/posts\/683675\/revisions"}],"wp:featuredmedia":[{"embeddable":true,"href":"https:\/\/www.europesays.com\/fr\/wp-json\/wp\/v2\/media\/683676"}],"wp:attachment":[{"href":"https:\/\/www.europesays.com\/fr\/wp-json\/wp\/v2\/media?parent=683675"}],"wp:term":[{"taxonomy":"category","embeddable":true,"href":"https:\/\/www.europesays.com\/fr\/wp-json\/wp\/v2\/categories?post=683675"},{"taxonomy":"post_tag","embeddable":true,"href":"https:\/\/www.europesays.com\/fr\/wp-json\/wp\/v2\/tags?post=683675"}],"curies":[{"name":"wp","href":"https:\/\/api.w.org\/{rel}","templated":true}]}}