{"id":683683,"date":"2026-01-23T12:23:20","date_gmt":"2026-01-23T12:23:20","guid":{"rendered":"https:\/\/www.europesays.com\/fr\/683683\/"},"modified":"2026-01-23T12:23:20","modified_gmt":"2026-01-23T12:23:20","slug":"litalie-et-lallemagne-cherchent-a-garantir-la-securite-des-matieres-premieres-face-aux-inquietudes-liees-a-la-chine","status":"publish","type":"post","link":"https:\/\/www.europesays.com\/fr\/683683\/","title":{"rendered":"L&rsquo;Italie et l&rsquo;Allemagne cherchent \u00e0 garantir la s\u00e9curit\u00e9 des mati\u00e8res premi\u00e8res face aux inqui\u00e9tudes li\u00e9es \u00e0 la Chine"},"content":{"rendered":"<p>                    L&rsquo;Italie et l&rsquo;Allemagne se sont engag\u00e9es \u00e0 assurer la s\u00e9curit\u00e9 des cha\u00eenes d&rsquo;approvisionnement en mati\u00e8res premi\u00e8res essentielles \u00e0 leurs \u00e9conomies, selon une d\u00e9claration conjointe publi\u00e9e vendredi, alors que Rome exhorte ses partenaires \u00e0 coop\u00e9rer face \u00e0 l&rsquo;influence croissante de la Chine sur les prix.<\/p>\n<p>Ce document politique, consult\u00e9 par Reuters, a \u00e9t\u00e9 r\u00e9dig\u00e9 dans le cadre d&rsquo;un sommet intergouvernemental organis\u00e9 dans la capitale italienne entre les deux pays, en pr\u00e9sence de la Pr\u00e9sidente du Conseil Giorgia Meloni et du Chancelier Friedrich Merz.<\/p>\n<p>\u00ab\u00a0Nous ne pouvons pas accepter que la Chine soit seule \u00e0 d\u00e9cider du prix des mati\u00e8res premi\u00e8res,\u00a0\u00bb a d\u00e9clar\u00e9 le ministre des Affaires \u00e9trang\u00e8res Antonio Tajani lors d&rsquo;un forum \u00e9conomique italo-allemand. \u00ab\u00a0L&rsquo;Italie et l&rsquo;Allemagne veulent une strat\u00e9gie commune et nous esp\u00e9rons que d&rsquo;autres pays adopteront cette approche.\u00a0\u00bb<\/p>\n<p>Dans leur d\u00e9claration conjointe, les deux pays ont affirm\u00e9 qu&rsquo;ils travailleraient ensemble pour s\u00e9curiser les cha\u00eenes d&rsquo;approvisionnement \u00ab\u00a0pour les mati\u00e8res premi\u00e8res critiques essentielles aux technologies strat\u00e9giques et aux applications sectorielles\u00a0\u00bb, dans le but de renforcer la s\u00e9curit\u00e9 \u00e9conomique.<\/p>\n<p>Une source gouvernementale italienne a indiqu\u00e9 que les secteurs du silicium et des semi-conducteurs avaient \u00e9t\u00e9 identifi\u00e9s comme prioritaires pour la coop\u00e9ration entre les deux pays.<\/p>\n<p>Rome et Berlin &#8212; les principales \u00e9conomies manufacturi\u00e8res de l&rsquo;Union europ\u00e9enne &#8212; ont estim\u00e9 que la s\u00e9curisation des approvisionnements en mati\u00e8res premi\u00e8res critiques repr\u00e9sentait \u00e9galement une opportunit\u00e9 de renforcer la coop\u00e9ration entre les 27 membres du bloc, les alli\u00e9s transatlantiques et des \u00ab\u00a0partenaires internationaux partageant les m\u00eames valeurs\u00a0\u00bb.<\/p>\n","protected":false},"excerpt":{"rendered":"L&rsquo;Italie et l&rsquo;Allemagne se sont engag\u00e9es \u00e0 assurer la s\u00e9curit\u00e9 des cha\u00eenes d&rsquo;approvisionnement en mati\u00e8res premi\u00e8res essentielles \u00e0&hellip;\n","protected":false},"author":2,"featured_media":683684,"comment_status":"","ping_status":"","sticky":false,"template":"","format":"standard","meta":{"footnotes":""},"categories":[1587],"tags":[11,672,340,1804,1805,1803,1777,674,1801,12,1802],"class_list":{"0":"post-683683","1":"post","2":"type-post","3":"status-publish","4":"format-standard","5":"has-post-thumbnail","7":"category-allemagne","8":"tag-actualites","9":"tag-allemagne","10":"tag-bourse","11":"tag-bundesrepublik-deutschland","12":"tag-de","13":"tag-deutschland","14":"tag-eu","15":"tag-europe","16":"tag-germany","17":"tag-news","18":"tag-republique-federale-dallemagne"},"share_on_mastodon":{"url":"https:\/\/pubeurope.com\/@fr\/115944397498219280","error":""},"_links":{"self":[{"href":"https:\/\/www.europesays.com\/fr\/wp-json\/wp\/v2\/posts\/683683","targetHints":{"allow":["GET"]}}],"collection":[{"href":"https:\/\/www.europesays.com\/fr\/wp-json\/wp\/v2\/posts"}],"about":[{"href":"https:\/\/www.europesays.com\/fr\/wp-json\/wp\/v2\/types\/post"}],"author":[{"embeddable":true,"href":"https:\/\/www.europesays.com\/fr\/wp-json\/wp\/v2\/users\/2"}],"replies":[{"embeddable":true,"href":"https:\/\/www.europesays.com\/fr\/wp-json\/wp\/v2\/comments?post=683683"}],"version-history":[{"count":0,"href":"https:\/\/www.europesays.com\/fr\/wp-json\/wp\/v2\/posts\/683683\/revisions"}],"wp:featuredmedia":[{"embeddable":true,"href":"https:\/\/www.europesays.com\/fr\/wp-json\/wp\/v2\/media\/683684"}],"wp:attachment":[{"href":"https:\/\/www.europesays.com\/fr\/wp-json\/wp\/v2\/media?parent=683683"}],"wp:term":[{"taxonomy":"category","embeddable":true,"href":"https:\/\/www.europesays.com\/fr\/wp-json\/wp\/v2\/categories?post=683683"},{"taxonomy":"post_tag","embeddable":true,"href":"https:\/\/www.europesays.com\/fr\/wp-json\/wp\/v2\/tags?post=683683"}],"curies":[{"name":"wp","href":"https:\/\/api.w.org\/{rel}","templated":true}]}}