{"id":683685,"date":"2026-01-23T12:24:15","date_gmt":"2026-01-23T12:24:15","guid":{"rendered":"https:\/\/www.europesays.com\/fr\/683685\/"},"modified":"2026-01-23T12:24:15","modified_gmt":"2026-01-23T12:24:15","slug":"en-2025-leolien-et-le-solaire-ont-depasse-les-energies-fossiles-en-europe-et-cest-une-grande-premiere","status":"publish","type":"post","link":"https:\/\/www.europesays.com\/fr\/683685\/","title":{"rendered":"En 2025, l&rsquo;\u00e9olien et le solaire ont d\u00e9pass\u00e9 les \u00e9nergies fossiles en Europe (et c&rsquo;est une grande premi\u00e8re !)"},"content":{"rendered":"<p>Voil\u00e0 enfin une vraie bonne nouvelle pour d\u00e9marrer une ann\u00e9e 2026 partie sur des bases assez morose : en 2025, deux sources renouvelables \u2014 l\u2019\u00e9olien et le solaire \u2014 ont g\u00e9n\u00e9r\u00e9 davantage d\u2019\u00e9lectricit\u00e9 que l\u2019ensemble des \u00e9nergies fossiles sur le continent europ\u00e9en. ! C\u2019est \u00e9videmment une grande premi\u00e8re, mais il faudra faire encore beaucoup plus pour infl\u00e9chir la courbe d\u2019augmentation des temp\u00e9ratures, sachant que l\u2019Europe n\u2019est pas la seule \u00e0 devoir faire des efforts : la crise climatique est autant mondiale que syst\u00e9mique.<\/p>\n<p>Les renouvelables deviennent la premi\u00e8re source d\u2019\u00e9lectricit\u00e9 en Europe<\/p>\n<p>Selon donc les donn\u00e9es du think tank <strong>Ember<\/strong>, les \u00e9nergies renouvelables ont fourni plus de 50 % de l\u2019\u00e9lectricit\u00e9 produite dans l\u2019Union europ\u00e9enne en 2025. \u00c0 elles seules, l\u2019\u00e9nergie \u00e9olienne et le solaire ont repr\u00e9sent\u00e9 environ 30 % du mix \u00e9lectrique, contre 29 % pour toutes les sources fossiles combin\u00e9es. Une premi\u00e8re historique qui confirme l\u2019acc\u00e9l\u00e9ration structurelle de la transition \u00e9nerg\u00e9tique europ\u00e9enne.<\/p>\n<p><img loading=\"lazy\" decoding=\"async\" class=\"aligncenter size-large wp-image-242790\" src=\"https:\/\/www.europesays.com\/fr\/wp-content\/uploads\/2026\/01\/eolienne-1024x682.jpg\" alt=\"eolienne\" width=\"1024\" height=\"682\"  \/><\/p>\n<p>Le solaire s\u2019impose comme la fili\u00e8re la plus dynamique, avec une croissance annuelle proche de 20 %. Ce dernier repr\u00e9sente d\u00e9sormais pr\u00e8s de 13 % de la production \u00e9lectrique totale du continent. Certains pays se d\u00e9marquent particuli\u00e8rement, notamment la Hongrie, Chypre, la Gr\u00e8ce, l\u2019Espagne et les Pays-Bas, qui ont fortement acc\u00e9l\u00e9r\u00e9 leurs capacit\u00e9s photovolta\u00efques.<\/p>\n<p>Une transition port\u00e9e par la r\u00e9duction des co\u00fbts \u00e9nerg\u00e9tiques<\/p>\n<p>Si l\u2019urgence climatique reste un moteur essentiel, la bascule vers les renouvelables s\u2019explique aussi par des consid\u00e9rations \u00e9conomiques. En 2025, l\u2019Union europ\u00e9enne a prioris\u00e9 la baisse des factures \u00e9nerg\u00e9tiques pour les m\u00e9nages et les entreprises. Or, les autorit\u00e9s europ\u00e9ennes ont identifi\u00e9 une cause centrale \u00e0 la volatilit\u00e9 des prix : la d\u00e9pendance aux combustibles fossiles import\u00e9s, co\u00fbteux et g\u00e9opolitiquement instables.<\/p>\n<blockquote class=\"twitter-tweet\">\n<p dir=\"ltr\" lang=\"en\">NEW | Wind and solar generated more power than fossil fuels in the EU for the FIRST time ever.<\/p>\n<p>\ud83c\udf2a\ufe0f and \u2600\ufe0f made up a RECORD 30% of \ud83c\uddea\ud83c\uddfa electricity, up from 20% just five years ago.<a href=\"https:\/\/t.co\/Xc3t0VEw14\" rel=\"external nofollow\">https:\/\/t.co\/Xc3t0VEw14<\/a> <a href=\"https:\/\/t.co\/PMXuUTBzKP\" rel=\"external nofollow\">pic.twitter.com\/PMXuUTBzKP<\/a><\/p>\n<p>\u2014 Ember (@ember_energy) <a href=\"https:\/\/twitter.com\/ember_energy\/status\/2014231828127715674?ref_src=twsrc%5Etfw\" rel=\"external nofollow noopener\" target=\"_blank\">January 22, 2026<\/a><\/p>\n<\/blockquote>\n<p>Dans ce contexte, le recul du charbon s\u2019est acc\u00e9l\u00e9r\u00e9, tandis que le gaz est devenu la principale source fossile sous pression, tant pour son impact climatique que pour son co\u00fbt. \u00c0 l\u2019inverse, l\u2019\u00e9olien et le solaire offrent d\u00e9sormais une production locale, stable et de plus en plus comp\u00e9titive, renfor\u00e7ant l\u2019ind\u00e9pendance \u00e9nerg\u00e9tique du continent. On notera que la France dispose d\u2019un environnement singulier par rapport \u00e0 ses voisins europ\u00e9ens, le gros de sa consommation \u00e9lectrique \u00e9tant assur\u00e9 par ses centrales nucl\u00e9aires, elles aussi tr\u00e8s peu productrices de CO2 ou de gaz \u00e0 effets de serre.<\/p>\n<p><img loading=\"lazy\" decoding=\"async\" class=\"aligncenter size-large wp-image-345125\" src=\"https:\/\/www.europesays.com\/fr\/wp-content\/uploads\/2026\/01\/panneaux-solaires-1024x683.jpg\" alt=\"Panneaux Solaires\" width=\"1024\" height=\"683\"  \/><\/p>\n<p>Ces chiffres \u00e9tonnants confirment en tout cas que la transition \u00e9nerg\u00e9tique europ\u00e9enne n\u2019est plus seulement un objectif environnemental, mais bien d\u00e9j\u00e0 une r\u00e9alit\u00e9, m\u00eame s\u2019il reste du chemin \u00e0 parcourir. L\u2019Europe semble entrer dans une nouvelle phase de son mod\u00e8le \u00e9nerg\u00e9tique, o\u00f9 les renouvelables ne sont plus une alternative, mais bel et bien la norme.<\/p>\n<p>\u00a0<\/p>\n<p><script async src=\"https:\/\/platform.twitter.com\/widgets.js\" charset=\"utf-8\"><\/script><\/p>\n","protected":false},"excerpt":{"rendered":"Voil\u00e0 enfin une vraie bonne nouvelle pour d\u00e9marrer une ann\u00e9e 2026 partie sur des bases assez morose :&hellip;\n","protected":false},"author":2,"featured_media":683686,"comment_status":"","ping_status":"","sticky":false,"template":"","format":"standard","meta":{"footnotes":""},"categories":[1586],"tags":[11,1129,21253,580,78067,1777,674,1011,27,12,25],"class_list":{"0":"post-683685","1":"post","2":"type-post","3":"status-publish","4":"format-standard","5":"has-post-thumbnail","7":"category-europe","8":"tag-actualites","9":"tag-climat","10":"tag-energie-renouvelable","11":"tag-energie-solaire","12":"tag-eolienne","13":"tag-eu","14":"tag-europe","15":"tag-fr","16":"tag-france","17":"tag-news","18":"tag-republique-francaise"},"share_on_mastodon":{"url":"https:\/\/pubeurope.com\/@fr\/115944401497278697","error":""},"_links":{"self":[{"href":"https:\/\/www.europesays.com\/fr\/wp-json\/wp\/v2\/posts\/683685","targetHints":{"allow":["GET"]}}],"collection":[{"href":"https:\/\/www.europesays.com\/fr\/wp-json\/wp\/v2\/posts"}],"about":[{"href":"https:\/\/www.europesays.com\/fr\/wp-json\/wp\/v2\/types\/post"}],"author":[{"embeddable":true,"href":"https:\/\/www.europesays.com\/fr\/wp-json\/wp\/v2\/users\/2"}],"replies":[{"embeddable":true,"href":"https:\/\/www.europesays.com\/fr\/wp-json\/wp\/v2\/comments?post=683685"}],"version-history":[{"count":0,"href":"https:\/\/www.europesays.com\/fr\/wp-json\/wp\/v2\/posts\/683685\/revisions"}],"wp:featuredmedia":[{"embeddable":true,"href":"https:\/\/www.europesays.com\/fr\/wp-json\/wp\/v2\/media\/683686"}],"wp:attachment":[{"href":"https:\/\/www.europesays.com\/fr\/wp-json\/wp\/v2\/media?parent=683685"}],"wp:term":[{"taxonomy":"category","embeddable":true,"href":"https:\/\/www.europesays.com\/fr\/wp-json\/wp\/v2\/categories?post=683685"},{"taxonomy":"post_tag","embeddable":true,"href":"https:\/\/www.europesays.com\/fr\/wp-json\/wp\/v2\/tags?post=683685"}],"curies":[{"name":"wp","href":"https:\/\/api.w.org\/{rel}","templated":true}]}}