{"id":683695,"date":"2026-01-23T12:31:18","date_gmt":"2026-01-23T12:31:18","guid":{"rendered":"https:\/\/www.europesays.com\/fr\/683695\/"},"modified":"2026-01-23T12:31:18","modified_gmt":"2026-01-23T12:31:18","slug":"et-un-et-deux-et-trois-matchs-de-rugby-a-gaston-petit-en-2026","status":"publish","type":"post","link":"https:\/\/www.europesays.com\/fr\/683695\/","title":{"rendered":"Et un, et deux, et trois matchs de rugby \u00e0 Gaston-Petit en 2026"},"content":{"rendered":"<p>Le stade Gaston-Petit de Ch\u00e2teauroux imitera-t-il un jour le stade de la Rabine de Vannes\u00a0? Le 19\u00a0juin 2026, l\u2019enceinte bretonne sera ni plus ni moins que le th\u00e9\u00e2tre d\u2019un crunch (amical) entre le XV de France et l\u2019Angleterre apr\u00e8s avoir d\u00e9j\u00e0 accueilli un match de l\u2019\u00e9quipe de France U20 (en f\u00e9vrier\u00a02025, face au pays de Galles), deux ans apr\u00e8s avoir re\u00e7u l\u2019\u00e9quipe de France f\u00e9minine lors du troisi\u00e8me match du Tournoi des 6 nations 2023 face \u00e0 l\u2019\u00c9cosse&#8230;. <\/p>\n<p>    Cet article a \u00e9t\u00e9 tronqu\u00e9. Abonnez-vous pour lire l&rsquo;article complet sur notre site.<\/p>\n<p style=\"margin: 0 !important; padding: 0 !important; font-size: 12px !important;\">Cet article a \u00e9t\u00e9 tronqu\u00e9. Abonnez-vous pour lire l&rsquo;article complet.<\/p>\n<p>    <a href=\"https:\/\/www.lanouvellerepublique.fr\/abonnements\" style=\"display: inline-block; margin-top: 5px !important; padding: 6px 12px !important; background: #cb1c27; color: white; text-decoration: none; border-radius: 4px; font-size: 12px !important;\" target=\"_blank\" rel=\"noopener\"><br \/>\n      S&rsquo;abonner<br \/>\n    <\/a><\/p>\n","protected":false},"excerpt":{"rendered":"Le stade Gaston-Petit de Ch\u00e2teauroux imitera-t-il un jour le stade de la Rabine de Vannes\u00a0? Le 19\u00a0juin 2026,&hellip;\n","protected":false},"author":2,"featured_media":683696,"comment_status":"","ping_status":"","sticky":false,"template":"","format":"standard","meta":{"footnotes":""},"categories":[1416],"tags":[1392,4351,7073,1011,27,5052,479,1468,60,478],"class_list":{"0":"post-683695","1":"post","2":"type-post","3":"status-publish","4":"format-standard","5":"has-post-thumbnail","7":"category-rugby","8":"tag-a-la-une-local","9":"tag-chateauroux","10":"tag-equipe-de-france-rugby","11":"tag-fr","12":"tag-france","13":"tag-indre","14":"tag-rugby","15":"tag-rugby-football","16":"tag-sports","17":"tag-top-14"},"share_on_mastodon":{"url":"https:\/\/pubeurope.com\/@fr\/115944428870176486","error":""},"_links":{"self":[{"href":"https:\/\/www.europesays.com\/fr\/wp-json\/wp\/v2\/posts\/683695","targetHints":{"allow":["GET"]}}],"collection":[{"href":"https:\/\/www.europesays.com\/fr\/wp-json\/wp\/v2\/posts"}],"about":[{"href":"https:\/\/www.europesays.com\/fr\/wp-json\/wp\/v2\/types\/post"}],"author":[{"embeddable":true,"href":"https:\/\/www.europesays.com\/fr\/wp-json\/wp\/v2\/users\/2"}],"replies":[{"embeddable":true,"href":"https:\/\/www.europesays.com\/fr\/wp-json\/wp\/v2\/comments?post=683695"}],"version-history":[{"count":0,"href":"https:\/\/www.europesays.com\/fr\/wp-json\/wp\/v2\/posts\/683695\/revisions"}],"wp:featuredmedia":[{"embeddable":true,"href":"https:\/\/www.europesays.com\/fr\/wp-json\/wp\/v2\/media\/683696"}],"wp:attachment":[{"href":"https:\/\/www.europesays.com\/fr\/wp-json\/wp\/v2\/media?parent=683695"}],"wp:term":[{"taxonomy":"category","embeddable":true,"href":"https:\/\/www.europesays.com\/fr\/wp-json\/wp\/v2\/categories?post=683695"},{"taxonomy":"post_tag","embeddable":true,"href":"https:\/\/www.europesays.com\/fr\/wp-json\/wp\/v2\/tags?post=683695"}],"curies":[{"name":"wp","href":"https:\/\/api.w.org\/{rel}","templated":true}]}}