{"id":683709,"date":"2026-01-23T12:42:10","date_gmt":"2026-01-23T12:42:10","guid":{"rendered":"https:\/\/www.europesays.com\/fr\/683709\/"},"modified":"2026-01-23T12:42:10","modified_gmt":"2026-01-23T12:42:10","slug":"la-chanteuse-angele-vue-sur-un-tournage-a-marseille","status":"publish","type":"post","link":"https:\/\/www.europesays.com\/fr\/683709\/","title":{"rendered":"La chanteuse Ang\u00e8le vue sur un tournage \u00e0 Marseille"},"content":{"rendered":"<p>Des fourgons et du mat\u00e9riel ont pris place ce jeudi 22\u00a0janvier entre la rue Consolat et la rue d\u2019Isoard, o\u00f9 un tournage se d\u00e9roulait jusqu\u2019au petit matin ce vendredi. D\u2019apr\u00e8s des passants et des internautes,<a href=\"https:\/\/www.laprovence.com\/article\/edition-marseille\/6601838\/angele-quand-je-fais-de-la-musique-je-me-sens-libre.html\" target=\"_blank\" rel=\"noopener\"> Ang\u00e8le<\/a>, star belge de la musique, \u00e9tait sur place pour y participer. \u00ab\u00a0Je suis pass\u00e9 devant, je me demandais si j\u2019avais hallucin\u00e9, \u00e7a me rassure\u00a0\u00bb, assure l\u2019un d\u2019eux. Tandis que les commer\u00e7ants de la rue t\u00e9moignent\u00a0: \u00ab\u00a0Il y avait beaucoup de monde, on n\u2019a pas pu bien voir ce qui \u00e9tait tourn\u00e9. Mais il para\u00eet que c\u2019\u00e9tait elle\u00a0\u00bb, indiquait-on dans une alimentation rue d\u2019Isoard. BFM Marseille affirmait ce vendredi matin qu\u2019il s\u2019agissait d\u2019un clip.<\/p>\n<p>La chanteuse, que les fans proven\u00e7aux avaient retrouv\u00e9e \u00e0 deux reprises en ao\u00fbt\u00a02023, d\u2019abord \u00e0 l\u2019Insane festival \u00e0 Apt puis <a href=\"https:\/\/www.laprovence.com\/article\/france-monde\/2121319135630915\/angele-niska-cascada-un-line-up-cinq-etoiles-au-delta-festival-jeudi-24-aout\" target=\"_blank\" rel=\"noopener\">au Delta festival<\/a> \u00e0 Marseille, n\u2019a pas sorti d\u2019album depuis le carton de Nonante-cinq (2021).<\/p>\n","protected":false},"excerpt":{"rendered":"Des fourgons et du mat\u00e9riel ont pris place ce jeudi 22\u00a0janvier entre la rue Consolat et la rue&hellip;\n","protected":false},"author":2,"featured_media":683710,"comment_status":"","ping_status":"","sticky":false,"template":"","format":"standard","meta":{"footnotes":""},"categories":[1355],"tags":[5734,10751,2704,251,1446,58,59,1011,27,884,1361,873,3356,6265,13373],"class_list":{"0":"post-683709","1":"post","2":"type-post","3":"status-publish","4":"format-standard","5":"has-post-thumbnail","7":"category-musique","8":"tag-5734","9":"tag-angele","10":"tag-chanteuse","11":"tag-culture","12":"tag-dans","13":"tag-divertissement","14":"tag-entertainment","15":"tag-fr","16":"tag-france","17":"tag-marseille","18":"tag-music","19":"tag-musique","20":"tag-sur","21":"tag-tournage","22":"tag-vue"},"share_on_mastodon":{"url":"https:\/\/pubeurope.com\/@fr\/115944472408718110","error":""},"_links":{"self":[{"href":"https:\/\/www.europesays.com\/fr\/wp-json\/wp\/v2\/posts\/683709","targetHints":{"allow":["GET"]}}],"collection":[{"href":"https:\/\/www.europesays.com\/fr\/wp-json\/wp\/v2\/posts"}],"about":[{"href":"https:\/\/www.europesays.com\/fr\/wp-json\/wp\/v2\/types\/post"}],"author":[{"embeddable":true,"href":"https:\/\/www.europesays.com\/fr\/wp-json\/wp\/v2\/users\/2"}],"replies":[{"embeddable":true,"href":"https:\/\/www.europesays.com\/fr\/wp-json\/wp\/v2\/comments?post=683709"}],"version-history":[{"count":0,"href":"https:\/\/www.europesays.com\/fr\/wp-json\/wp\/v2\/posts\/683709\/revisions"}],"wp:featuredmedia":[{"embeddable":true,"href":"https:\/\/www.europesays.com\/fr\/wp-json\/wp\/v2\/media\/683710"}],"wp:attachment":[{"href":"https:\/\/www.europesays.com\/fr\/wp-json\/wp\/v2\/media?parent=683709"}],"wp:term":[{"taxonomy":"category","embeddable":true,"href":"https:\/\/www.europesays.com\/fr\/wp-json\/wp\/v2\/categories?post=683709"},{"taxonomy":"post_tag","embeddable":true,"href":"https:\/\/www.europesays.com\/fr\/wp-json\/wp\/v2\/tags?post=683709"}],"curies":[{"name":"wp","href":"https:\/\/api.w.org\/{rel}","templated":true}]}}