{"id":683729,"date":"2026-01-23T12:52:14","date_gmt":"2026-01-23T12:52:14","guid":{"rendered":"https:\/\/www.europesays.com\/fr\/683729\/"},"modified":"2026-01-23T12:52:14","modified_gmt":"2026-01-23T12:52:14","slug":"nos-idees-sorties-du-week-end-des-30-31-janvier-et-1er-fevrier-2025-dans-la-loire","status":"publish","type":"post","link":"https:\/\/www.europesays.com\/fr\/683729\/","title":{"rendered":"Nos id\u00e9es sorties du week-end des 30, 31 janvier et 1er f\u00e9vrier 2025 dans la Loire"},"content":{"rendered":"<p class=\"is-style-chapo\">Voici la s\u00e9lection de la r\u00e9daction de If Saint-Etienne pour se divertir et s\u2019amuser dans la Loire le week-end prochain, soit les 30, 31 janvier et 1er f\u00e9vrier. Une liste d\u2019\u00e9v\u00e9nements, s\u00e9lectionn\u00e9s de mani\u00e8re ind\u00e9pendante et, bien entendu, non-exhaustive.<\/p>\n<p><img loading=\"lazy\" decoding=\"async\" width=\"1024\" height=\"576\" src=\"https:\/\/www.europesays.com\/fr\/wp-content\/uploads\/2025\/09\/1280720-4-1024x576.png\" alt=\"\" class=\"wp-image-10971\"  \/><\/p>\n<p>1 \u2013 Menez l\u2019enqu\u00eate<\/p>\n<p>Dimanche 1er f\u00e9vrier \u00e0 15h, le site <a href=\"https:\/\/sitelecorbusier.com\/\" target=\"_blank\" rel=\"noreferrer noopener\">Le Corbusier<\/a> de Firminy organise une Murder Party \u00e0 la Maison de la culture pour c\u00e9l\u00e9brer les 10 ans de son inscription <a href=\"https:\/\/www.if-saint-etienne.fr\/breves\/firminy-pour-son-double-anniversaire-le-site-le-corbusier-lance-un-appel-aux-createurs\" target=\"_blank\" rel=\"noreferrer noopener\">Unesco<\/a>. L\u2019\u00e9v\u00e9nement vous plongera en 1969. Le metteur en sc\u00e8ne a \u00e9t\u00e9 assassin\u00e9 sur la sc\u00e8ne de la salle de spectacles, et vous devrez interroger les employ\u00e9s de la Maison de la culture, d\u00e9crypter les indices, en trouver le coupable.<\/p>\n<p>2 \u2013 Concerts d\u2019hiver<\/p>\n<p>Samedi 31 janvier \u00e0 20h, \u00e0 l\u2019\u00e9glise de la Terrasse de Saint-Etienne, et dimanche 1er f\u00e9vrier \u00e0 16h, \u00e0 l\u2019\u00e9glise de l\u2019Etrat, <a href=\"https:\/\/www.ensemble-telemann.fr\/\" target=\"_blank\" rel=\"noreferrer noopener\">l\u2019ensemble Telemann<\/a> propose deux concerts d\u2019hiver. Tandis que 2025 fut l\u2019ann\u00e9e Bizet et Carmen, le programme 2026 explore toutes les autres inspirations boh\u00e9miennes dans la musique occidentale comme la Havanaise, ainsi que la Bacchanale.<\/p>\n<p>3 \u2013 Just dance<\/p>\n<p>Vendredi 30 janvier, le spectacle Stories sera au Z\u00e9nith de Saint-Etienne, \u00e0 partir de 20h. Il retrace l\u2019histoire d\u2019Icare, un jeune acteur dont les films connaissent le succ\u00e8s et qui, dans l\u2019ombre, subit l\u2019ascendance oppressante de son r\u00e9alisateur. Apr\u00e8s une dispute avec ce dernier, le jeune homme se retrouve prisonnier du film qui le lie au cin\u00e9aste. <a href=\"https:\/\/rb-prod.trium.fr\/fr\/t\/-\/event\/64101?_gl=1*zwvj4j*_gcl_au*NjI1ODc2NjUwLjE3NjkxNjQ5NzM.*_ga*MTc3MTczMDQwLjE3NjkxNjQ5NzM.*_ga_Z1BHWK93E0*czE3NjkxNjQ5NzMkbzEkZzAkdDE3NjkxNjQ5NzMkajYwJGwwJGgw\" target=\"_blank\" rel=\"noreferrer noopener\">Stories<\/a> est laur\u00e9at de 3 troph\u00e9es de la com\u00e9die musicale. Il s\u2019agit du premier spectacle de la RB Dance company.<\/p>\n<p>4 \u2013 Namast\u00e9<\/p>\n<p>Dimanche 1er f\u00e9vrier, le Yoga &amp; brunch est de retour \u00e0 la <a href=\"https:\/\/maisonhatier.fr\/\" target=\"_blank\" rel=\"noreferrer noopener\">Maison Hatier<\/a> d\u00e8s 9h30. Deux formules vous sont propos\u00e9es\u00a0: l\u2019une avec un cours de yoga dynamique avec Ludivine, de 9h30 \u00e0 11h, suivie d\u2019un brunch maison. La seconde avec le brunch seul, entre 11h et 13h30.<\/p>\n<p>5 \u2013 Saveurs et voyage<\/p>\n<p>Samedi \u00e0 10h, la <a href=\"https:\/\/www.mediathequesroannaisagglomeration.fr\/evenements\/do-it-yourself-cuisine-vietnamienne\" target=\"_blank\" rel=\"noreferrer noopener\">m\u00e9diath\u00e8que de Roanne<\/a> organise un atelier d\u2019initiation \u00e0 la cuisine vietnamienne, accessible \u00e0 partir de 15 ans. Avec ses parfums d\u2019herbes fra\u00eeches, ses l\u00e9gumes, cuits, frits, crus ou marin\u00e9s, ses poissons d\u00e9licats et sa viande mijot\u00e9e, la cuisine vietnamienne propose un vrai \u00e9quilibre entre les textures, les couleurs et surtout les saveurs.<\/p>\n","protected":false},"excerpt":{"rendered":"Voici la s\u00e9lection de la r\u00e9daction de If Saint-Etienne pour se divertir et s\u2019amuser dans la Loire le&hellip;\n","protected":false},"author":2,"featured_media":683730,"comment_status":"","ping_status":"","sticky":false,"template":"","format":"standard","meta":{"footnotes":""},"categories":[9653],"tags":[44451,14428,1111,11,2430,1777,674,1011,27,14429,12,14430,25,4001,1669,14431],"class_list":{"0":"post-683729","1":"post","2":"type-post","3":"status-publish","4":"format-standard","5":"has-post-thumbnail","7":"category-saint-etienne","8":"tag-activites-famille-loire","9":"tag-activites-week-end-loire","10":"tag-actu","11":"tag-actualites","12":"tag-auvergne-rhone-alpes","13":"tag-eu","14":"tag-europe","15":"tag-fr","16":"tag-france","17":"tag-idees-sorties-loire","18":"tag-news","19":"tag-recreatif","20":"tag-republique-francaise","21":"tag-saint-etienne","22":"tag-sorties","23":"tag-week-ends"},"share_on_mastodon":{"url":"https:\/\/pubeurope.com\/@fr\/115944511641830138","error":""},"_links":{"self":[{"href":"https:\/\/www.europesays.com\/fr\/wp-json\/wp\/v2\/posts\/683729","targetHints":{"allow":["GET"]}}],"collection":[{"href":"https:\/\/www.europesays.com\/fr\/wp-json\/wp\/v2\/posts"}],"about":[{"href":"https:\/\/www.europesays.com\/fr\/wp-json\/wp\/v2\/types\/post"}],"author":[{"embeddable":true,"href":"https:\/\/www.europesays.com\/fr\/wp-json\/wp\/v2\/users\/2"}],"replies":[{"embeddable":true,"href":"https:\/\/www.europesays.com\/fr\/wp-json\/wp\/v2\/comments?post=683729"}],"version-history":[{"count":0,"href":"https:\/\/www.europesays.com\/fr\/wp-json\/wp\/v2\/posts\/683729\/revisions"}],"wp:featuredmedia":[{"embeddable":true,"href":"https:\/\/www.europesays.com\/fr\/wp-json\/wp\/v2\/media\/683730"}],"wp:attachment":[{"href":"https:\/\/www.europesays.com\/fr\/wp-json\/wp\/v2\/media?parent=683729"}],"wp:term":[{"taxonomy":"category","embeddable":true,"href":"https:\/\/www.europesays.com\/fr\/wp-json\/wp\/v2\/categories?post=683729"},{"taxonomy":"post_tag","embeddable":true,"href":"https:\/\/www.europesays.com\/fr\/wp-json\/wp\/v2\/tags?post=683729"}],"curies":[{"name":"wp","href":"https:\/\/api.w.org\/{rel}","templated":true}]}}