{"id":683779,"date":"2026-01-23T13:19:11","date_gmt":"2026-01-23T13:19:11","guid":{"rendered":"https:\/\/www.europesays.com\/fr\/683779\/"},"modified":"2026-01-23T13:19:11","modified_gmt":"2026-01-23T13:19:11","slug":"1-000-benevoles-dans-huit-arrondissements","status":"publish","type":"post","link":"https:\/\/www.europesays.com\/fr\/683779\/","title":{"rendered":"1\u00a0000 b\u00e9n\u00e9voles dans huit arrondissements"},"content":{"rendered":"<p>Comme Rachida, \u00e9quip\u00e9e de son gilet bleu, ils \u00e9taient un millier ce jeudi soir \u00e0 participer \u00e0 la 5e <a href=\"https:\/\/www.laprovence.com\/article\/societe\/43809755745448\/j-aurais-pu-connaitre-la-rue-ces-lieux-dhebergement-qui-accueillent-les-plus-precaires-a-marseille\" target=\"_blank\" rel=\"noopener\">Nuit de la solidarit\u00e9<\/a> qui vient \u00e0 la fois \u00ab\u00a0recenser le nombre de sans-abri, faire un point sur leurs besoins et changer le regard sur la grande exclusion pour mieux vivre ensemble\u00a0\u00bb, selon l\u2019adjointe PCF aux affaires sociales, Audrey Garino. R\u00e9unis en mairie des 2e-3e arrondissements avant de partir arpenter les rues jusqu\u2019\u00e0 23 h dans huit arrondissements, les b\u00e9n\u00e9voles ont \u00e9t\u00e9 chaleureusement <a href=\"https:\/\/www.laprovence.com\/article\/elections\/57814407015997\/exclusif-benoit-payan-candidat-aux-municipales-a-marseille-je-veux-porter-cette-ville-vers-son-destin\" target=\"_blank\" rel=\"noopener\">remerci\u00e9s par Beno\u00eet Payan<\/a> pour \u00ab\u00a0le courage, le don de soi et la r\u00e9silience dont la ville a besoin\u00a0\u00bb. \u00ab\u00a0C\u2019est utile\u00a0\u00bb, note simplement Rachida qui refuse de fermer les yeux sur la mis\u00e8re qu\u2019elle aper\u00e7oit devant l\u2019entr\u00e9e d\u2019une bouche de m\u00e9tro ou sur la place o\u00f9 elle fait son march\u00e9\u00a0: \u00ab\u00a0\u00c7a me touche\u00a0\u00bb.<\/p>\n<p>\u00ab\u00a0Il fait froid, il pleut, mais pour nous, il est important de mettre \u00e0 l\u2019abri ceux qui en ont le plus besoin et dans des conditions les plus d\u00e9centes possibles\u00a0\u00bb, compl\u00e8te le maire en se f\u00e9licitant des actions mises en \u0153uvre pendant son mandat\u00a0: douches associatives, <a href=\"https:\/\/www.laprovence.com\/article\/societe\/2263135029919214\/bagagerie-douches-cuisine-partagee-il-y-a-tout-a-la-bonne-adresse-un-lieu-dedie-aux-plus-precaires-a-marseille\" target=\"_blank\" rel=\"noopener\">bagageries<\/a> ou encore cr\u00e9ation de 525 places d\u2019h\u00e9bergement d\u2019urgence. \u00ab\u00a0C\u2019est important de continuer cet effort car pour nous, la solidarit\u00e9 n\u2019est pas un slogan mais des actes\u00a0\u00bb. C\u2019est au volant d\u2019un camion que Beno\u00eet Payan a particip\u00e9 \u00e0 l\u2019op\u00e9ration qui avait, lors de sa pr\u00e9c\u00e9dente \u00e9dition, recens\u00e9 <a href=\"https:\/\/www.laprovence.com\/article\/societe\/73499409589304\/en-provence-le-difficile-recensement-des-sans-domicile-fixe\" target=\"_blank\" rel=\"noopener\">442 personnes<\/a> sans abri, un chiffre en augmentation de 30% par rapport \u00e0 l\u2019ann\u00e9e pr\u00e9c\u00e9dente\u2026 De quoi alarmer le maire qui tacle les collectivit\u00e9s d\u00e9faillantes\u00a0: \u00ab\u00a0L\u2019\u00c9tat a fait des efforts, ce n\u2019est pas le cas du D\u00e9partement. On a un manque criant de prise en charge sociale.\u00a0\u00bb<\/p>\n","protected":false},"excerpt":{"rendered":"Comme Rachida, \u00e9quip\u00e9e de son gilet bleu, ils \u00e9taient un millier ce jeudi soir \u00e0 participer \u00e0 la&hellip;\n","protected":false},"author":2,"featured_media":683780,"comment_status":"","ping_status":"","sticky":false,"template":"","format":"standard","meta":{"footnotes":""},"categories":[2814],"tags":[78076,5734,1111,11,15089,1446,1777,674,1011,27,38095,884,12,293,882,25,104,3400],"class_list":{"0":"post-683779","1":"post","2":"type-post","3":"status-publish","4":"format-standard","5":"has-post-thumbnail","7":"category-marseille","8":"tag-1-000","9":"tag-5734","10":"tag-actu","11":"tag-actualites","12":"tag-benevoles","13":"tag-dans","14":"tag-eu","15":"tag-europe","16":"tag-fr","17":"tag-france","18":"tag-huit","19":"tag-marseille","20":"tag-news","21":"tag-nuit","22":"tag-provence-alpes-cote-dazur","23":"tag-republique-francaise","24":"tag-societe","25":"tag-solidarite"},"share_on_mastodon":{"url":"https:\/\/pubeurope.com\/@fr\/115944617701142332","error":""},"_links":{"self":[{"href":"https:\/\/www.europesays.com\/fr\/wp-json\/wp\/v2\/posts\/683779","targetHints":{"allow":["GET"]}}],"collection":[{"href":"https:\/\/www.europesays.com\/fr\/wp-json\/wp\/v2\/posts"}],"about":[{"href":"https:\/\/www.europesays.com\/fr\/wp-json\/wp\/v2\/types\/post"}],"author":[{"embeddable":true,"href":"https:\/\/www.europesays.com\/fr\/wp-json\/wp\/v2\/users\/2"}],"replies":[{"embeddable":true,"href":"https:\/\/www.europesays.com\/fr\/wp-json\/wp\/v2\/comments?post=683779"}],"version-history":[{"count":0,"href":"https:\/\/www.europesays.com\/fr\/wp-json\/wp\/v2\/posts\/683779\/revisions"}],"wp:featuredmedia":[{"embeddable":true,"href":"https:\/\/www.europesays.com\/fr\/wp-json\/wp\/v2\/media\/683780"}],"wp:attachment":[{"href":"https:\/\/www.europesays.com\/fr\/wp-json\/wp\/v2\/media?parent=683779"}],"wp:term":[{"taxonomy":"category","embeddable":true,"href":"https:\/\/www.europesays.com\/fr\/wp-json\/wp\/v2\/categories?post=683779"},{"taxonomy":"post_tag","embeddable":true,"href":"https:\/\/www.europesays.com\/fr\/wp-json\/wp\/v2\/tags?post=683779"}],"curies":[{"name":"wp","href":"https:\/\/api.w.org\/{rel}","templated":true}]}}