{"id":683799,"date":"2026-01-23T13:30:14","date_gmt":"2026-01-23T13:30:14","guid":{"rendered":"https:\/\/www.europesays.com\/fr\/683799\/"},"modified":"2026-01-23T13:30:14","modified_gmt":"2026-01-23T13:30:14","slug":"lue-va-livrer-des-centaines-de-generateurs-pour-aider-les-ukrainiens-prives-de-chauffage","status":"publish","type":"post","link":"https:\/\/www.europesays.com\/fr\/683799\/","title":{"rendered":"l&rsquo;UE va livrer des centaines de g\u00e9n\u00e9rateurs pour aider les Ukrainiens priv\u00e9s de chauffage"},"content":{"rendered":"<p>L&rsquo;Union europ\u00e9enne a annonc\u00e9 vendredi la livraison en urgence de 447 g\u00e9n\u00e9rateurs \u00e9lectriques pour aider <a href=\"https:\/\/www.laprovence.com\/article\/france-monde\/13867580907773\/guerre-en-ukraine-pourquoi-les-russes-ukrainiens-et-americains-se-reunissent-ce-vendredi\" target=\"_blank\" rel=\"noopener\">les Ukrainiens priv\u00e9s de chauffage<\/a> et d&rsquo;\u00e9lectricit\u00e9, apr\u00e8s d&rsquo;incessantes frappes russes sur les infrastructures \u00e9nerg\u00e9tiques en Ukraine.<\/p>\n<p>Ces g\u00e9n\u00e9rateurs, qui seront livr\u00e9s depuis la Pologne, aideront \u00e0 assurer l&rsquo;alimentation \u00e9lectrique des h\u00f4pitaux, des abris et des services essentiels.\u00a0<\/p>\n<p>Pr\u00e8s d&rsquo;un million d&rsquo;Ukrainiens sont priv\u00e9s de chauffage ou d&rsquo;\u00e9lectricit\u00e9 par des temp\u00e9ratures glaciales, en raison de ces frappes russes, a d\u00e9nonc\u00e9 la Commission europ\u00e9enne dans un communiqu\u00e9.<\/p>\n<p>L&rsquo;UE a d\u00e9j\u00e0 envoy\u00e9 pr\u00e8s de 9 500 g\u00e9n\u00e9rateurs \u00e0 l&rsquo;Ukraine, et transf\u00e9r\u00e9 avant l&rsquo;hiver une centrale thermique compl\u00e8te donn\u00e9e par la Lituanie.<\/p>\n","protected":false},"excerpt":{"rendered":"L&rsquo;Union europ\u00e9enne a annonc\u00e9 vendredi la livraison en urgence de 447 g\u00e9n\u00e9rateurs \u00e9lectriques pour aider les Ukrainiens priv\u00e9s&hellip;\n","protected":false},"author":2,"featured_media":683800,"comment_status":"","ping_status":"","sticky":false,"template":"","format":"standard","meta":{"footnotes":""},"categories":[1590],"tags":[5734,11,15326,154,1777,674,329,78077,1146,1861,8055,12,220],"class_list":{"0":"post-683799","1":"post","2":"type-post","3":"status-publish","4":"format-standard","5":"has-post-thumbnail","7":"category-ukraine","8":"tag-5734","9":"tag-actualites","10":"tag-centaines","11":"tag-des","12":"tag-eu","13":"tag-europe","14":"tag-france-monde","15":"tag-generateurs","16":"tag-guerre","17":"tag-lue","18":"tag-livrer","19":"tag-news","20":"tag-ukraine"},"share_on_mastodon":{"url":"https:\/\/pubeurope.com\/@fr\/115944660925871328","error":""},"_links":{"self":[{"href":"https:\/\/www.europesays.com\/fr\/wp-json\/wp\/v2\/posts\/683799","targetHints":{"allow":["GET"]}}],"collection":[{"href":"https:\/\/www.europesays.com\/fr\/wp-json\/wp\/v2\/posts"}],"about":[{"href":"https:\/\/www.europesays.com\/fr\/wp-json\/wp\/v2\/types\/post"}],"author":[{"embeddable":true,"href":"https:\/\/www.europesays.com\/fr\/wp-json\/wp\/v2\/users\/2"}],"replies":[{"embeddable":true,"href":"https:\/\/www.europesays.com\/fr\/wp-json\/wp\/v2\/comments?post=683799"}],"version-history":[{"count":0,"href":"https:\/\/www.europesays.com\/fr\/wp-json\/wp\/v2\/posts\/683799\/revisions"}],"wp:featuredmedia":[{"embeddable":true,"href":"https:\/\/www.europesays.com\/fr\/wp-json\/wp\/v2\/media\/683800"}],"wp:attachment":[{"href":"https:\/\/www.europesays.com\/fr\/wp-json\/wp\/v2\/media?parent=683799"}],"wp:term":[{"taxonomy":"category","embeddable":true,"href":"https:\/\/www.europesays.com\/fr\/wp-json\/wp\/v2\/categories?post=683799"},{"taxonomy":"post_tag","embeddable":true,"href":"https:\/\/www.europesays.com\/fr\/wp-json\/wp\/v2\/tags?post=683799"}],"curies":[{"name":"wp","href":"https:\/\/api.w.org\/{rel}","templated":true}]}}