{"id":68380,"date":"2025-05-02T03:31:16","date_gmt":"2025-05-02T03:31:16","guid":{"rendered":"https:\/\/www.europesays.com\/fr\/68380\/"},"modified":"2025-05-02T03:31:16","modified_gmt":"2025-05-02T03:31:16","slug":"championship-championship-2025-round-9-le-groupe-du-toulouse-olympique-pour-la-reception-dhalifax-rugby-a-xiii","status":"publish","type":"post","link":"https:\/\/www.europesays.com\/fr\/68380\/","title":{"rendered":"Championship &#8211; Championship 2025 &#8211; Round 9 : Le groupe du Toulouse Olympique pour la r\u00e9ception d&rsquo;Halifax &#8211; Rugby \u00e0 XIII"},"content":{"rendered":"<p style=\"text-align: justify;\"><strong>Le Toulouse Olympique re\u00e7oit Halifax ce samedi \u00e0 18h00 dans le cadre de la 9\u00e8me journ\u00e9e de Championship.<\/strong><\/p>\n<p style=\"text-align: justify;\">La rencontre de la 9\u00e8me journ\u00e9e de Championship entre le Toulouse Olympique et Halifax est \u00e0 suivre en direct ce samedi 3 mai \u00e0 18h00 sur YouTube.<\/p>\n<p>Le groupe du Toulouse Olympique<\/p>\n<blockquote class=\"instagram-media\" data-instgrm-captioned=\"\" data-instgrm-permalink=\"https:\/\/www.instagram.com\/p\/DJG8bueMC-d\/?utm_source=ig_embed&amp;utm_campaign=loading\" data-instgrm-version=\"14\" style=\" background:#FFF; border:0; border-radius:3px; box-shadow:0 0 1px 0 rgba(0,0,0,0.5),0 1px 10px 0 rgba(0,0,0,0.15); margin: 1px; max-width:500px; min-width:326px; padding:0; width:99.375%; width:-webkit-calc(100% - 2px); width:calc(100% - 2px);\">\n<\/blockquote>\n<p>Le groupe d\u2019Halifax<\/p>\n<blockquote class=\"twitter-tweet\" data-width=\"500\" data-dnt=\"true\">\n<p lang=\"en\" dir=\"ltr\">SQUAD ANNOUNCEMENT \ud83d\udd35\u26aa\ufe0f\ud83d\udc3e Head Coach Kyle Eastmond names his 20 man squad for Saturday&rsquo;s Round 9 Battle with <a href=\"https:\/\/twitter.com\/TOXIII?ref_src=twsrc%5Etfw\" target=\"_blank\" rel=\"noopener\">@TOXIII<\/a> \ud83d\udc4a<\/p>\n<p>Ronan Dixon returns from paternity leave after birth of first daughter, Joe Hird in line to make injury comeback, Crooks misses out with hamstring issue\u2026 <a href=\"https:\/\/t.co\/fmazFWab8I\">pic.twitter.com\/fmazFWab8I<\/a><\/p>\n<p>\u2014 Halifax Panthers \ud83d\udc3e (@HalifaxPanthers) <a href=\"https:\/\/twitter.com\/HalifaxPanthers\/status\/1917896793511305575?ref_src=twsrc%5Etfw\" target=\"_blank\" rel=\"noopener\">May 1, 2025<\/a><\/p>\n<\/blockquote>\n<p style=\"text-align: justify;\"><strong>Treize Mondial<br \/><a href=\"https:\/\/www.facebook.com\/13Mondial\" target=\"_blank\" rel=\"noopener noreferrer\"><img loading=\"lazy\" decoding=\"async\" class=\"alignnone wp-image-2909\" src=\"http:\/\/dicodusport.fr\/blog\/wp-content\/uploads\/2017\/07\/logo-facebook-150x150.png\" alt=\"\" width=\"40\" height=\"40\"\/><\/a><a href=\"https:\/\/twitter.com\/XIIIMondial\" target=\"_blank\" rel=\"noopener noreferrer\"><img loading=\"lazy\" decoding=\"async\" class=\"alignnone wp-image-2908\" src=\"http:\/\/dicodusport.fr\/blog\/wp-content\/uploads\/2017\/07\/logo-twitter-150x150.png\" alt=\"\" width=\"39\" height=\"39\"\/><\/a><\/strong><\/p>\n<p>        <script async src=\"https:\/\/platform.twitter.com\/widgets.js\" charset=\"utf-8\"><\/script><script async src=\"\/\/www.instagram.com\/embed.js\"><\/script><\/p>\n","protected":false},"excerpt":{"rendered":"Le Toulouse Olympique re\u00e7oit Halifax ce samedi \u00e0 18h00 dans le cadre de la 9\u00e8me journ\u00e9e de Championship.&hellip;\n","protected":false},"author":2,"featured_media":68381,"comment_status":"","ping_status":"","sticky":false,"template":"","format":"standard","meta":{"footnotes":""},"categories":[1416],"tags":[3500,1011,27,2705,17007,479,2228,1468,2229,60,3502],"class_list":{"0":"post-68380","1":"post","2":"type-post","3":"status-publish","4":"format-standard","5":"has-post-thumbnail","7":"category-rugby","8":"tag-championship","9":"tag-fr","10":"tag-france","11":"tag-groupe","12":"tag-halifax","13":"tag-rugby","14":"tag-rugby-a-xiii","15":"tag-rugby-football","16":"tag-rugby-league","17":"tag-sports","18":"tag-toulouse-olympique"},"share_on_mastodon":{"url":"https:\/\/pubeurope.com\/@fr\/114436131155610626","error":""},"_links":{"self":[{"href":"https:\/\/www.europesays.com\/fr\/wp-json\/wp\/v2\/posts\/68380","targetHints":{"allow":["GET"]}}],"collection":[{"href":"https:\/\/www.europesays.com\/fr\/wp-json\/wp\/v2\/posts"}],"about":[{"href":"https:\/\/www.europesays.com\/fr\/wp-json\/wp\/v2\/types\/post"}],"author":[{"embeddable":true,"href":"https:\/\/www.europesays.com\/fr\/wp-json\/wp\/v2\/users\/2"}],"replies":[{"embeddable":true,"href":"https:\/\/www.europesays.com\/fr\/wp-json\/wp\/v2\/comments?post=68380"}],"version-history":[{"count":0,"href":"https:\/\/www.europesays.com\/fr\/wp-json\/wp\/v2\/posts\/68380\/revisions"}],"wp:featuredmedia":[{"embeddable":true,"href":"https:\/\/www.europesays.com\/fr\/wp-json\/wp\/v2\/media\/68381"}],"wp:attachment":[{"href":"https:\/\/www.europesays.com\/fr\/wp-json\/wp\/v2\/media?parent=68380"}],"wp:term":[{"taxonomy":"category","embeddable":true,"href":"https:\/\/www.europesays.com\/fr\/wp-json\/wp\/v2\/categories?post=68380"},{"taxonomy":"post_tag","embeddable":true,"href":"https:\/\/www.europesays.com\/fr\/wp-json\/wp\/v2\/tags?post=68380"}],"curies":[{"name":"wp","href":"https:\/\/api.w.org\/{rel}","templated":true}]}}