{"id":683805,"date":"2026-01-23T13:33:15","date_gmt":"2026-01-23T13:33:15","guid":{"rendered":"https:\/\/www.europesays.com\/fr\/683805\/"},"modified":"2026-01-23T13:33:15","modified_gmt":"2026-01-23T13:33:15","slug":"allemagne-trois-activistes-arretes-apres-avoir-tente-de-repeindre-en-rose-lavion-prive-du-chancelier-merz","status":"publish","type":"post","link":"https:\/\/www.europesays.com\/fr\/683805\/","title":{"rendered":"Allemagne : Trois activistes arr\u00eat\u00e9s apr\u00e8s avoir tent\u00e9 de repeindre en rose l\u2019avion priv\u00e9 du chancelier Merz"},"content":{"rendered":"<p class=\"mb-4 text-lg md:leading-8 break-words\"><strong>couper les ailes &#8211; Trois militants \u00e9cologistes ont \u00e9t\u00e9 arr\u00eat\u00e9s en Allemagne apr\u00e8s une intrusion pr\u00e8s de l\u2019avion priv\u00e9 du chancelier Friedrich Merz. Ils voulaient le repeindre en rose<\/strong><\/p>\n<p class=\"mb-4 text-lg md:leading-8 break-words\">Un coup de neuf pour mettre un coup de pression. Les autorit\u00e9s <a href=\"https:\/\/www.20minutes.fr\/dossier\/allemagne?at_medium=RSS%20feed&amp;at_campaign=ynews&amp;utm_source=yahoo&amp;utm_medium=rss&amp;utm_campaign=news_feed&amp;utm_content=in_article_link\" rel=\"nofollow noopener\" target=\"_blank\" data-ylk=\"slk:allemandes;elm:context_link;itc:0;sec:content-canvas\" class=\"link \">allemandes<\/a> ont annonc\u00e9 jeudi l\u2019arrestation de trois militants pour le <a href=\"https:\/\/www.20minutes.fr\/planete\/climat\/?at_medium=RSS%20feed&amp;at_campaign=ynews&amp;utm_source=yahoo&amp;utm_medium=rss&amp;utm_campaign=news_feed&amp;utm_content=in_article_link\" rel=\"nofollow noopener\" target=\"_blank\" data-ylk=\"slk:climat;elm:context_link;itc:0;sec:content-canvas\" class=\"link \">climat<\/a>, soup\u00e7onn\u00e9s d\u2019avoir voulu mener une action contre l\u2019avion priv\u00e9 du chancelier, <a href=\"https:\/\/www.20minutes.fr\/politique\/friedrich-merz\/?at_medium=RSS%20feed&amp;at_campaign=ynews&amp;utm_source=yahoo&amp;utm_medium=rss&amp;utm_campaign=news_feed&amp;utm_content=in_article_link\" rel=\"nofollow noopener\" target=\"_blank\" data-ylk=\"slk:Friedrich Merz;elm:context_link;itc:0;sec:content-canvas\" class=\"link \">Friedrich Merz<\/a>. Deux femmes et un homme, \u00e2g\u00e9s de 23, 56 et 28 ans, ont \u00e9t\u00e9 interpell\u00e9s dans la nuit de mercredi \u00e0 jeudi apr\u00e8s \u00eatre entr\u00e9s ill\u00e9galement sur l\u2019a\u00e9rodrome d\u2019Arnsberg-Menden, pr\u00e8s de Dortmund, o\u00f9 l\u2019appareil \u00e9tait stationn\u00e9.<\/p>\n<p class=\"mb-4 text-lg md:leading-8 break-words\">Dans leur communiqu\u00e9, le parquet et la police indiquent que les trois personnes, \u00ab\u00a0appartenant au milieu des militants \u00e9cologistes\u00a0\u00bb, ont \u00e9t\u00e9 arr\u00eat\u00e9es \u00e0 proximit\u00e9 de l\u2019<a href=\"https:\/\/www.20minutes.fr\/dossier\/avion?at_medium=RSS%20feed&amp;at_campaign=ynews&amp;utm_source=yahoo&amp;utm_medium=rss&amp;utm_campaign=news_feed&amp;utm_content=in_article_link\" rel=\"nofollow noopener\" target=\"_blank\" data-ylk=\"slk:avion;elm:context_link;itc:0;sec:content-canvas\" class=\"link \">avion<\/a>. \u00ab\u00a0Compte tenu des circonstances de leur interpellation, il est \u00e0 supposer qu\u2019ils avaient l\u2019intention d\u2019endommager\u00a0\u00bb l\u2019appareil, selon les autorit\u00e9s judiciaires, Friedrich Merz \u00e9tant pr\u00e9sent\u00e9 comme un pilote amateur.<\/p>\n<p>Un \u00ab\u00a0collectif de r\u00e9sistance\u00a0\u00bb<\/p>\n<p class=\"mb-4 text-lg md:leading-8 break-words\">Le groupe \u00e0 l\u2019origine de l\u2019action, qui se d\u00e9signe comme un \u00ab\u00a0collectif de r\u00e9sistance\u00a0\u00bb, affirme que son objectif \u00e9tait \u00ab\u00a0de peindre en rose l\u2019avion pour qu\u2019il soit retir\u00e9 du trafic a\u00e9rien \u00e0 long terme\u00a0\u00bb. Il ajoute que \u00ab\u00a0les militants avaient en outre apport\u00e9 un <a href=\"https:\/\/www.20minutes.fr\/dossier\/velo?at_medium=RSS%20feed&amp;at_campaign=ynews&amp;utm_source=yahoo&amp;utm_medium=rss&amp;utm_campaign=news_feed&amp;utm_content=in_article_link\" rel=\"nofollow noopener\" target=\"_blank\" data-ylk=\"slk:v\u00e9lo;elm:context_link;itc:0;sec:content-canvas\" class=\"link \">v\u00e9lo<\/a> pour que le chancelier puisse utiliser un moyen de transport respectueux du climat\u00a0\u00bb.<\/p>\n<p><a href=\"https:\/\/www.20minutes.fr\/dossier\/allemagne\" rel=\"nofollow noopener\" target=\"_blank\" data-ylk=\"slk:Les derni\u00e8res actus sur l&#039;Allemagne;elm:context_link;itc:0;sec:content-canvas\" class=\"link \">Les derni\u00e8res actus sur l&rsquo;Allemagne <\/a><\/p>\n<p class=\"mb-4 text-lg md:leading-8 break-words\">Parmi les participants, Anja Windl, \u00e9tudiante cit\u00e9e dans le communiqu\u00e9, critique Friedrich Merz \u00ab\u00a0qui parcourt le monde dans son propre avion\u00a0\u00bb alors que \u00ab\u00a0la catastrophe climatique s\u2019aggrave, la faim, la chaleur et les catastrophes naturelles co\u00fbtent la vie \u00e0 des (&#8230;)<\/p>\n<p class=\"mb-4 text-lg md:leading-8 break-words\"><a href=\"https:\/\/www.20minutes.fr\/monde\/4197619-20260123-allemagne-trois-activistes-arretes-apres-avoir-tente-repeindre-rose-avion-prive-chancelier-merz?at_medium=RSS%20feed&amp;at_campaign=ynews&amp;utm_source=yahoo&amp;utm_medium=rss&amp;utm_campaign=news_feed&amp;utm_content=read_more_link&quot;\" rel=\"nofollow noopener\" target=\"_blank\" data-ylk=\"slk:Lire la suite sur 20minutes;elm:context_link;itc:0;sec:content-canvas\" class=\"link \">Lire la suite sur 20minutes<\/a><\/p>\n<p>\u00c0 lire aussi :<br \/><a href=\"https:\/\/www.20minutes.fr\/monde\/russie\/4194575-20260106-russie-comme-trump-maduro-proche-poutine-evoque-possible-enlevement-chancelier-allemand-merz?at_medium=RSS%20feed&amp;at_campaign=ynews&amp;utm_source=yahoo&amp;utm_medium=rss&amp;utm_campaign=news_feed&amp;utm_content=related_content_link\" rel=\"nofollow noopener\" target=\"_blank\" data-ylk=\"slk:Russie\u00a0: Comme Trump avec Maduro, un proche de Poutine \u00e9voque le possible enl\u00e8vement du chancelier allemand Merz;elm:context_link;itc:0;sec:content-canvas\" class=\"link \">Russie\u00a0: Comme Trump avec Maduro, un proche de Poutine \u00e9voque le possible enl\u00e8vement du chancelier allemand Merz<\/a><br \/><a href=\"https:\/\/www.20minutes.fr\/societe\/4181520-20251025-livre-enquete-decrypte-comment-militants-ecologistes-criminalises?at_medium=RSS%20feed&amp;at_campaign=ynews&amp;utm_source=yahoo&amp;utm_medium=rss&amp;utm_campaign=news_feed&amp;utm_content=related_content_link\" rel=\"nofollow noopener\" target=\"_blank\" data-ylk=\"slk:Un livre-enqu\u00eate d\u00e9crypte comment les militants \u00e9cologistes sont criminalis\u00e9s;elm:context_link;itc:0;sec:content-canvas\" class=\"link \">Un livre-enqu\u00eate d\u00e9crypte comment les militants \u00e9cologistes sont criminalis\u00e9s<\/a><\/p>\n","protected":false},"excerpt":{"rendered":"couper les ailes &#8211; Trois militants \u00e9cologistes ont \u00e9t\u00e9 arr\u00eat\u00e9s en Allemagne apr\u00e8s une intrusion pr\u00e8s de l\u2019avion&hellip;\n","protected":false},"author":2,"featured_media":683806,"comment_status":"","ping_status":"","sticky":false,"template":"","format":"standard","meta":{"footnotes":""},"categories":[1587],"tags":[11,672,1804,1805,1803,1777,674,4710,1801,26827,71696,12,1802],"class_list":{"0":"post-683805","1":"post","2":"type-post","3":"status-publish","4":"format-standard","5":"has-post-thumbnail","7":"category-allemagne","8":"tag-actualites","9":"tag-allemagne","10":"tag-bundesrepublik-deutschland","11":"tag-de","12":"tag-deutschland","13":"tag-eu","14":"tag-europe","15":"tag-friedrich-merz","16":"tag-germany","17":"tag-lavion","18":"tag-militants-ecologistes","19":"tag-news","20":"tag-republique-federale-dallemagne"},"share_on_mastodon":{"url":"https:\/\/pubeurope.com\/@fr\/115944672675907846","error":""},"_links":{"self":[{"href":"https:\/\/www.europesays.com\/fr\/wp-json\/wp\/v2\/posts\/683805","targetHints":{"allow":["GET"]}}],"collection":[{"href":"https:\/\/www.europesays.com\/fr\/wp-json\/wp\/v2\/posts"}],"about":[{"href":"https:\/\/www.europesays.com\/fr\/wp-json\/wp\/v2\/types\/post"}],"author":[{"embeddable":true,"href":"https:\/\/www.europesays.com\/fr\/wp-json\/wp\/v2\/users\/2"}],"replies":[{"embeddable":true,"href":"https:\/\/www.europesays.com\/fr\/wp-json\/wp\/v2\/comments?post=683805"}],"version-history":[{"count":0,"href":"https:\/\/www.europesays.com\/fr\/wp-json\/wp\/v2\/posts\/683805\/revisions"}],"wp:featuredmedia":[{"embeddable":true,"href":"https:\/\/www.europesays.com\/fr\/wp-json\/wp\/v2\/media\/683806"}],"wp:attachment":[{"href":"https:\/\/www.europesays.com\/fr\/wp-json\/wp\/v2\/media?parent=683805"}],"wp:term":[{"taxonomy":"category","embeddable":true,"href":"https:\/\/www.europesays.com\/fr\/wp-json\/wp\/v2\/categories?post=683805"},{"taxonomy":"post_tag","embeddable":true,"href":"https:\/\/www.europesays.com\/fr\/wp-json\/wp\/v2\/tags?post=683805"}],"curies":[{"name":"wp","href":"https:\/\/api.w.org\/{rel}","templated":true}]}}