{"id":683832,"date":"2026-01-23T13:53:15","date_gmt":"2026-01-23T13:53:15","guid":{"rendered":"https:\/\/www.europesays.com\/fr\/683832\/"},"modified":"2026-01-23T13:53:15","modified_gmt":"2026-01-23T13:53:15","slug":"le-documentaire-corse-qui-bouleverse-les-salles","status":"publish","type":"post","link":"https:\/\/www.europesays.com\/fr\/683832\/","title":{"rendered":"le documentaire corse qui bouleverse les salles"},"content":{"rendered":"<p><strong>Comment se sont pass\u00e9es les projections dans l&rsquo;\u00eele ?<\/strong>&#13;\n<\/p>\n<p>C&rsquo;\u00e9tait tr\u00e8s bien, tr\u00e8s beau. \u00c0 Ajaccio, il y a eu une standing ovation, quelque chose de tr\u00e8s fort. \u00c7a en dit long sur ce que le film \u00e0 provoquer chez eux, leur ressenti. \u00c0 Bastia, c&rsquo;\u00e9tait l&rsquo;inverse. C&rsquo;\u00e9tait comme une chape de plomb, la salle tr\u00e8s silencieuse, l&rsquo;ambiance \u00e9tait lourde mais surtout, elle \u00e9tait charg\u00e9e d&rsquo;\u00e9motion.<\/p>\n<p><strong>Dans ce documentaire, il y a un certain amusement alors que le sujet \u00e9voqu\u00e9 est tr\u00e8s lourd, comment expliquez-vous ce paradoxe\u00a0?<\/strong>&#13;\n<\/p>\n<p>C&rsquo;est vrai, malgr\u00e9 tout autour de ces moments partag\u00e9s, il y a beaucoup de vie, de joie m\u00eame. Lorsqu&rsquo;elles sortent la nuit pour coller. C&rsquo;est la vraie bande de filles.<\/p>\n<p><strong>Tout part d&rsquo;un collage \u00ab\u00a0Tu n&rsquo;es pas seule\u00a0\u00bb<\/strong>&#13;\n<\/p>\n<p>Il y a eu plusieurs choses dans le fait de voir ce collage. Tu n&rsquo;es pas seule, qu&rsquo;est-ce que \u00e7a veut dire\u2026 \u00e7a veut dire que : tu n&rsquo;es pas seule \u00e0 avoir v\u00e9cu la violence que tu as v\u00e9cue, c&rsquo;est arriv\u00e9 \u00e0 d&rsquo;autres femmes. \u00c7a pousse \u00e0 sortir du silence mais aussi de certaines situations. C&rsquo;est un moyen de d\u00e9cloisonner les victimes et de leur faire comprendre qu&rsquo;elles peuvent \u00eatre soutenues. \u00c7a symbolise la sororit\u00e9. J&rsquo;ai \u00e9t\u00e9 interpell\u00e9e en tant que femme mais aussi en tant que&#8230;<\/p>\n","protected":false},"excerpt":{"rendered":"Comment se sont pass\u00e9es les projections dans l&rsquo;\u00eele ?&#13; C&rsquo;\u00e9tait tr\u00e8s bien, tr\u00e8s beau. \u00c0 Ajaccio, il y&hellip;\n","protected":false},"author":2,"featured_media":683833,"comment_status":"","ping_status":"","sticky":false,"template":"","format":"standard","meta":{"footnotes":""},"categories":[1354],"tags":[5734,1764,3396,78081,58,1190,59,21957,1346,1011,27,151,1360,104,1100],"class_list":{"0":"post-683832","1":"post","2":"type-post","3":"status-publish","4":"format-standard","5":"has-post-thumbnail","7":"category-films","8":"tag-5734","9":"tag-ans","10":"tag-avec","11":"tag-collages","12":"tag-divertissement","13":"tag-documentaire","14":"tag-entertainment","15":"tag-feminicides","16":"tag-films","17":"tag-fr","18":"tag-france","19":"tag-les","20":"tag-movies","21":"tag-societe","22":"tag-trois"},"share_on_mastodon":{"url":"https:\/\/pubeurope.com\/@fr\/115944751330817183","error":""},"_links":{"self":[{"href":"https:\/\/www.europesays.com\/fr\/wp-json\/wp\/v2\/posts\/683832","targetHints":{"allow":["GET"]}}],"collection":[{"href":"https:\/\/www.europesays.com\/fr\/wp-json\/wp\/v2\/posts"}],"about":[{"href":"https:\/\/www.europesays.com\/fr\/wp-json\/wp\/v2\/types\/post"}],"author":[{"embeddable":true,"href":"https:\/\/www.europesays.com\/fr\/wp-json\/wp\/v2\/users\/2"}],"replies":[{"embeddable":true,"href":"https:\/\/www.europesays.com\/fr\/wp-json\/wp\/v2\/comments?post=683832"}],"version-history":[{"count":0,"href":"https:\/\/www.europesays.com\/fr\/wp-json\/wp\/v2\/posts\/683832\/revisions"}],"wp:featuredmedia":[{"embeddable":true,"href":"https:\/\/www.europesays.com\/fr\/wp-json\/wp\/v2\/media\/683833"}],"wp:attachment":[{"href":"https:\/\/www.europesays.com\/fr\/wp-json\/wp\/v2\/media?parent=683832"}],"wp:term":[{"taxonomy":"category","embeddable":true,"href":"https:\/\/www.europesays.com\/fr\/wp-json\/wp\/v2\/categories?post=683832"},{"taxonomy":"post_tag","embeddable":true,"href":"https:\/\/www.europesays.com\/fr\/wp-json\/wp\/v2\/tags?post=683832"}],"curies":[{"name":"wp","href":"https:\/\/api.w.org\/{rel}","templated":true}]}}