{"id":683901,"date":"2026-01-23T14:31:08","date_gmt":"2026-01-23T14:31:08","guid":{"rendered":"https:\/\/www.europesays.com\/fr\/683901\/"},"modified":"2026-01-23T14:31:08","modified_gmt":"2026-01-23T14:31:08","slug":"une-manifestation-kurde-interdite-apres-les-violences-de-jeudi","status":"publish","type":"post","link":"https:\/\/www.europesays.com\/fr\/683901\/","title":{"rendered":"une manifestation Kurde interdite apr\u00e8s les violences de jeudi"},"content":{"rendered":"<p>\n    La manifestation, pr\u00e9vue samedi apr\u00e8s-midi, vient d\u2019\u00eatre interdite par la pr\u00e9fecture des Bouches-du-Rh\u00f4ne. De nombreux troubles \u00e0 l\u2019ordre public avaient \u00e9clat\u00e9 jeudi dans le centre-ville.<\/p>\n<p class=\"fig-paragraph\">Les autorit\u00e9s ont interdit vendredi une nouvelle\u00a0<a href=\"http:\/\/www.lefigaro.fr\/marseille\/de-graves-violences-commises-par-des-fous-furieux-une-manifestation-pro-kurde-degenere-a-marseille-20260122\" data-fig-type=\"NewsFlash\" data-gtm-custom-categorie=\"navigation\" data-gtm-custom-action=\"crossclick\" data-gtm-custom-label=\"Contextuel\" data-gtm-event=\"customEventSPE\" data-fig-domain=\"LEFIGARO\" target=\"_blank\" rel=\"noopener\">manifestation de la communaut\u00e9 kurde<\/a>\u00a0pr\u00e9vue samedi \u00e0 Marseille, apr\u00e8s plusieurs mobilisations similaires \u00e9maill\u00e9es de \u00abtroubles \u00e0 l&rsquo;ordre public\u00bb.<\/p>\n<p class=\"fig-paragraph\">Jeudi, environ 2500 membres de la communaut\u00e9 kurde ont manifest\u00e9 dans le centre de Marseille. La pr\u00e9fecture a signal\u00e9 des \u00e9chauffour\u00e9es au cours desquelles les forces de l&rsquo;ordre ont \u00e9t\u00e9 la cible de jets de projectiles et de tirs de mortiers d&rsquo;artifice, qui ont fait dix bless\u00e9s l\u00e9gers dans leurs rangs.<\/p>\n<p>                                            <a class=\"fig-a11y-skip\" href=\"#fig-a11y-skip-main-inarticle\" data-module=\"a11y-skip\" data-context=\"was @visible\"><br \/>\n    Passer la publicit\u00e9<br \/>\n<\/a>            <\/p>\n<p class=\"fig-paragraph\">Des journalistes de l\u2019AFP et du Figaro ont vu des motos calcin\u00e9es, des arr\u00eats de bus et de tramway aux vitres pulv\u00e9ris\u00e9es (voir le diaporama ci-dessous). Une nouvelle manifestation kurde qui devait se tenir samedi en d\u00e9but d&rsquo;apr\u00e8s-midi dans le quartier touristique de la Canebi\u00e8re et du Vieux-Port est interdite, selon un arr\u00eat\u00e9 de la pr\u00e9f\u00e8te de police d\u00e9l\u00e9gu\u00e9e, Corinne Simon.<\/p>\n<p>                                            Dispositif de maintien de l\u2019ordre pr\u00e9vu<\/p>\n<p class=\"fig-paragraph\">Outre les incidents de jeudi, Corinne Simon cite pour justifier cette d\u00e9cision une \u00abmanifestation non d\u00e9clar\u00e9e\u00bb \u00e0 Marignane mardi qui avait \u00abengendr\u00e9 d&rsquo;importants troubles \u00e0 l&rsquo;ordre public\u00bb et fait neuf bless\u00e9s parmi les forces de l&rsquo;ordre. Ce m\u00eame mardi \u00e0 Marseille, une vingtaine de personnes issues de la communaut\u00e9 kurde avaient p\u00e9n\u00e9tr\u00e9 \u00absans autorisation\u00bb dans les locaux de France 3, \u00abcausant ainsi d&rsquo;importants troubles\u00bb.<\/p>\n<p class=\"fig-paragraph\">\u00abSi la libert\u00e9 de manifester est un droit fondamental prot\u00e9g\u00e9 par la R\u00e9publique, de tels troubles \u00e0 l&rsquo;ordre public ne peuvent \u00eatre tol\u00e9r\u00e9s\u00bb, a d\u00e9clar\u00e9 de son c\u00f4t\u00e9 le pr\u00e9fet des Bouches-du-Rh\u00f4ne Jacques Witkowski, indiquant dans un communiqu\u00e9 qu&rsquo;un \u00abdispositif de maintien de l&rsquo;ordre\u00bb sera d\u00e9ploy\u00e9 pour s&rsquo;assurer que l&rsquo;interdiction de manifester samedi sera bien respect\u00e9e.<\/p>\n<p class=\"fig-paragraph\"><a href=\"http:\/\/www.lefigaro.fr\/faits-divers\/paris-plus-d-un-millier-de-manifestants-kurdes-rassembles-aux-invalides-onze-interpellations-20260121\" data-fig-type=\"NewsFlash\" data-gtm-custom-categorie=\"navigation\" data-gtm-custom-action=\"crossclick\" data-gtm-custom-label=\"Contextuel\" data-gtm-event=\"customEventSPE\" data-fig-domain=\"LEFIGARO\" target=\"_blank\" rel=\"noopener\">Ces manifestations interviennent au moment o\u00f9 la communaut\u00e9 kurde en Syrie<\/a>, qui dispose de ses propres forces et d&rsquo;une r\u00e9gion autonome dans le nord-est syrien, est engag\u00e9e dans des tensions avec le pouvoir de Damas, d\u00e9termin\u00e9 \u00e0 \u00e9tendre son autorit\u00e9 sur l&rsquo;ensemble du pays morcel\u00e9 par la guerre. \u00abNous ne l\u00e2chons pas les Kurdes, nous savons ce que nous leur devons. Ce sont nos fr\u00e8res d&rsquo;armes\u00bb, a d\u00e9clar\u00e9 jeudi le Quai d&rsquo;Orsay, en allusion au r\u00f4le essentiel jou\u00e9 par les forces kurdes, aux c\u00f4t\u00e9s de la coalition internationale antidjihadiste men\u00e9e par les \u00c9tats-Unis, dans la lutte contre le groupe \u00c9tat islamique (EI).<\/p>\n<p>                                            <a href=\"https:\/\/photo.lefigaro.fr\/marseille\/marseille-la-manifestation-pro-kurde-degenere-20260122\" target=\"_blank\" rel=\"noopener\"><\/p>\n<p class=\"fig-slideshow__title\">\n                    Marseille\u00a0: la manifestation pro-kurde d\u00e9g\u00e9n\u00e8re\n                <\/p>\n<p>Acc\u00e9der au diaporama (16)<\/p>\n<p>    <\/a><\/p>\n","protected":false},"excerpt":{"rendered":"La manifestation, pr\u00e9vue samedi apr\u00e8s-midi, vient d\u2019\u00eatre interdite par la pr\u00e9fecture des Bouches-du-Rh\u00f4ne. De nombreux troubles \u00e0 l\u2019ordre&hellip;\n","protected":false},"author":2,"featured_media":683902,"comment_status":"","ping_status":"","sticky":false,"template":"","format":"standard","meta":{"footnotes":""},"categories":[2814],"tags":[1111,11,1777,674,1011,27,38913,2088,884,12,882,25],"class_list":{"0":"post-683901","1":"post","2":"type-post","3":"status-publish","4":"format-standard","5":"has-post-thumbnail","7":"category-marseille","8":"tag-actu","9":"tag-actualites","10":"tag-eu","11":"tag-europe","12":"tag-fr","13":"tag-france","14":"tag-kurdes","15":"tag-manifestation","16":"tag-marseille","17":"tag-news","18":"tag-provence-alpes-cote-dazur","19":"tag-republique-francaise"},"share_on_mastodon":{"url":"https:\/\/pubeurope.com\/@fr\/115944900727503469","error":""},"_links":{"self":[{"href":"https:\/\/www.europesays.com\/fr\/wp-json\/wp\/v2\/posts\/683901","targetHints":{"allow":["GET"]}}],"collection":[{"href":"https:\/\/www.europesays.com\/fr\/wp-json\/wp\/v2\/posts"}],"about":[{"href":"https:\/\/www.europesays.com\/fr\/wp-json\/wp\/v2\/types\/post"}],"author":[{"embeddable":true,"href":"https:\/\/www.europesays.com\/fr\/wp-json\/wp\/v2\/users\/2"}],"replies":[{"embeddable":true,"href":"https:\/\/www.europesays.com\/fr\/wp-json\/wp\/v2\/comments?post=683901"}],"version-history":[{"count":0,"href":"https:\/\/www.europesays.com\/fr\/wp-json\/wp\/v2\/posts\/683901\/revisions"}],"wp:featuredmedia":[{"embeddable":true,"href":"https:\/\/www.europesays.com\/fr\/wp-json\/wp\/v2\/media\/683902"}],"wp:attachment":[{"href":"https:\/\/www.europesays.com\/fr\/wp-json\/wp\/v2\/media?parent=683901"}],"wp:term":[{"taxonomy":"category","embeddable":true,"href":"https:\/\/www.europesays.com\/fr\/wp-json\/wp\/v2\/categories?post=683901"},{"taxonomy":"post_tag","embeddable":true,"href":"https:\/\/www.europesays.com\/fr\/wp-json\/wp\/v2\/tags?post=683901"}],"curies":[{"name":"wp","href":"https:\/\/api.w.org\/{rel}","templated":true}]}}