{"id":683911,"date":"2026-01-23T14:37:12","date_gmt":"2026-01-23T14:37:12","guid":{"rendered":"https:\/\/www.europesays.com\/fr\/683911\/"},"modified":"2026-01-23T14:37:12","modified_gmt":"2026-01-23T14:37:12","slug":"enquete-sur-de-nouvelles-violences-policieres-apres-le-matraquage-dun-homme","status":"publish","type":"post","link":"https:\/\/www.europesays.com\/fr\/683911\/","title":{"rendered":"Enqu\u00eate sur de nouvelles violences polici\u00e8res apr\u00e8s le matraquage d\u2019un homme"},"content":{"rendered":"<p>La vid\u00e9o a fait <a href=\"https:\/\/x.com\/CerveauxNon\/status\/2014260926963212292\" rel=\"nofollow\" target=\"_blank\" class=\"c-link c-link--is-underlined\">le tour des r\u00e9seaux sociaux<\/a>. Post\u00e9e cette semaine, elle montre un homme victime de coups de matraque de la part de membres des forces de l\u2019ordre. La victime y appara\u00eet encercl\u00e9e par trois policiers. Ces derniers lui ass\u00e8nent plusieurs coups de matraque de la t\u00eate aux jambes, avant de plaquer l\u2019homme contre le capot d\u2019un v\u00e9hicule sigl\u00e9 \u00ab\u00a0Police\u00a0\u00bb. Le m\u00eame fonctionnaire continue de frapper, avant qu\u2019un autre agent porte un coup de poing au visage. Avant d\u2019\u00eatre rel\u00e2ch\u00e9, l\u2019homme est tir\u00e9 par les cheveux puis insult\u00e9. On entend distinctement les mots \u00ab\u00a0D\u00e9gage\u00a0!\u00a0\u00bb et \u00ab\u00a0kebab sur pattes\u00a0!\u00a0\u00bb, alors que l\u2019homme s\u2019enfuit en courant.<\/p>\n<blockquote class=\"twitter-tweet\" align=\"center\" data-lang=\"fr_FR\">\n<p lang=\"fr\" dir=\"ltr\">Nous avons re\u00e7u par message cette vid\u00e9o d&rsquo;un nouveau cas de violences polici\u00e8res. Cela s&rsquo;est pass\u00e9 lundi soir \u00e0 Paris, Rue Bichat. <a href=\"https:\/\/t.co\/GooUqA0fDg\">pic.twitter.com\/GooUqA0fDg<\/a><\/p>\n<p>\u2014 Cerveaux non disponibles (@CerveauxNon) <a href=\"https:\/\/twitter.com\/CerveauxNon\/status\/2014260926963212292?ref_src=twsrc%5Etfw\" target=\"_blank\" rel=\"noopener\">January 22, 2026<\/a><\/p><\/blockquote>\n<p class=\"mb-m@xs text-l@xs\">En cliquant sur\u00ab J\u2019accepte \u00bb, vous acceptez le d\u00e9p\u00f4t de cookies par des services externes et aurez ainsi acc\u00e8s aux contenus de nos partenaires.<\/p>\n<p class=\"mb-xl@xs text-s@xs\">Plus d\u2019informations sur la page<a href=\"https:\/\/www.20minutes.fr\/gestion-cookies\" class=\"mx-xxs@xs color-ultramarine\" target=\"_blank\" rel=\"noopener\">Politique de gestion des cookies<\/a><\/p>\n<p>J\u2019accepte<\/p>\n<p>D\u2019apr\u00e8s plusieurs sources <a href=\"https:\/\/www.leparisien.fr\/faits-divers\/paris-ligpn-saisie-apres-la-diffusion-dune-video-montrant-des-policiers-frappant-un-homme-22-01-2026-PHFHUMCTJZCGHCGMT4EARXKY7U.php\" rel=\"nofollow noopener\" target=\"_blank\" class=\"c-link c-link--is-underlined\">dont Le Parisien<\/a>, la sc\u00e8ne aurait \u00e9t\u00e9 film\u00e9e le 19\u00a0janvier rue Bichat, dans le 10e\u00a0arrondissement de Paris. Certaines personnes \u00e9voquent des faits commis \u00ab\u00a0\u00e0 la suite d\u2019une manifestation pro-Kurdes \u00e0 R\u00e9publique\u00a0\u00bb. L\u2019Inspection g\u00e9n\u00e9rale de la police nationale (IGPN), la \u00ab\u00a0police des polices\u00a0\u00bb, a \u00e9t\u00e9 saisie de l\u2019enqu\u00eate.<\/p>\n<p>D\u00e9j\u00e0 un mort dans un commissariat<\/p>\n<p>Cette proc\u00e9dure intervient quelques jours seulement apr\u00e8s une autre affaire <a href=\"https:\/\/www.20minutes.fr\/faits_divers\/faits-divers-paris\/4196984-20260120-paris-juge-instruction-va-enqueter-mort-el-hacen-diarra-garde-vue\" class=\"c-link c-link--is-underlined\" target=\"_blank\" rel=\"noopener\">de mort suspecte survenue dans un commissariat parisien<\/a>. Lundi, le parquet de Paris a annonc\u00e9 l\u2019ouverture d\u2019une information judiciaire pour violences volontaires par personne d\u00e9positaire de l\u2019autorit\u00e9 publique ayant entra\u00een\u00e9 la mort, apr\u00e8s le d\u00e9c\u00e8s en garde \u00e0 vue d\u2019un Mauritanien de 35 ans dans un commissariat de la capitale, survenu un peu plus d\u2019une semaine auparavant.<\/p>\n<\/p>\n<p>Un juge d\u2019instruction est d\u00e9sormais charg\u00e9 d\u2019enqu\u00eater <a href=\"https:\/\/www.20minutes.fr\/faits_divers\/4197131-20260120-paris-autopsie-appel-temoins-famille-point-mort-el-hacen-diarra-garde-vue\" class=\"c-link c-link--is-underlined\" target=\"_blank\" rel=\"noopener\">sur les circonstances du d\u00e9c\u00e8s d\u2019El Hacen Diarra<\/a>, mort dans la nuit de mercredi \u00e0 jeudi dernier au commissariat du 20e\u00a0arrondissement. Sa famille d\u00e9nonce des violences polici\u00e8res.<\/p>\n<p>Une vid\u00e9o film\u00e9e par des voisins lors de son interpellation, devant le foyer de travailleurs migrants o\u00f9 il r\u00e9sidait, a circul\u00e9 sur les r\u00e9seaux sociaux. On y voit deux policiers, dont l\u2019un, agenouill\u00e9, porter deux coups de poing \u00e0 un homme maintenu au sol. Selon une analyse sonore r\u00e9alis\u00e9e par la famille du d\u00e9funt, on entend \u00e9galement El Hacen Diarra crier\u00a0: \u00ab\u00a0Vous m\u2019\u00e9tranglez\u00a0!\u00a0\u00bb.<\/p>\n<p><script async src=\"https:\/\/platform.twitter.com\/widgets.js\" charset=\"utf-8\"><\/script><\/p>\n","protected":false},"excerpt":{"rendered":"La vid\u00e9o a fait le tour des r\u00e9seaux sociaux. Post\u00e9e cette semaine, elle montre un homme victime de&hellip;\n","protected":false},"author":2,"featured_media":683912,"comment_status":"","ping_status":"","sticky":false,"template":"","format":"standard","meta":{"footnotes":""},"categories":[1888],"tags":[1111,1928,47,11,1927,78090,1067,1777,674,118,1011,27,35088,662,1272,12,1926,626,1925,25,809,7374],"class_list":{"0":"post-683911","1":"post","2":"type-post","3":"status-publish","4":"format-standard","5":"has-post-thumbnail","7":"category-paris","8":"tag-actu","9":"tag-actu-paris","10":"tag-actualite","11":"tag-actualites","12":"tag-actualites-paris","13":"tag-bavure","14":"tag-enquete","15":"tag-eu","16":"tag-europe","17":"tag-faits-divers","18":"tag-fr","19":"tag-france","20":"tag-igpn","21":"tag-ile-de-france","22":"tag-manifestations","23":"tag-news","24":"tag-news-paris","25":"tag-paris","26":"tag-paris-news","27":"tag-republique-francaise","28":"tag-violence","29":"tag-violences-policieres"},"share_on_mastodon":{"url":"https:\/\/pubeurope.com\/@fr\/115944924336405651","error":""},"_links":{"self":[{"href":"https:\/\/www.europesays.com\/fr\/wp-json\/wp\/v2\/posts\/683911","targetHints":{"allow":["GET"]}}],"collection":[{"href":"https:\/\/www.europesays.com\/fr\/wp-json\/wp\/v2\/posts"}],"about":[{"href":"https:\/\/www.europesays.com\/fr\/wp-json\/wp\/v2\/types\/post"}],"author":[{"embeddable":true,"href":"https:\/\/www.europesays.com\/fr\/wp-json\/wp\/v2\/users\/2"}],"replies":[{"embeddable":true,"href":"https:\/\/www.europesays.com\/fr\/wp-json\/wp\/v2\/comments?post=683911"}],"version-history":[{"count":0,"href":"https:\/\/www.europesays.com\/fr\/wp-json\/wp\/v2\/posts\/683911\/revisions"}],"wp:featuredmedia":[{"embeddable":true,"href":"https:\/\/www.europesays.com\/fr\/wp-json\/wp\/v2\/media\/683912"}],"wp:attachment":[{"href":"https:\/\/www.europesays.com\/fr\/wp-json\/wp\/v2\/media?parent=683911"}],"wp:term":[{"taxonomy":"category","embeddable":true,"href":"https:\/\/www.europesays.com\/fr\/wp-json\/wp\/v2\/categories?post=683911"},{"taxonomy":"post_tag","embeddable":true,"href":"https:\/\/www.europesays.com\/fr\/wp-json\/wp\/v2\/tags?post=683911"}],"curies":[{"name":"wp","href":"https:\/\/api.w.org\/{rel}","templated":true}]}}