{"id":683917,"date":"2026-01-23T14:40:12","date_gmt":"2026-01-23T14:40:12","guid":{"rendered":"https:\/\/www.europesays.com\/fr\/683917\/"},"modified":"2026-01-23T14:40:12","modified_gmt":"2026-01-23T14:40:12","slug":"face-a-lactivisme-des-etats-unis-ou-de-la-russie-la-diplomatie-francaise-cherche-enfin-a-saffirmer","status":"publish","type":"post","link":"https:\/\/www.europesays.com\/fr\/683917\/","title":{"rendered":"Face \u00e0 l\u2019activisme des \u00c9tats-Unis ou de la Russie, la diplomatie fran\u00e7aise cherche (enfin) \u00e0 s\u2019affirmer"},"content":{"rendered":"<p>Dans un monde en pleine rupture, face aux attaques frontales de comp\u00e9titeurs assum\u00e9s, comme la Russie, mais aussi de pr\u00e9tendus partenaires tels que les \u00c9tats-Unis, la France a durci le ton, ces derniers jours. Bien qu\u2019encore loin de la diplomatie combative des \u00ab\u00a0loups guerriers\u00a0\u00bb chinois, Paris rend des coups, ne se contentant plus de subir. <a href=\"https:\/\/www.letelegramme.fr\/opinions\/edito-macron-retour-dun-leadership-6970031.php\" title=\"www.letelegramme.fr\" target=\"_blank\" rel=\"noopener\">Lunettes d\u2019aviateur viss\u00e9es sur le nez, Emmanuel Macron a ainsi men\u00e9 la fronde face \u00e0 Donald Trump<\/a>, lors du sommet de Davos, d\u00e9non\u00e7ant ses attaques r\u00e9p\u00e9t\u00e9es contre l\u2019Europe, tout en mena\u00e7ant Washington de r\u00e9torsions \u00e9conomiques en cas d\u2019instauration de nouveaux droits de douane.<\/p>\n<p>En Suisse, le chef de l\u2019\u00c9tat fran\u00e7ais a d\u00e9nonc\u00e9 une \u00ab\u00a0concurrence\u00a0\u00bb am\u00e9ricaine visant \u00e0 \u00ab\u00a0affaiblir et subordonner l\u2019Europe\u00a0\u00bb. Et d\u2019ajouter\u00a0: \u00ab\u00a0Ne nous divisons pas, n\u2019acceptons pas un ordre mondial qui serait dict\u00e9 par ceux qui ont la plus grosse voix, le plus gros b\u00e2ton\u00a0\u00bb. Une prise de parole remarqu\u00e9e derri\u00e8re laquelle se sont rang\u00e9s les Europ\u00e9ens en d\u00e9pit de d\u00e9saccords profonds.<\/p>\n<p>De fait, le milliardaire a depuis recul\u00e9 sur <a href=\"https:\/\/www.letelegramme.fr\/monde\/groenland-ce-que-lon-sait-de-laccord-envisage-entre-le-danemark-et-les-etats-unis-6969748.php\" title=\"www.letelegramme.fr\" target=\"_blank\" rel=\"noopener\">ses menaces d\u2019annexion du Groenland<\/a>, assurant qu\u2019il n\u2019aurait pas recours \u00e0 la force. Un succ\u00e8s majeur pour l\u2019\u00c9lys\u00e9e. \u00ab\u00a0Cette attitude du Pr\u00e9sident donne un signal fort de prise de conscience au sommet de l\u2019\u00c9tat\u00a0\u00bb, souffle un ancien diplomate. Un message martel\u00e9 par Emmanuel Macron lors de son discours \u00e0 la conf\u00e9rence des ambassadeurs, le 8 janvier. Il avait alors appel\u00e9 la diplomatie fran\u00e7aise \u00e0 d\u00e9fendre son influence dans la \u00ab\u00a0bataille des r\u00e9cits\u00a0\u00bb et \u00e0 lutter contre la d\u00e9sinformation.<\/p>\n<p>Diplomatie num\u00e9rique<\/p>\n<p>C\u2019est dans cette logique qu\u2019est n\u00e9 <a href=\"https:\/\/x.com\/FrenchResponse?lang=fr\" title=\"x.com\">\u00ab\u00a0French response\u00a0\u00bb, un compte officiel lanc\u00e9 sur X par le minist\u00e8re de l\u2019Europe et des Affaires \u00e9trang\u00e8res<\/a>. Objectif\u00a0: r\u00e9pondre aux attaques sur les r\u00e9seaux sociaux, notamment celles venant du clan Maga (Make America great again). Ainsi, apr\u00e8s qu\u2019Elon Musk a accus\u00e9 plusieurs gouvernements, dont la France, d\u2019\u00eatre \u00ab\u00a0fascistes\u00a0\u00bb, la diplomatie du web a r\u00e9agi en repliant <a href=\"https:\/\/www.letelegramme.fr\/monde\/investiture-de-trump-elon-musk-a-t-il-fait-un-salut-nazi-6744863.php\" title=\"www.letelegramme.fr\" target=\"_blank\" rel=\"noopener\">une photo virale de Musk ou il est accus\u00e9 d\u2019avoir fait un salut nazi<\/a>. Cette r\u00e9action s\u2019av\u00e8re d\u2019autant plus n\u00e9cessaire que la France et ses repr\u00e9sentants font en permanence face \u00e0 des attaques virulentes sur les r\u00e9seaux, venant aussi bien d\u2019acteurs institutionnels que de n\u00e9buleuses.<\/p>\n<p>En 2024, l\u2019ambassadeur en Arm\u00e9nie a \u00e9t\u00e9 accus\u00e9 de p\u00e9dophilie, sur fond de tensions avec l\u2019Azerba\u00efdjan qui ne supporte pas le soutien de Paris \u00e0 ce petit pays chr\u00e9tien. En Afrique, o\u00f9 <a href=\"https:\/\/www.letelegramme.fr\/monde\/niger-des-centaines-de-personnes-manifestent-contre-la-presence-militaire-francaise-329121.php\" title=\"www.letelegramme.fr\" target=\"_blank\" rel=\"noopener\">Paris est r\u00e9guli\u00e8rement accus\u00e9 de n\u00e9ocolonialisme<\/a>, les attaques pleuvent depuis des ann\u00e9es. \u00ab\u00a0Avant, certains influenceurs diffusaient de fa\u00e7on permanente la propagande russe et le narratif anti-occidental, et il a \u00e9t\u00e9 prouv\u00e9 que certains \u00e9taient r\u00e9mun\u00e9r\u00e9s par la Russie pour le faire\u00a0\u00bb, explique Nicolas Normand, ancien ambassadeur en Afrique.<\/p>\n<blockquote><p>Dans ce moment o\u00f9 la coupe est pleine vis-\u00e0-vis de Trump, on revient aux r\u00e9flexes gaullo-mitterrandien de la diplomatie fran\u00e7aise qui n\u2019accepte pas cette vassalit\u00e9 implicite.<\/p><\/blockquote>\n<p>Toutefois, sur le continent noir, la r\u00e9action fran\u00e7aise a \u00e9t\u00e9 plus que tardive. \u00ab\u00a0Les questions diplomatiques remontent d\u00e9sormais \u00e0 l\u2019\u00c9lys\u00e9e plus que jamais\u00a0\u00bb, ajoute Nicolas Normand. Mais beaucoup de flottements subsistent. Comme apr\u00e8s <a href=\"https:\/\/www.letelegramme.fr\/monde\/attaque-americaine-contre-le-venezuela-et-capture-de-nicolas-maduro-ce-que-lon-sait-6956746.php\" title=\"www.letelegramme.fr\" target=\"_blank\" rel=\"noopener\">l\u2019enl\u00e8vement du pr\u00e9sident Maduro<\/a> par la <a href=\"https:\/\/www.letelegramme.fr\/monde\/elle-serait-derriere-la-capture-de-maduro-la-delta-force-cette-unite-secrete-de-larmee-americaine-6956698.php\" title=\"www.letelegramme.fr\" target=\"_blank\" rel=\"noopener\">Delta force<\/a>, le 3 janvier. <a href=\"https:\/\/www.letelegramme.fr\/france\/il-nous-fait-honte-macron-prend-acte-de-la-fin-de-la-dictature-au-venezuela-et-ulcere-la-gauche-6956791.php\" title=\"www.letelegramme.fr\" target=\"_blank\" rel=\"noopener\">Emmanuel Macron s\u2019\u00e9tait alors f\u00e9licit\u00e9 de voir les \u00c9tats-Unis se d\u00e9barrasser d\u2019un dictateur<\/a> sans vraiment alerter sur les potentielles cons\u00e9quences g\u00e9opolitiques. Le ministre des Affaires \u00e9trang\u00e8res, <a href=\"https:\/\/www.letelegramme.fr\/monde\/la-france-napprouve-pas-la-methode-americaine-pour-renverser-maduro-au-venezuela-assure-emmanuel-macron-6957302.php\" title=\"www.letelegramme.fr\" target=\"_blank\" rel=\"noopener\">Jean No\u00ebl Barrot, \u00e9tait alors venu corriger cette premi\u00e8re r\u00e9action, en condamnant l\u2019usage arbitraire de la force<\/a>, en violation du droit international. Quoi qu\u2019il en soit, nous vivons un moment de sursaut, selon Jean de Gliniasty, ancien ambassadeur de France en Russie. Et d\u2019ajouter\u00a0: \u00ab\u00a0Dans ce moment o\u00f9 la coupe est pleine vis-\u00e0-vis de Trump, on revient aux r\u00e9flexes gaullo-mitterrandien de la diplomatie fran\u00e7aise qui n\u2019accepte pas cette vassalit\u00e9 implicite\u00a0\u00bb.<\/p>\n","protected":false},"excerpt":{"rendered":"Dans un monde en pleine rupture, face aux attaques frontales de comp\u00e9titeurs assum\u00e9s, comme la Russie, mais aussi&hellip;\n","protected":false},"author":2,"featured_media":683918,"comment_status":"","ping_status":"","sticky":false,"template":"","format":"standard","meta":{"footnotes":""},"categories":[1591],"tags":[11,309,312,1073,73,1887,3535,74,12,1885,1886,132],"class_list":{"0":"post-683917","1":"post","2":"type-post","3":"status-publish","4":"format-standard","5":"has-post-thumbnail","7":"category-russie","8":"tag-actualites","9":"tag-chine","10":"tag-diplomatie","11":"tag-emmanuel-macron","12":"tag-etats-unis","13":"tag-federation-de-russie","14":"tag-geopolitique","15":"tag-monde","16":"tag-news","17":"tag-russia","18":"tag-russian-federation","19":"tag-russie"},"share_on_mastodon":{"url":"","error":""},"_links":{"self":[{"href":"https:\/\/www.europesays.com\/fr\/wp-json\/wp\/v2\/posts\/683917","targetHints":{"allow":["GET"]}}],"collection":[{"href":"https:\/\/www.europesays.com\/fr\/wp-json\/wp\/v2\/posts"}],"about":[{"href":"https:\/\/www.europesays.com\/fr\/wp-json\/wp\/v2\/types\/post"}],"author":[{"embeddable":true,"href":"https:\/\/www.europesays.com\/fr\/wp-json\/wp\/v2\/users\/2"}],"replies":[{"embeddable":true,"href":"https:\/\/www.europesays.com\/fr\/wp-json\/wp\/v2\/comments?post=683917"}],"version-history":[{"count":0,"href":"https:\/\/www.europesays.com\/fr\/wp-json\/wp\/v2\/posts\/683917\/revisions"}],"wp:featuredmedia":[{"embeddable":true,"href":"https:\/\/www.europesays.com\/fr\/wp-json\/wp\/v2\/media\/683918"}],"wp:attachment":[{"href":"https:\/\/www.europesays.com\/fr\/wp-json\/wp\/v2\/media?parent=683917"}],"wp:term":[{"taxonomy":"category","embeddable":true,"href":"https:\/\/www.europesays.com\/fr\/wp-json\/wp\/v2\/categories?post=683917"},{"taxonomy":"post_tag","embeddable":true,"href":"https:\/\/www.europesays.com\/fr\/wp-json\/wp\/v2\/tags?post=683917"}],"curies":[{"name":"wp","href":"https:\/\/api.w.org\/{rel}","templated":true}]}}