{"id":683924,"date":"2026-01-23T14:44:11","date_gmt":"2026-01-23T14:44:11","guid":{"rendered":"https:\/\/www.europesays.com\/fr\/683924\/"},"modified":"2026-01-23T14:44:11","modified_gmt":"2026-01-23T14:44:11","slug":"le-retour-en-grace-des-primes-a-lachat-de-vehicules-electriques","status":"publish","type":"post","link":"https:\/\/www.europesays.com\/fr\/683924\/","title":{"rendered":"le retour en gr\u00e2ce des primes \u00e0 l\u2019achat de v\u00e9hicules \u00e9lectriques"},"content":{"rendered":"<p>C\u2019est un virage important pour l\u2019Allemagne. Le gouvernement allemand a annonc\u00e9 lundi le retour d\u2019une prime \u00e0 l\u2019achat de v\u00e9hicules \u00e9lectriques et hybrides, d\u2019un montant compris entre\u00a01\u00a0500 et\u00a06\u00a0000\u00a0euros, destin\u00e9e \u00e0 soutenir les m\u00e9nages. Dot\u00e9 d\u2019un budget total de trois milliards d\u2019euros, ce programme permettra de subventionner l\u2019achat d\u2019environ 800\u00a0000 v\u00e9hicules entre\u00a02026 et\u00a02029, a indiqu\u00e9 le minist\u00e8re de l\u2019Environnement dans un communiqu\u00e9.<\/p>\n<p>Les voitures \u00e9lectriques b\u00e9n\u00e9ficieront d\u2019une aide d\u2019au moins 3\u00a0000\u00a0euros, tandis que les v\u00e9hicules hybrides rechargeables et les voitures \u00e9lectriques avec prolongateur d\u2019autonomie recevront une subvention de base de 1500 euros. L\u2019aide sera r\u00e9serv\u00e9e aux m\u00e9nages dont le revenu annuel imposable ne d\u00e9passe pas 80\u00a0000\u00a0euros. La subvention s\u2019appliquera r\u00e9troactivement aux voitures \u00e9lectriques immatricul\u00e9es depuis le d\u00e9but de l\u2019ann\u00e9e.<\/p>\n<p>Une prime \u00e0 l\u2019achat pour les voitures \u00e9lectriques, destin\u00e9e aux particuliers et aux entreprises, avait \u00e9t\u00e9 instaur\u00e9e en 2016 avant d\u2019\u00eatre supprim\u00e9e fin 2023, entra\u00eenant une forte baisse des immatriculations de voitures \u00e9lectriques neuves en 2024. Mais la nouvelle prime ne convainc pas l\u2019ONG environnementale Deutsche Umwelthilfe (DUH), dont le directeur g\u00e9n\u00e9ral J\u00fcrgen Resch d\u00e9plore notamment l\u2019inclusion des v\u00e9hicules hybrides qu\u2019il juge \u00ab\u00a0fortement \u00e9metteurs de CO\u2082\u00a0\u00bb.<\/p>\n<p>D\u2019un point de vue \u00e9conomique, \u00ab l\u2019argent du contribuable est utilis\u00e9 de mani\u00e8re tr\u00e8s inefficace \u00bb, a, quant \u00e0 lui, jug\u00e9 l\u2019expert allemand de l\u2019automobile Ferdinand Dudenh\u00f6ffer, qui pr\u00e9dit un succ\u00e8s \u00ab\u00a0passager\u00a0\u00bb de cette mesure. La pr\u00e9sidente du syndicat des constructeurs automobiles allemands (VDA), Hildegard M\u00fcller, a salu\u00e9 une \u00ab\u00a0avanc\u00e9e fondamentalement positive\u00a0\u00bb, mais a rappel\u00e9 que l\u2019Allemagne avait aussi besoin d\u2019un \u00ab\u00a0r\u00e9seau de recharge performant\u00a0\u00bb et d\u2019une \u00e9lectricit\u00e9 plus \u00ab\u00a0abordable\u00a0\u00bb.<\/p>\n","protected":false},"excerpt":{"rendered":"C\u2019est un virage important pour l\u2019Allemagne. Le gouvernement allemand a annonc\u00e9 lundi le retour d\u2019une prime \u00e0 l\u2019achat&hellip;\n","protected":false},"author":2,"featured_media":683925,"comment_status":"","ping_status":"","sticky":false,"template":"","format":"standard","meta":{"footnotes":""},"categories":[1587],"tags":[5734,11,672,1804,1805,1803,8401,1777,674,27,1801,4567,15827,12,8323,1802,8133,800,7727,8836],"class_list":{"0":"post-683924","1":"post","2":"type-post","3":"status-publish","4":"format-standard","5":"has-post-thumbnail","7":"category-allemagne","8":"tag-5734","9":"tag-actualites","10":"tag-allemagne","11":"tag-bundesrepublik-deutschland","12":"tag-de","13":"tag-deutschland","14":"tag-electriques","15":"tag-eu","16":"tag-europe","17":"tag-france","18":"tag-germany","19":"tag-grace","20":"tag-lachat","21":"tag-news","22":"tag-primes","23":"tag-republique-federale-dallemagne","24":"tag-retour","25":"tag-transports","26":"tag-vehicules","27":"tag-vs"},"share_on_mastodon":{"url":"https:\/\/pubeurope.com\/@fr\/115944951928540340","error":""},"_links":{"self":[{"href":"https:\/\/www.europesays.com\/fr\/wp-json\/wp\/v2\/posts\/683924","targetHints":{"allow":["GET"]}}],"collection":[{"href":"https:\/\/www.europesays.com\/fr\/wp-json\/wp\/v2\/posts"}],"about":[{"href":"https:\/\/www.europesays.com\/fr\/wp-json\/wp\/v2\/types\/post"}],"author":[{"embeddable":true,"href":"https:\/\/www.europesays.com\/fr\/wp-json\/wp\/v2\/users\/2"}],"replies":[{"embeddable":true,"href":"https:\/\/www.europesays.com\/fr\/wp-json\/wp\/v2\/comments?post=683924"}],"version-history":[{"count":0,"href":"https:\/\/www.europesays.com\/fr\/wp-json\/wp\/v2\/posts\/683924\/revisions"}],"wp:featuredmedia":[{"embeddable":true,"href":"https:\/\/www.europesays.com\/fr\/wp-json\/wp\/v2\/media\/683925"}],"wp:attachment":[{"href":"https:\/\/www.europesays.com\/fr\/wp-json\/wp\/v2\/media?parent=683924"}],"wp:term":[{"taxonomy":"category","embeddable":true,"href":"https:\/\/www.europesays.com\/fr\/wp-json\/wp\/v2\/categories?post=683924"},{"taxonomy":"post_tag","embeddable":true,"href":"https:\/\/www.europesays.com\/fr\/wp-json\/wp\/v2\/tags?post=683924"}],"curies":[{"name":"wp","href":"https:\/\/api.w.org\/{rel}","templated":true}]}}