{"id":683945,"date":"2026-01-23T14:59:10","date_gmt":"2026-01-23T14:59:10","guid":{"rendered":"https:\/\/www.europesays.com\/fr\/683945\/"},"modified":"2026-01-23T14:59:10","modified_gmt":"2026-01-23T14:59:10","slug":"cest-la-maison-de-mes-reves-son-splendide-cocon-tout-en-brique-rouge-et-sur-trois-etages-dans-le-nord","status":"publish","type":"post","link":"https:\/\/www.europesays.com\/fr\/683945\/","title":{"rendered":"\u00ab C&rsquo;est la maison de mes r\u00eaves \u00bb, son splendide cocon tout en brique rouge et sur trois \u00e9tages dans le Nord"},"content":{"rendered":"<p>R\u00e9v\u00e9l\u00e9e m\u00e9diatiquement en 2019, lorsqu\u00a0\u00bbelle a rejoint l&rsquo;\u00e9quipe<br \/>\nde danseurs de Danse avec les stars, In\u00e8s Vandamme ne<br \/>\nparticipera pas \u00e0 la prochaine saison de l&rsquo;\u00e9mission de<br \/>\ndivertissement de TF1 aux c\u00f4t\u00e9s de <a href=\"https:\/\/www.lejournaldelamaison.fr\/le-journal-de-la-maison\/reportages-maisons\/maisons-reportages-maisons\/en-images-jean-marc-genereux-et-sa-petite-maison-pittoresque-au-quebec-476657.html\" target=\"_blank\" rel=\"noopener\"><br \/>\nJean-Marc G\u00e9n\u00e9reux<\/a>. Ces derniers mois, la danseuse s&rsquo;est<br \/>\nsurtout attel\u00e9e \u00e0 finaliser son installation dans <strong>une<br \/>\nmaison mitoyenne en brique rouge typique du Nord de la<br \/>\nFrance<\/strong>, dont elle est originaire.<\/p>\n<p>In\u00e8s Vandamme pr\u00e9sente la \u00ab maison de ses r\u00eaves \u00bb<\/p>\n<p>Dans une vid\u00e9o intitul\u00e9e <strong>J&rsquo;ai achet\u00e9 la maison de mes<br \/>\nr\u00eaves (et je vous la fais visiter)<\/strong> publi\u00e9e sur sa cha\u00eene<br \/>\nYouTube, qui comporte plus de 80 000 abonn\u00e9s, la danseuse a tenu \u00e0<br \/>\nfaire la visite de la d\u00e9coration int\u00e9rieure de sa maison :\u00a0 \u00ab<br \/>\nVid\u00e9o que vous attendiez tous, je le sais, j&rsquo;ai re\u00e7u un nombre<br \/>\nincalculable de messages [&#8230;] Bienvenue dans la maison de mes<br \/>\nr\u00eaves.\u00a0\u00bb<\/p>\n<p>Avant de d\u00e9voiler le r\u00e9sultat de ses inspirations, l&rsquo;animatrice<br \/>\na tenu \u00e0 raconter l&rsquo;histoire derri\u00e8re l&rsquo;acquisition de cette<br \/>\n<a href=\"https:\/\/www.lejournaldelamaison.fr\/le-journal-de-la-maison\/reportages-maisons\/didier-bourdon-la-province-cest-la-france-que-jaime-celle-du-terroir-sa-petite-maison-quil-sest-offerte-dans-les-hauts-de-france-av-530571.html\" target=\"_blank\" rel=\"noopener\"><br \/>\nmaison typique de la r\u00e9gion nordiste<\/a> : \u00ab J&rsquo;ai achet\u00e9 cette<br \/>\nmaison en d\u00e9cembre 2024. Je l&rsquo;ai visit\u00e9e en septembre\/octobre<br \/>\n2024.<strong>\u00a0J&rsquo;ai eu un coup de c\u0153ur \u00e9norme quand j&rsquo;ai visit\u00e9<br \/>\ncette maison.\u00a0<\/strong>Alors, il fallait se<br \/>\nprojeter.\u00a0<strong>On a fait beaucoup de travaux, plus que ce<br \/>\nque j&rsquo;imaginais, quand m\u00eame. Toutes les pi\u00e8ces y sont<br \/>\npass\u00e9es<\/strong>. Pas grand chose, des peintures, on refait un peu<br \/>\nle mur, on change ci, on peint la porte\u2026 Mais en fait, au final, ce<br \/>\nque je pensais \u00eatre pas grand chose s&rsquo;est transform\u00e9 en &lsquo;c&rsquo;est pas<br \/>\ntrop mal&rsquo;. \u00bb<\/p>\n<p>Qu&rsquo;y a-t-il dans la maison d&rsquo;In\u00e8s<br \/>\nVandamme ?<\/p>\n<p>Dans le cadre de ce \u00ab\u00a0home tour\u00a0\u00bb improvis\u00e9, la danseuse a r\u00e9v\u00e9l\u00e9<br \/>\nles diff\u00e9rentes pi\u00e8ces de sa maison : pi\u00e8ce de vie, cuisine, salle<br \/>\n\u00e0 manger, dressing, chambre d&rsquo;amis, bureau&#8230; Dans ce lieu qui fait<br \/>\nla part belle \u00e0 la luminosit\u00e9, nous sommes accueillis par<br \/>\n<strong>un carrelage effet parquet<\/strong> Merbau Roble de chez<br \/>\nKAP CARRELAGE.<\/p>\n<p>On retrouve \u00e9galement de <strong>jolis portes bougies<\/strong><br \/>\nvenant de chez Casa, ainsi qu&rsquo;un <strong>\u00e9l\u00e9gant fauteuil<br \/>\nblanc<\/strong> trouv\u00e9 chez GIFI. Se disant \u00ab <strong>tr\u00e8s fi\u00e8re<br \/>\nd&rsquo;avoir cette maison<\/strong>\u00a0\u00bb, In\u00e8s Vandamme a salu\u00e9 ce<br \/>\nqu&rsquo;elle consid\u00e8re \u00eatre un \u00ab bel accomplissement \u00bb. Outre<br \/>\ncette maison, la danseuse originaire de Dunkerque est \u00e9galement la<br \/>\npropri\u00e9taire de trois appartements locatifs.<\/p>\n","protected":false},"excerpt":{"rendered":"R\u00e9v\u00e9l\u00e9e m\u00e9diatiquement en 2019, lorsqu\u00a0\u00bbelle a rejoint l&rsquo;\u00e9quipe de danseurs de Danse avec les stars, In\u00e8s Vandamme ne&hellip;\n","protected":false},"author":2,"featured_media":683946,"comment_status":"","ping_status":"","sticky":false,"template":"","format":"standard","meta":{"footnotes":""},"categories":[1359],"tags":[930,54551,2511,71894,1446,1805,58,3026,59,12219,21116,1011,27,75245,4743,2142,17937,1308,973,5565,7289,3711,71642,3356,3585,1100,78091],"class_list":{"0":"post-683945","1":"post","2":"type-post","3":"status-publish","4":"format-standard","5":"has-post-thumbnail","7":"category-people","8":"tag-le","9":"tag-brique","10":"tag-cest","11":"tag-cocon","12":"tag-dans","13":"tag-de","14":"tag-divertissement","15":"tag-en","16":"tag-entertainment","17":"tag-et","18":"tag-etages","19":"tag-fr","20":"tag-france","21":"tag-ines","22":"tag-la","23":"tag-maison","24":"tag-mes","25":"tag-nord","26":"tag-people","27":"tag-reves","28":"tag-rouge","29":"tag-son","30":"tag-splendide","31":"tag-sur","32":"tag-tout","33":"tag-trois","34":"tag-vandamme"},"share_on_mastodon":{"url":"https:\/\/pubeurope.com\/@fr\/115945010851817102","error":""},"_links":{"self":[{"href":"https:\/\/www.europesays.com\/fr\/wp-json\/wp\/v2\/posts\/683945","targetHints":{"allow":["GET"]}}],"collection":[{"href":"https:\/\/www.europesays.com\/fr\/wp-json\/wp\/v2\/posts"}],"about":[{"href":"https:\/\/www.europesays.com\/fr\/wp-json\/wp\/v2\/types\/post"}],"author":[{"embeddable":true,"href":"https:\/\/www.europesays.com\/fr\/wp-json\/wp\/v2\/users\/2"}],"replies":[{"embeddable":true,"href":"https:\/\/www.europesays.com\/fr\/wp-json\/wp\/v2\/comments?post=683945"}],"version-history":[{"count":0,"href":"https:\/\/www.europesays.com\/fr\/wp-json\/wp\/v2\/posts\/683945\/revisions"}],"wp:featuredmedia":[{"embeddable":true,"href":"https:\/\/www.europesays.com\/fr\/wp-json\/wp\/v2\/media\/683946"}],"wp:attachment":[{"href":"https:\/\/www.europesays.com\/fr\/wp-json\/wp\/v2\/media?parent=683945"}],"wp:term":[{"taxonomy":"category","embeddable":true,"href":"https:\/\/www.europesays.com\/fr\/wp-json\/wp\/v2\/categories?post=683945"},{"taxonomy":"post_tag","embeddable":true,"href":"https:\/\/www.europesays.com\/fr\/wp-json\/wp\/v2\/tags?post=683945"}],"curies":[{"name":"wp","href":"https:\/\/api.w.org\/{rel}","templated":true}]}}