{"id":683948,"date":"2026-01-23T15:02:11","date_gmt":"2026-01-23T15:02:11","guid":{"rendered":"https:\/\/www.europesays.com\/fr\/683948\/"},"modified":"2026-01-23T15:02:11","modified_gmt":"2026-01-23T15:02:11","slug":"le-26-janvier-valdine-est-pris-pou","status":"publish","type":"post","link":"https:\/\/www.europesays.com\/fr\/683948\/","title":{"rendered":"le 26 janvier, Valdine est pris pou &#8230;"},"content":{"rendered":"<p>EN BREF<\/p>\n<ul class=\"bloc_resume_post_list\">\n<li>Le 26 janvier 2026 dans \u00ab\u00a0Ici tout commence\u00a0\u00bb, Zo\u00e9 se<br \/>\nlaisse d\u00e9passer.<\/li>\n<li>Jos\u00e9phine br\u00fble accidentellement Gaspard, entra\u00eenant une<br \/>\nformation de premiers secours.<\/li>\n<li>Le gala organis\u00e9 par Ana\u00efs tourne au fiasco avec la<br \/>\ndiffusion d\u00a0\u00bbune photo compromettante de Valdine.<\/li>\n<\/ul>\n<p>Dans l\u2019\u00e9pisode d\u2019Ici tout commence du lundi 26 janvier<br \/>\n2026 sur TF1, Lionel (Lucien Belv\u00e8s) oublie de mettre son r\u00e9veil<br \/>\npour emmener In\u00e8s (Romy Durand) au lyc\u00e9e. <strong>Il demande \u00e0 Zo\u00e9<br \/>\n(Ma\u00efa Bringue) d\u2019y aller \u00e0 sa place,<\/strong> ayant pr\u00e9vu de<br \/>\ncuisiner avec Fleur (Malou Mullier) toute la matin\u00e9e, et de le<br \/>\nremplacer au Comptoir de Jude \u00e0 l\u2019heure du d\u00e9jeuner. En \u00e9change, il<br \/>\nlui promet de ne plus rien lui demander pendant un mois. Zo\u00e9<br \/>\naccepte \u00e0 contrec\u0153ur, ayant elle-m\u00eame beaucoup de choses \u00e0<br \/>\nfaire.<\/p>\n<p>Au Comptoir, Zo\u00e9 a beaucoup de mal \u00e0 jongler entre les clients<br \/>\net ses r\u00e9visions pour la prochaine \u00e9valuation de Leroy (St\u00e9phane<br \/>\nBlancafort). Carla (Aaricia Lemaire) pense qu&rsquo;elle n\u2019aurait jamais<br \/>\nd\u00fb assumer les responsabilit\u00e9s de son fr\u00e8re, peu importe les<br \/>\nraisons. Elle essaye de la soulager en l\u2019aidant \u00e0 pr\u00e9parer son<br \/>\n\u00e9valuation, mais <strong>toutes les id\u00e9es de Zo\u00e9 sont bonnes \u00e0<br \/>\njeter.<\/strong> Ses recettes ne sont pas du tout \u00e0 la hauteur. Zo\u00e9<br \/>\nd\u00e9prime\u2026 En fin de journ\u00e9e, Zo\u00e9 rentre \u00e0 la loge et d\u00e9couvre que le<br \/>\nm\u00e9nage n\u2019a pas \u00e9t\u00e9 fait. Elle se met en col\u00e8re. <strong>\u00c0 cause de<br \/>\nson fr\u00e8re, elle risque de rater ses examens.<\/strong><\/p>\n<p>Jos\u00e9phine br\u00fble Gaspard au deuxi\u00e8me degr\u00e9<\/p>\n<p>\u00c0 l\u2019Atelier, Jos\u00e9phine (Lucie Flory) s\u2019aper\u00e7oit que Loup (Robin<br \/>\nVentura) est tr\u00e8s complice avec son nouveau bin\u00f4me. Cela la<br \/>\ncontrarie beaucoup, au point qu\u2019<strong>elle pose sans le vouloir<br \/>\nune casserole bouillante sur la main de Gaspard (Maxym<br \/>\nAnciaux).<\/strong> Le jeune homme fonce \u00e0 l\u2019infirmerie, o\u00f9<br \/>\nConstance (Sabine Perraud) constate qu\u2019il est <strong>br\u00fbl\u00e9 au<br \/>\ndeuxi\u00e8me degr\u00e9.<\/strong> Jos\u00e9phine se confond en excuses et assure<br \/>\navoir fait le n\u00e9cessaire, mais Constance remarque qu\u2019elle a eu les<br \/>\nmauvais r\u00e9flexes. Apparemment, les \u00e9l\u00e8ves ne savent pas quoi faire<br \/>\nen cas d\u2019urgence. Elle d\u00e9cide d\u2019organiser <strong>une<br \/>\nformation\u00a0premiers secours<\/strong> d\u00e8s le lendemain.<\/p>\n<p>Un peu plus tard, Jos\u00e9phine retrouve Fleur et Lionel dans le<br \/>\nparc et leur parle de ce qu\u2019il s\u2019est pass\u00e9 pendant le cours de<br \/>\nLeroy. \u00c0 cause d\u2019elle, Constance Teyssier organise une formation<br \/>\npremiers secours, et elle est dans le m\u00eame groupe que Loup. Lionel<br \/>\nlui conseille de soigner le mal par le mal et de <strong>se mettre<br \/>\nen bin\u00f4me avec Loup.<\/strong> Il est temps qu\u2019elle affronte ses<br \/>\npeurs pour pouvoir avancer.<\/p>\n<p>Ana\u00efs d\u00e9cide de couvrir Billie<\/p>\n<p>Aux marais, Ana\u00efs (Julie Sassoust) se l\u00e8ve \u00e0 l\u2019aube pour<br \/>\nfinaliser les pr\u00e9paratifs du gala de la fondation Excellence<br \/>\nPalace. Elle est tr\u00e8s anxieuse, d\u2019autant que Jeanne (Aur\u00e9lie<br \/>\nVaneck) la harc\u00e8le au sujet de la voiture vandalis\u00e9e de <a href=\"https:\/\/www.telestar.fr\/serie_tv\/exclu-ici-tout-commence-que-les-choses-soient-claires-luigi-kroner-categorique-au-sujet-de-valdine-1751625\" target=\"_blank\" rel=\"noopener\"><br \/>\nValdine (Luigi Kr\u00f6ner)<\/a>. Elle veut le nom du responsable, mais<br \/>\n<strong>Ana\u00efs ne veut pas d\u00e9noncer Billie<\/strong> (<a href=\"https:\/\/www.telestar.fr\/serie_tv\/ici_tout_commence\/exclu-de-retour-dans-ici-tout-commence-luigi-kroner-sans-fard-sur-ses-scenes-avec-margaux-aguillar-cest-trop-complique-1751643\" target=\"_blank\" rel=\"noopener\">Margaux<br \/>\nAguilar<\/a>). Si elle ne la couvre pas, elle va devoir la renvoyer<br \/>\ndu Master et Valdine pourrait ruiner sa carri\u00e8re. Milan (Gabriel<br \/>\nR\u00e9hs\u00e9) rappelle \u00e0 Ana\u00efs qu\u2019elle joue son poste de directrice, mais<br \/>\nla jeune femme tient \u00e0 pr\u00e9server Billie. De plus, <strong>celle-ci<br \/>\nlui assure qu\u2019elle ne fera plus rien pour nuire \u00e0<br \/>\nValdine.<\/strong><\/p>\n<p>De bon matin, Jeanne et Andr\u00e9a (Marie-Christine Adam) passent<br \/>\nvoir Ana\u00efs et Clotilde (Elsa Lunghini) en cuisine pour leur<br \/>\ndemander des nouvelles sur le dossier de la voiture de Valdine.<br \/>\nElles accusent aussit\u00f4t Billie, mais Ana\u00efs assure qu\u2019elle \u00e9tait en<br \/>\ncuisine quand le v\u00e9hicule a \u00e9t\u00e9 vandalis\u00e9e\u2026 Au m\u00eame moment, Billie<br \/>\narrive \u00e0 l\u2019Institut et tombe sur Ferdinand (Simon Dartois). Le<br \/>\njeune homme comprend que sa camarade n\u2019a pas le moral et essaye<br \/>\nd\u2019\u00eatre l\u00e0 pour elle, mais Billie a besoin d\u2019\u00eatre seule.<br \/>\n<strong>Elle va rentrer \u00e0 la coloc\u2019 pour penser \u00e0 autre chose qu\u2019au<br \/>\ngala.<\/strong> Toutefois, elle appr\u00e9cie beaucoup l\u2019attention que<br \/>\nFerdinand lui porte derni\u00e8rement.<\/p>\n<p>Le gala tourne au fiasco<\/p>\n<p>En cuisine, Bianca (Alexandra Fereira) demande \u00e0 Ana\u00efs de go\u00fbter<br \/>\nsa sauce. La cheffe remarque aussit\u00f4t que Bianca a remplac\u00e9 la<br \/>\ntruffe blanche par de la truffe noire, et lui fait remarquer que<br \/>\ncela ne convient pas du tout pour le menu monochrome. Milan<br \/>\nexplique \u00e0 Ana\u00efs que l\u2019Institut fait face \u00e0 une p\u00e9nurie de truffe<br \/>\nblanche. Il a fait le tour des fournisseurs, mais il n\u2019y en a nulle<br \/>\npart. Ana\u00efs panique, mais Milan re\u00e7oit un SMS lui indiquant qu\u2019un<br \/>\nfournisseur marseillais a ce qu\u2019il cherche. Il prend sa voiture,<br \/>\nesp\u00e9rant le rejoindre \u00e0 mi-chemin.<\/p>\n<p>\u00c0 l\u2019h\u00f4tel Jourdain, les invit\u00e9s commencent \u00e0 arriver pour<br \/>\nassister au gala. Alexis Storek demande \u00e0 Ana\u00efs de poser avec lui<br \/>\npour une photo, et <strong>Valdine en profite pour faire de<br \/>\nm\u00eame<\/strong>. Ana\u00efs ne bronche pas, m\u00eame si cela lui co\u00fbte de<br \/>\nsourire \u00e0 c\u00f4t\u00e9 de lui\u2026 Finalement, le menu d\u2019Ana\u00efs rencontre un<br \/>\ngrand succ\u00e8s. Le gala est une r\u00e9ussite, mais les choses tournent<br \/>\nmal. Pendant le discours de Valdine, <strong>une photo de lui avec<br \/>\nles mots \u00ab\u00a0Agresseur\u00a0\u00bb et \u00ab\u00a0Empoisonneur\u00a0\u00bb est diffus\u00e9e sur le<br \/>\nvid\u00e9oprojecteur.<\/strong> Ana\u00efs intervient pour d\u00e9brancher<br \/>\nl\u2019appareil, mais le micro se met \u00e0 siffler. <strong>Les appareils<br \/>\nauditifs d\u2019Ana\u00efs lui causent une grande douleur\u2026<br \/>\n\u00a0<\/strong><\/p>\n","protected":false},"excerpt":{"rendered":"EN BREF Le 26 janvier 2026 dans \u00ab\u00a0Ici tout commence\u00a0\u00bb, Zo\u00e9 se laisse d\u00e9passer. Jos\u00e9phine br\u00fble accidentellement Gaspard,&hellip;\n","protected":false},"author":2,"featured_media":683949,"comment_status":"","ping_status":"","sticky":false,"template":"","format":"standard","meta":{"footnotes":""},"categories":[1356],"tags":[548,58,59,1011,27,620,252,1364],"class_list":{"0":"post-683948","1":"post","2":"type-post","3":"status-publish","4":"format-standard","5":"has-post-thumbnail","7":"category-television","8":"tag-article-simple","9":"tag-divertissement","10":"tag-entertainment","11":"tag-fr","12":"tag-france","13":"tag-ici-tout-commence","14":"tag-television","15":"tag-tv"},"share_on_mastodon":{"url":"https:\/\/pubeurope.com\/@fr\/115945022766029353","error":""},"_links":{"self":[{"href":"https:\/\/www.europesays.com\/fr\/wp-json\/wp\/v2\/posts\/683948","targetHints":{"allow":["GET"]}}],"collection":[{"href":"https:\/\/www.europesays.com\/fr\/wp-json\/wp\/v2\/posts"}],"about":[{"href":"https:\/\/www.europesays.com\/fr\/wp-json\/wp\/v2\/types\/post"}],"author":[{"embeddable":true,"href":"https:\/\/www.europesays.com\/fr\/wp-json\/wp\/v2\/users\/2"}],"replies":[{"embeddable":true,"href":"https:\/\/www.europesays.com\/fr\/wp-json\/wp\/v2\/comments?post=683948"}],"version-history":[{"count":0,"href":"https:\/\/www.europesays.com\/fr\/wp-json\/wp\/v2\/posts\/683948\/revisions"}],"wp:featuredmedia":[{"embeddable":true,"href":"https:\/\/www.europesays.com\/fr\/wp-json\/wp\/v2\/media\/683949"}],"wp:attachment":[{"href":"https:\/\/www.europesays.com\/fr\/wp-json\/wp\/v2\/media?parent=683948"}],"wp:term":[{"taxonomy":"category","embeddable":true,"href":"https:\/\/www.europesays.com\/fr\/wp-json\/wp\/v2\/categories?post=683948"},{"taxonomy":"post_tag","embeddable":true,"href":"https:\/\/www.europesays.com\/fr\/wp-json\/wp\/v2\/tags?post=683948"}],"curies":[{"name":"wp","href":"https:\/\/api.w.org\/{rel}","templated":true}]}}