{"id":683968,"date":"2026-01-23T15:12:14","date_gmt":"2026-01-23T15:12:14","guid":{"rendered":"https:\/\/www.europesays.com\/fr\/683968\/"},"modified":"2026-01-23T15:12:14","modified_gmt":"2026-01-23T15:12:14","slug":"voici-la-ferrari-de-leclerc-et-hamilton-pour-la-saison-2026-de-f1","status":"publish","type":"post","link":"https:\/\/www.europesays.com\/fr\/683968\/","title":{"rendered":"Voici la Ferrari de Leclerc et Hamilton pour la saison 2026 de F1"},"content":{"rendered":"<p><strong>D\u00e9couvrez toutes les photos de la Ferrari SF-26 dans notre galerie ci-dessus.<\/strong><\/p>\n<p><a href=\"https:\/\/fr.motorsport.com\/team\/ferrari\/615\/\" target=\"_blank\" rel=\"noopener\">Ferrari<\/a> a pr\u00e9sent\u00e9 ce vendredi sa toute nouvelle Formule 1 pour la saison 2026, \u00e0 savoir la SF-26 qui sera pilot\u00e9e par <a href=\"https:\/\/fr.motorsport.com\/driver\/charles-leclerc\/109632\/\" target=\"_blank\" rel=\"noopener\">Charles Leclerc<\/a> et <a href=\"https:\/\/fr.motorsport.com\/driver\/lewis-hamilton\/76878\/\" target=\"_blank\" rel=\"noopener\">Lewis Hamilton<\/a>.<\/p>\n<p>Comme pr\u00e9vu, cette monoplace affiche une livr\u00e9e au rouge plus clair ainsi qu&rsquo;une portion notable de blanc au niveau du cockpit et du capot moteur. Les ailerons sont quant \u00e0 eux quasi enti\u00e8rement noirs.<\/p>\n<p>La Scuderia n&rsquo;a plus remport\u00e9 le moindre titre mondial depuis 2008 et son sacre chez les constructeurs cette ann\u00e9e-l\u00e0. L&rsquo;attente se fait donc de plus en plus longue et la pression toujours plus forte, d&rsquo;autant plus que la r\u00e9volution r\u00e9glementaire de la campagne \u00e0 venir pr\u00e9sente une opportunit\u00e9 de bouleverser la hi\u00e9rarchie avec de nombreux changements, tant c\u00f4t\u00e9 ch\u00e2ssis que c\u00f4t\u00e9 moteur.<\/p>\n<p><img decoding=\"async\" class=\"sizer\" draggable=\"false\" src=\"data:image\/png;base64,iVBORw0KGgoAAAANSUhEUgAAABAAAAAJCAYAAAA7KqwyAAAAGXRFWHRTb2Z0d2FyZQBBZG9iZSBJbWFnZVJlYWR5ccllPAAAABpJREFUeNpi\/P\/\/PwMlgImBQjBqwLAwACDAAOVfAw9\/ZDvcAAAAAElFTkSuQmCC\" alt=\"\" loading=\"lazy\"\/><\/p>\n<p class=\"title\">VID\u00c9O &#8211; Ferrari d\u00e9voile la F1 2026 de Hamilton et Leclerc<\/p>\n<p>Ferrari sort d&rsquo;une saison 2025 qui n&rsquo;aura pas \u00e9t\u00e9 celle escompt\u00e9e pour les troupes de\u00a0Maranello. Apr\u00e8s une fin d&rsquo;ann\u00e9e 2024 en trombe, l&rsquo;\u00e9curie n&rsquo;a pas su capitaliser sur sa dynamique pour produire une F1 capable de jouer la victoire ou mieux. \u00c0 cela s&rsquo;est ajout\u00e9e <a href=\"https:\/\/fr.motorsport.com\/f1\/news\/hamilton-ferrari-annus-horribilis-2025\/10784864\/\" target=\"_blank\" rel=\"noopener\">une premi\u00e8re campagne en rouge tr\u00e8s compliqu\u00e9e pour un\u00a0Hamilton<\/a> qui n&rsquo;a jamais sembl\u00e9 capable de se mettre dans le rythme de son \u00e9quipier.<\/p>\n<p>La fin d&rsquo;ann\u00e9e a \u00e9t\u00e9 marqu\u00e9e <a href=\"https:\/\/fr.motorsport.com\/f1\/news\/ferrari-conforte-vasseur-rumeur-horner-elkann\/10768957\/\" target=\"_blank\" rel=\"noopener\">par certaines rumeurs entourant notamment Fr\u00e9d\u00e9ric Vasseur<\/a>, qui va entamer sa quatri\u00e8me saison aux commandes de la Scuderia apr\u00e8s que la confiance de la direction du constructeur lui a \u00e9t\u00e9 renouvel\u00e9e et que <a href=\"https:\/\/fr.motorsport.com\/f1\/news\/frederic-vasseur-prolonge-contrat-ferrari\/10746819\/\" target=\"_blank\" rel=\"noopener\">son contrat a \u00e9t\u00e9 prolong\u00e9<\/a>.<\/p>\n<p>Mais il ne faut pas s&rsquo;y tromper, les enjeux sont \u00e9normes et si jamais Ferrari venait \u00e0 rapidement \u00eatre hors course pour le titre mondial, la pression grimperait rapidement en fl\u00e8che pour tout le monde au sein de l&rsquo;\u00e9curie.<\/p>\n<p>\u00a0<\/p>\n<p>En attendant de savoir ce que donnera la SF-26 dans la hi\u00e9rarchie une fois les essais hivernaux d\u00e9but\u00e9s, la monoplace effectue en ce moment m\u00eame ses premiers tours de roue dans la foul\u00e9e de cette pr\u00e9sentation sur le circuit de Fiorano, propri\u00e9t\u00e9 de Ferrari. <a href=\"https:\/\/x.com\/Motorsport_FR\/status\/2014651830765031740\" target=\"_blank\" rel=\"noopener\">Lewis Hamilton est le premier pilote au volant<\/a>.<\/p>\n<p>Elle est donc la sixi\u00e8me voiture \u00e0 effectuer un shakedown depuis le d\u00e9but de l&rsquo;ann\u00e9e, apr\u00e8s <a href=\"https:\/\/fr.motorsport.com\/team\/audi\/49049\/\" target=\"_blank\" rel=\"noopener\">Audi<\/a>, <a href=\"https:\/\/fr.motorsport.com\/team\/cadillac\/48965\/\" target=\"_blank\" rel=\"noopener\">Cadillac<\/a>, <a href=\"https:\/\/fr.motorsport.com\/team\/racing-bulls-610\/610\/\" target=\"_blank\" rel=\"noopener\">Racing Bulls<\/a>, <a href=\"https:\/\/fr.motorsport.com\/team\/alpine\/37490\/\" target=\"_blank\" rel=\"noopener\">Alpine<\/a> et <a href=\"https:\/\/fr.motorsport.com\/team\/mercedes\/611\/\" target=\"_blank\" rel=\"noopener\">Mercedes<\/a>.<\/p>\n<p>Lire aussi :<\/p>\n<p>            Votre avis nous int\u00e9resse !<\/p>\n<p class=\"mt-auto\">Qu&rsquo;aimeriez-vous voir sur Motorsport.com ?<\/p>\n<p>            <a href=\"#\" class=\"ms-link text-link font-bold\">R\u00e9pondez \u00e0 notre enqu\u00eate en 5 minutes.<\/a><\/p>\n<p class=\"mt-1 text-body\">&#8211; L&rsquo;\u00e9quipe Motorsport.com<\/p>\n","protected":false},"excerpt":{"rendered":"D\u00e9couvrez toutes les photos de la Ferrari SF-26 dans notre galerie ci-dessus. Ferrari a pr\u00e9sent\u00e9 ce vendredi sa&hellip;\n","protected":false},"author":2,"featured_media":683969,"comment_status":"","ping_status":"","sticky":false,"template":"","format":"standard","meta":{"footnotes":""},"categories":[2],"tags":[11,2240,2251,1454,1011,27,1975,12,78099,78098],"class_list":{"0":"post-683968","1":"post","2":"type-post","3":"status-publish","4":"format-standard","5":"has-post-thumbnail","7":"category-actualites","8":"tag-actualites","9":"tag-charles-leclerc","10":"tag-ferrari","11":"tag-formule-1","12":"tag-fr","13":"tag-france","14":"tag-lewis-hamilton","15":"tag-news","16":"tag-pru00e9sentation-ferrari","17":"tag-voici-la-ferrari-de-leclerc-et-hamilton-pour-la-saison-2026-de-f1"},"share_on_mastodon":{"url":"https:\/\/pubeurope.com\/@fr\/115945062044301210","error":""},"_links":{"self":[{"href":"https:\/\/www.europesays.com\/fr\/wp-json\/wp\/v2\/posts\/683968","targetHints":{"allow":["GET"]}}],"collection":[{"href":"https:\/\/www.europesays.com\/fr\/wp-json\/wp\/v2\/posts"}],"about":[{"href":"https:\/\/www.europesays.com\/fr\/wp-json\/wp\/v2\/types\/post"}],"author":[{"embeddable":true,"href":"https:\/\/www.europesays.com\/fr\/wp-json\/wp\/v2\/users\/2"}],"replies":[{"embeddable":true,"href":"https:\/\/www.europesays.com\/fr\/wp-json\/wp\/v2\/comments?post=683968"}],"version-history":[{"count":0,"href":"https:\/\/www.europesays.com\/fr\/wp-json\/wp\/v2\/posts\/683968\/revisions"}],"wp:featuredmedia":[{"embeddable":true,"href":"https:\/\/www.europesays.com\/fr\/wp-json\/wp\/v2\/media\/683969"}],"wp:attachment":[{"href":"https:\/\/www.europesays.com\/fr\/wp-json\/wp\/v2\/media?parent=683968"}],"wp:term":[{"taxonomy":"category","embeddable":true,"href":"https:\/\/www.europesays.com\/fr\/wp-json\/wp\/v2\/categories?post=683968"},{"taxonomy":"post_tag","embeddable":true,"href":"https:\/\/www.europesays.com\/fr\/wp-json\/wp\/v2\/tags?post=683968"}],"curies":[{"name":"wp","href":"https:\/\/api.w.org\/{rel}","templated":true}]}}