{"id":684014,"date":"2026-01-23T15:36:11","date_gmt":"2026-01-23T15:36:11","guid":{"rendered":"https:\/\/www.europesays.com\/fr\/684014\/"},"modified":"2026-01-23T15:36:11","modified_gmt":"2026-01-23T15:36:11","slug":"une-nouvelle-fusillade-eclate-un-jeune-de-20-ans-tue-un-adolescent-grievement-blesse","status":"publish","type":"post","link":"https:\/\/www.europesays.com\/fr\/684014\/","title":{"rendered":"Une nouvelle fusillade \u00e9clate, un jeune de 20 ans tu\u00e9, un adolescent gri\u00e8vement bless\u00e9"},"content":{"rendered":"<p>Une nouvelle nuit de violence \u00e0 <a href=\"https:\/\/www.20minutes.fr\/toulouse\/\" class=\"c-link c-link--is-underlined\" target=\"_blank\" rel=\"noopener\">Toulouse<\/a>. Jeudi, vers 22h30, <a href=\"https:\/\/www.20minutes.fr\/faits_divers\/faits-divers-toulouse\/4192558-20251220-toulouse-homme-30-ans-crible-balles-tireurs-fuite\" target=\"_blank\" class=\"c-link c-link--is-underlined\" rel=\"noopener\">une fusillade<\/a> a \u00e9clat\u00e9 au croisement des rues du Lot et de la Martinique, dans le quartier Bagatelle, secteur connu pour son <a href=\"https:\/\/www.20minutes.fr\/faits_divers\/4197209-20260121-toulouse-reseau-narcotrafic-pilote-depuis-cellule-prison-demantele-13-personnes-interpellees\" target=\"_blank\" class=\"c-link c-link--is-underlined\" rel=\"noopener\">trafic de stup\u00e9fiants<\/a>. Un jeune homme de 20 ans a succomb\u00e9 \u00e0 ses blessures, tandis qu\u2019un adolescent de 16 ans a \u00e9t\u00e9 gri\u00e8vement touch\u00e9 mais ses jours ne sont plus en danger, selon les informations de <a href=\"https:\/\/www.ladepeche.fr\/2026\/01\/23\/exclusif-fusillade-a-toulouse-une-des-victimes-des-tirs-a-succombe-a-ses-blessures-13181461.php\" rel=\"nofollow noopener\" target=\"_blank\" class=\"c-link c-link--is-underlined\">La D\u00e9p\u00eache du Midi<\/a> que 20 Minutes est en mesure de confirmer.<\/p>\n<p>A l\u2019arriv\u00e9e des secours, escort\u00e9s par la police, les pompiers ont pris en charge les deux victimes bless\u00e9es par balles. Le jeune de 20 ans, atteint au visage, \u00e0 l\u2019\u00e9paule et \u00e0 une cuisse, a \u00e9t\u00e9 transport\u00e9 en urgence absolue \u00e0 l\u2019h\u00f4pital Rangueil, selon nos confr\u00e8res. Malgr\u00e9 les soins m\u00e9dicaux, il n\u2019a pas surv\u00e9cu. L\u2019adolescent de 16 ans, touch\u00e9 \u00e0 au moins trois reprises a \u00e9t\u00e9 hospitalis\u00e9 en urgence relative. Son pronostic vital n\u2019est plus engag\u00e9.<\/p>\n<p>Une enqu\u00eate ouverte pour assassinat et tentative d\u2019assassinat en bande organis\u00e9e<\/p>\n<p>Selon les premiers \u00e9l\u00e9ments recueillis par les enqu\u00eateurs, au moins trois individus arm\u00e9s, circulant \u00e0 bord d\u2019une Peugeot 208, ont ouvert le feu avec des armes de poing et des armes longues. Une vingtaine de d\u00e9tonations ont \u00e9t\u00e9 entendues dans le quartier. Les tireurs ont pris la fuite imm\u00e9diatement apr\u00e8s l\u2019attaque. Le v\u00e9hicule pr\u00e9sum\u00e9 des assaillants a \u00e9t\u00e9 retrouv\u00e9 \u00e0 Aussonne, non loin de Toulouse.<\/p>\n<p>La division de lutte contre la criminalit\u00e9 organis\u00e9e (DCOS) de la police judiciaire a \u00e9t\u00e9 saisie de l\u2019enqu\u00eate, ouverte pour assassinat et tentative d\u2019assassinat en bande organis\u00e9e. Les investigations visent \u00e0 \u00e9claircir les circonstances de cette attaque arm\u00e9e vraisemblablement li\u00e9e \u00e0 une guerre de territoire autour de la drogue.<\/p>\n","protected":false},"excerpt":{"rendered":"Une nouvelle nuit de violence \u00e0 Toulouse. Jeudi, vers 22h30, une fusillade a \u00e9clat\u00e9 au croisement des rues&hellip;\n","protected":false},"author":2,"featured_media":684015,"comment_status":"","ping_status":"","sticky":false,"template":"","format":"standard","meta":{"footnotes":""},"categories":[2816],"tags":[1111,47,11,1777,674,118,6738,1011,27,3832,2722,2721,12,2680,11855,25,4377,2312,887],"class_list":{"0":"post-684014","1":"post","2":"type-post","3":"status-publish","4":"format-standard","5":"has-post-thumbnail","7":"category-toulouse","8":"tag-actu","9":"tag-actualite","10":"tag-actualites","11":"tag-eu","12":"tag-europe","13":"tag-faits-divers","14":"tag-faits-divers-toulouse","15":"tag-fr","16":"tag-france","17":"tag-fusillade","18":"tag-haute-garonne","19":"tag-midi-pyrenees","20":"tag-news","21":"tag-occitanie","22":"tag-police-judiciaire","23":"tag-republique-francaise","24":"tag-stupefiant","25":"tag-toulouse","26":"tag-trafic-de-drogue"},"share_on_mastodon":{"url":"https:\/\/pubeurope.com\/@fr\/115945156350945172","error":""},"_links":{"self":[{"href":"https:\/\/www.europesays.com\/fr\/wp-json\/wp\/v2\/posts\/684014","targetHints":{"allow":["GET"]}}],"collection":[{"href":"https:\/\/www.europesays.com\/fr\/wp-json\/wp\/v2\/posts"}],"about":[{"href":"https:\/\/www.europesays.com\/fr\/wp-json\/wp\/v2\/types\/post"}],"author":[{"embeddable":true,"href":"https:\/\/www.europesays.com\/fr\/wp-json\/wp\/v2\/users\/2"}],"replies":[{"embeddable":true,"href":"https:\/\/www.europesays.com\/fr\/wp-json\/wp\/v2\/comments?post=684014"}],"version-history":[{"count":0,"href":"https:\/\/www.europesays.com\/fr\/wp-json\/wp\/v2\/posts\/684014\/revisions"}],"wp:featuredmedia":[{"embeddable":true,"href":"https:\/\/www.europesays.com\/fr\/wp-json\/wp\/v2\/media\/684015"}],"wp:attachment":[{"href":"https:\/\/www.europesays.com\/fr\/wp-json\/wp\/v2\/media?parent=684014"}],"wp:term":[{"taxonomy":"category","embeddable":true,"href":"https:\/\/www.europesays.com\/fr\/wp-json\/wp\/v2\/categories?post=684014"},{"taxonomy":"post_tag","embeddable":true,"href":"https:\/\/www.europesays.com\/fr\/wp-json\/wp\/v2\/tags?post=684014"}],"curies":[{"name":"wp","href":"https:\/\/api.w.org\/{rel}","templated":true}]}}