{"id":684028,"date":"2026-01-23T15:44:11","date_gmt":"2026-01-23T15:44:11","guid":{"rendered":"https:\/\/www.europesays.com\/fr\/684028\/"},"modified":"2026-01-23T15:44:11","modified_gmt":"2026-01-23T15:44:11","slug":"une-nouvelle-ecole-pour-le-quartier-des-groues-le-11e-quartier-de-nanterre","status":"publish","type":"post","link":"https:\/\/www.europesays.com\/fr\/684028\/","title":{"rendered":"Une nouvelle \u00e9cole pour le quartier des Groues, le 11e quartier de Nanterre"},"content":{"rendered":"<p>            <a href=\"https:\/\/www.europesays.com\/fr\/wp-content\/uploads\/2026\/01\/une1.jpg\" data-caption=\"La fa\u00e7ade en escalier du b\u00e2timent s'apparente \u00e0 une estrade ouverte sur le nouveau quartier. \u00a9 DR\"><img loading=\"lazy\" decoding=\"async\" width=\"1100\" height=\"653\" class=\"entry-thumb td-modal-image ewww_webp_lazy_load\" src=\"data:image\/svg+xml,%3Csvg%20xmlns=\" http:=\"\" alt=\"\" title=\"\" data-lazy-src=\"https:\/\/www.europesays.com\/fr\/wp-content\/uploads\/2026\/01\/une1.jpg\" data-lazy-src-webp=\"https:\/\/www.europesays.com\/fr\/wp-content\/uploads\/2026\/01\/une1.jpg.webp\"\/><\/a>La fa\u00e7ade en escalier du b\u00e2timent s&rsquo;apparente \u00e0 une estrade ouverte sur le nouveau quartier. \u00a9 DR<\/p>\n<p>S\u2018il a accueilli ses premiers \u00e9l\u00e8ves le 5 janvier, le nouveau groupe scolaire Yvonne-Kerzr\u00e9ho a \u00e9t\u00e9 officiellement inaugur\u00e9 samedi dernier dans le quartier des Groues, le 11e quartier de Nanterre. \u00ab Cette \u00e9cole a \u00e9t\u00e9 pens\u00e9e pour accompagner la croissance du quartier \u00bb, a soulign\u00e9 dans son discours le maire (DVG) Rapha\u00ebl Adam. Et son ouverture est \u00ab le fruit d\u2019un travail engag\u00e9 de longue date \u00bb. D\u2019autant que si les travaux ont d\u00e9marr\u00e9 en 2021, \u00ab le chantier a connu des al\u00e9as. Notamment un incendie survenu en f\u00e9vrier 2024, qui a retard\u00e9 l\u2019ouverture \u00bb, d\u00e9plore l\u2019\u00e9lu.<\/p>\n<p>Ce nouveau groupe scolaire porte le nom d\u2019Yvonne Kerzr\u00e9ho, \u00e9lue (PCF) d\u00e9c\u00e9d\u00e9e en 2021 qui fut adjointe au maire\u00a0en charge des affaires sociales de 1959 \u00e0 1989. \u00ab Une grande figure de notre ville \u00bb qui \u00ab a consacr\u00e9 sa vie \u00e0 l\u2019\u00e9ducation, \u00e0 la solidarit\u00e9, \u00e0 la justice sociale \u00bb, rappelle Rapha\u00ebl Adam. Une figure \u00e0 laquelle rend hommage ce b\u00e2timent de trois \u00e9tages et de 4 800 m2 qui h\u00e9berge une \u00e9cole maternelle de 8 classes, une \u00e9cole \u00e9l\u00e9mentaire 12 classes, des espaces de motricit\u00e9, une biblioth\u00e8que, un restaurant scolaire, un centre de loisirs\u2026 Avec 18 classes \u00e0 terme, cette \u00e9cole \u00ab pourra accueillir jusqu\u2019\u00e0 540 \u00e9l\u00e8ves lorsque le quartier aura atteint sa pleine maturit\u00e9 \u00bb, pr\u00e9cise le maire. Pour l\u2019heure seuls 140 enfants y ont pris leurs quartiers.<\/p>\n<p><img fetchpriority=\"high\" decoding=\"async\" class=\"wp-image-36751 size-full ewww_webp_lazy_load\" src=\"data:image\/svg+xml,%3Csvg%20xmlns=\" http:=\"\" alt=\"\" width=\"1100\" height=\"733\" data-lazy- data-lazy- data-lazy-src=\"https:\/\/www.europesays.com\/fr\/wp-content\/uploads\/2026\/01\/1a6a4482.jpg\" data-lazy-src-webp=\"https:\/\/www.europesays.com\/fr\/wp-content\/uploads\/2026\/01\/1a6a4482.jpg.webp\" data-lazy-srcset-webp=\"https:\/\/www.europesays.com\/fr\/wp-content\/uploads\/2026\/01\/1a6a4482.jpg.webp 1100w, https:\/\/www.echoidf.fr\/wp-content\/uploads\/2026\/01\/1a6a4482-300x200.jpg.webp 300w, https:\/\/www.echoidf.fr\/wp-content\/uploads\/2026\/01\/1a6a4482-1024x682.jpg.webp 1024w, https:\/\/www.echoidf.fr\/wp-content\/uploads\/2026\/01\/1a6a4482-768x512.jpg.webp 768w, https:\/\/www.echoidf.fr\/wp-content\/uploads\/2026\/01\/1a6a4482-760x506.jpg.webp 760w, https:\/\/www.echoidf.fr\/wp-content\/uploads\/2026\/01\/1a6a4482-400x267.jpg.webp 400w\"\/>Le bois est omnipr\u00e9sent dans les espaces de ce groupe scolaire. \u00a9 DR<\/p>\n<p>Con\u00e7u par l\u2019agence Sam architecture, ce b\u00e2timent moderne ne passe pas inaper\u00e7u dans le paysage du quartier, avec ses larges fa\u00e7ades vitr\u00e9es et son profil en escalier. Ce groupe scolaire, raccord\u00e9 au r\u00e9seau de chaleur urbain, se distingue aussi par une architecture d\u00e9carbon\u00e9e (usage de mat\u00e9riaux biosourc\u00e9s et de solutions climatiques passives) et des espaces collectifs et d\u2019apprentissage s\u2019\u00e9loignant des standards pour s\u2019inscrire davantage dans le concept des<b> <\/b>p\u00e9dagogies \u00ab actives \u00bb. Des espaces o\u00f9 le bois est omnipr\u00e9sent.<\/p>\n<p>\u00ab Le groupe scolaire des Groues est con\u00e7u comme une ville \u00e0 ciel ouvert, o\u00f9 la vie se d\u00e9veloppe autour d\u2019un atrium central, prot\u00e9g\u00e9 par un toiture \u00abpapillon\u00bb qui laisse p\u00e9n\u00e9trer la lumi\u00e8re au c\u0153ur du dispositif spatial \u00bb, d\u00e9crit l\u2019agence Sam architecture. L\u2019\u00e9tablissement dispose aussi de cours r\u00e9parties sur plusieurs niveaux dont une en rooftop, avec une vue \u00e0 360\u00b0 sur Nanterre et ses alentours.<\/p>\n<p>Ce groupe scolaire ne r\u00e9pond toutefois que partiellement aux besoins du nouveau quartier. Aussi \u00ab une seconde \u00e9cole ouvrira \u00e0 terme dans le quartier des Groues, appel\u00e9 \u00e0 accueillir 10 000 habitants \u00bb, annonce Rapha\u00ebl Adam.<\/p>\n<p>\n            [auto_promo_mpl_cutom url=\u00a0\u00bbhttps:\/\/mapresselocale.fr\/titres\/l-echo-d-ile-de-france\u00a0\u00bb]        <\/p>\n","protected":false},"excerpt":{"rendered":"La fa\u00e7ade en escalier du b\u00e2timent s&rsquo;apparente \u00e0 une estrade ouverte sur le nouveau quartier. \u00a9 DR S\u2018il&hellip;\n","protected":false},"author":2,"featured_media":684029,"comment_status":"","ping_status":"","sticky":false,"template":"","format":"standard","meta":{"footnotes":""},"categories":[1592],"tags":[1111,11,1122,78107,1777,674,1011,27,78109,3314,662,10963,12,626,78110,25,78108,78111],"class_list":{"0":"post-684028","1":"post","2":"type-post","3":"status-publish","4":"format-standard","5":"has-post-thumbnail","7":"category-ile-de-france","8":"tag-actu","9":"tag-actualites","10":"tag-ecole","11":"tag-ecole-u00e9lu00e9mentaire","12":"tag-eu","13":"tag-europe","14":"tag-fr","15":"tag-france","16":"tag-groupe-scolaire","17":"tag-hauts-de-seine","18":"tag-ile-de-france","19":"tag-nanterre","20":"tag-news","21":"tag-paris","22":"tag-quartier-des-groues","23":"tag-republique-francaise","24":"tag-u00e9cole-maternelle","25":"tag-yvonne-kerzru00e9ho"},"share_on_mastodon":{"url":"https:\/\/pubeurope.com\/@fr\/115945187896630010","error":""},"_links":{"self":[{"href":"https:\/\/www.europesays.com\/fr\/wp-json\/wp\/v2\/posts\/684028","targetHints":{"allow":["GET"]}}],"collection":[{"href":"https:\/\/www.europesays.com\/fr\/wp-json\/wp\/v2\/posts"}],"about":[{"href":"https:\/\/www.europesays.com\/fr\/wp-json\/wp\/v2\/types\/post"}],"author":[{"embeddable":true,"href":"https:\/\/www.europesays.com\/fr\/wp-json\/wp\/v2\/users\/2"}],"replies":[{"embeddable":true,"href":"https:\/\/www.europesays.com\/fr\/wp-json\/wp\/v2\/comments?post=684028"}],"version-history":[{"count":0,"href":"https:\/\/www.europesays.com\/fr\/wp-json\/wp\/v2\/posts\/684028\/revisions"}],"wp:featuredmedia":[{"embeddable":true,"href":"https:\/\/www.europesays.com\/fr\/wp-json\/wp\/v2\/media\/684029"}],"wp:attachment":[{"href":"https:\/\/www.europesays.com\/fr\/wp-json\/wp\/v2\/media?parent=684028"}],"wp:term":[{"taxonomy":"category","embeddable":true,"href":"https:\/\/www.europesays.com\/fr\/wp-json\/wp\/v2\/categories?post=684028"},{"taxonomy":"post_tag","embeddable":true,"href":"https:\/\/www.europesays.com\/fr\/wp-json\/wp\/v2\/tags?post=684028"}],"curies":[{"name":"wp","href":"https:\/\/api.w.org\/{rel}","templated":true}]}}