{"id":684048,"date":"2026-01-23T15:54:10","date_gmt":"2026-01-23T15:54:10","guid":{"rendered":"https:\/\/www.europesays.com\/fr\/684048\/"},"modified":"2026-01-23T15:54:10","modified_gmt":"2026-01-23T15:54:10","slug":"donald-ca-suffit-face-a-limperialisme-de-trump-leurope-doit-rester-unie","status":"publish","type":"post","link":"https:\/\/www.europesays.com\/fr\/684048\/","title":{"rendered":"\u201cDonald, \u00e7a suffit !\u201d Face \u00e0 l\u2019imp\u00e9rialisme de Trump, l\u2019Europe doit rester unie"},"content":{"rendered":"\n<p>Une alliance exclusivement europ\u00e9enne de Vikings pr\u00eats au combat, dans un d\u00e9cor arctique. C\u2019est l\u2019image qu\u2019a choisie l\u2019hebdomadaire allemand <strong>Der Spiegel<\/strong> \u00e0 la une de son num\u00e9ro du 23\u00a0janvier. Au centre, le chancelier allemand, Friedrich Merz, entour\u00e9 de la pr\u00e9sidente de la Commission europ\u00e9enne, Ursula von der Leyen, et de Mette Frederiksen, cheffe du gouvernement danois, \u00e0 droite, et du pr\u00e9sident Emmanuel Macron et la pr\u00e9sidente du conseil italien, Georgia Meloni, \u00e0 gauche, tous v\u00eatus de fourrures et d\u2019armures. Avec ce titre\u00a0: \u201cDonald, \u00e7a suffit\u00a0!\u201d<\/p>\n<p>\u201cLe cirque autour de l\u2019annexion annonc\u00e9e du Groenland a r\u00e9v\u00e9l\u00e9 \u00e0 quel point l\u2019Europe est vuln\u00e9rable\u201d,<strong> <\/strong><a class=\"ithalc\" data-ithal=\"lien_externe\" data-ithalc=\"[nav_article]\" target=\"_blank\" href=\"https:\/\/www.spiegel.de\/ausland\/donald-trump-was-europa-tun-muss-um-sich-gegen-trumps-machthunger-zu-wehren-a-22a0d5fe-7580-4f8f-8a38-a85d1f3235ab?context=issue\" rel=\"noopener\">souligne Der Spiegel<\/a>. Pour autant, l\u2019Union europ\u00e9enne dispose encore de \u201ctous les moyens de s\u2019affirmer face au chantage de Donald Trump\u201d, estime l\u2019hebdomadaire allemand.<\/p>\n<p>Dans son article principal, le titre revient sur les menaces r\u00e9guli\u00e8res, notamment douani\u00e8res, du pr\u00e9sident am\u00e9ricain envers les \u00c9tats europ\u00e9ens\u00a0: la \u201cconstante la plus fiable du second mandat de Donald Trump\u201d. Sa revendication du Groenland, \u201cbien qu\u2019il appartienne au Danemark, un alli\u00e9 fid\u00e8le des \u00c9tats-Unis et membre fondateur de l\u2019Otan\u201d, a r\u00e9v\u00e9l\u00e9 au monde l\u2019\u00e9tendue de ses ambitions imp\u00e9rialistes. Et \u00e0 l\u2019Union europ\u00e9enne sa trop grande d\u00e9pendance, militaire, commerciale et technologique, envers son alli\u00e9 historique am\u00e9ricain.<\/p>\n<p>                    Une alliance primordiale       <\/p>\n<p>\u201cL\u2019Europe est entr\u00e9e dans la phase la plus dangereuse qu\u2019elle ait connue depuis la guerre froide, cela ne fait aucun doute\u201d, souligne le magazine allemand. Mais maintenant que la crise du Groenland semble s\u2019\u00eatre apais\u00e9e, les puissances europ\u00e9ennes doivent imp\u00e9rativement sortir de leur torpeur, et agir de concert. \u201cLe probl\u00e8me de l\u2019Europe, c\u2019est qu\u2019elle est la premi\u00e8re \u00e0 croire au r\u00e9cit de sa d\u00e9ch\u00e9ance\u201d, note Der Spiegel.<\/p>\n<blockquote><p>\u201cFragilis\u00e9e par les difficult\u00e9s \u00e9conomiques, en proie aux affres de sa vie politique, elle peine \u00e0 transmettre un message positif.\u201d<\/p><\/blockquote>\n<p>Au risque d\u2019en oublier ses propres capacit\u00e9s, notamment \u00e9conomiques, et le fait qu\u2019en face, Donald Trump est lui aussi affaibli. \u201cSa politique est extr\u00eamement impopulaire aux \u00c9tats-Unis. Son \u00e2ge p\u00e8se de plus en plus lourd sur son comportement. Et son style politique est si repoussant que m\u00eame ses alli\u00e9s europ\u00e9ens se d\u00e9tournent de lui.\u201d<\/p>\n<p>Ainsi, face \u00e0 la \u201csoif de pouvoir\u201d de Donald Trump, seule l\u2019union fera la force. Pour Der Spiegel, \u201cl\u2019UE serait en fait bien assez forte pour prendre son destin en main. Il faut juste qu\u2019elle en ait la volont\u00e9.\u201d Et cela implique avant tout \u201cde se d\u00e9faire de l\u2019illusion qu\u2019avec Trump, les \u00c9tats-Unis sont encore un partenaire \u2013\u00a0aussi douloureux cela soit-il\u201d.<\/p>\n","protected":false},"excerpt":{"rendered":"Une alliance exclusivement europ\u00e9enne de Vikings pr\u00eats au combat, dans un d\u00e9cor arctique. C\u2019est l\u2019image qu\u2019a choisie l\u2019hebdomadaire&hellip;\n","protected":false},"author":2,"featured_media":684049,"comment_status":"","ping_status":"","sticky":false,"template":"","format":"standard","meta":{"footnotes":""},"categories":[1586],"tags":[11,672,145,75,1777,674,1011,27,146,1892,12,25,22336,2475],"class_list":{"0":"post-684048","1":"post","2":"type-post","3":"status-publish","4":"format-standard","5":"has-post-thumbnail","7":"category-europe","8":"tag-actualites","9":"tag-allemagne","10":"tag-danemark","11":"tag-donald-trump","12":"tag-eu","13":"tag-europe","14":"tag-fr","15":"tag-france","16":"tag-groenland","17":"tag-gu00e9opolitique","18":"tag-news","19":"tag-republique-francaise","20":"tag-une-du-jour","21":"tag-union-europu00e9enne"},"share_on_mastodon":{"url":"https:\/\/pubeurope.com\/@fr\/115945227193640774","error":""},"_links":{"self":[{"href":"https:\/\/www.europesays.com\/fr\/wp-json\/wp\/v2\/posts\/684048","targetHints":{"allow":["GET"]}}],"collection":[{"href":"https:\/\/www.europesays.com\/fr\/wp-json\/wp\/v2\/posts"}],"about":[{"href":"https:\/\/www.europesays.com\/fr\/wp-json\/wp\/v2\/types\/post"}],"author":[{"embeddable":true,"href":"https:\/\/www.europesays.com\/fr\/wp-json\/wp\/v2\/users\/2"}],"replies":[{"embeddable":true,"href":"https:\/\/www.europesays.com\/fr\/wp-json\/wp\/v2\/comments?post=684048"}],"version-history":[{"count":0,"href":"https:\/\/www.europesays.com\/fr\/wp-json\/wp\/v2\/posts\/684048\/revisions"}],"wp:featuredmedia":[{"embeddable":true,"href":"https:\/\/www.europesays.com\/fr\/wp-json\/wp\/v2\/media\/684049"}],"wp:attachment":[{"href":"https:\/\/www.europesays.com\/fr\/wp-json\/wp\/v2\/media?parent=684048"}],"wp:term":[{"taxonomy":"category","embeddable":true,"href":"https:\/\/www.europesays.com\/fr\/wp-json\/wp\/v2\/categories?post=684048"},{"taxonomy":"post_tag","embeddable":true,"href":"https:\/\/www.europesays.com\/fr\/wp-json\/wp\/v2\/tags?post=684048"}],"curies":[{"name":"wp","href":"https:\/\/api.w.org\/{rel}","templated":true}]}}