{"id":684056,"date":"2026-01-23T15:58:36","date_gmt":"2026-01-23T15:58:36","guid":{"rendered":"https:\/\/www.europesays.com\/fr\/684056\/"},"modified":"2026-01-23T15:58:36","modified_gmt":"2026-01-23T15:58:36","slug":"navire-russe-arraisonne-par-la-france-les-images-de-linterception","status":"publish","type":"post","link":"https:\/\/www.europesays.com\/fr\/684056\/","title":{"rendered":"Navire russe arraisonn\u00e9 par la France : les images de l&rsquo;interception"},"content":{"rendered":"<ul class=\"jsx-862013697 ArticleChapo__List\">\n<li class=\"jsx-862013697 ArticleChapo__List_Item flex\">La Marine fran\u00e7aise a arraisonn\u00e9 jeudi un p\u00e9trolier soup\u00e7onn\u00e9 d&rsquo;appartenir \u00e0 la flotte fant\u00f4me russe.<\/li>\n<li class=\"jsx-862013697 ArticleChapo__List_Item flex\">L&rsquo;arm\u00e9e a publi\u00e9 les images.<\/li>\n<li class=\"jsx-862013697 ArticleChapo__List_Item flex\">Elles sont \u00e0 d\u00e9couvrir dans la vid\u00e9o en t\u00eate de cet article.<\/li>\n<\/ul>\n<p data-module=\"article-paragraph\" class=\"jsx-157965717 Paragraph\">La Marine fran\u00e7aise a arraisonn\u00e9 \u00ab\u00a0un navire p\u00e9trolier en provenance de Russie, sous sanctions internationales et suspect\u00e9 d&rsquo;arborer un faux pavillon\u00a0\u00bb, a annonc\u00e9 <a href=\"https:\/\/www.tf1info.fr\/international\/il-a-essaye-de-jouer-les-durs-donald-trump-repond-a-emmanuel-macron-a-davos-2420022.html\" target=\"_blank\" rel=\"noopener\">Emmanuel Macron<\/a> jeudi matin. L&rsquo;arm\u00e9e a publi\u00e9 vendredi les images &#8211; \u00e0 d\u00e9couvrir dans la vid\u00e9o en t\u00eate de cet article.<\/p>\n<p data-module=\"article-paragraph\" class=\"jsx-157965717 Paragraph Paragraph__End\">L&rsquo;action \u00ab\u00a0est coordonn\u00e9e entre des bateaux et un h\u00e9licopt\u00e8re qui va venir avec des commandos marines se poser sur le pont\u00a0\u00bb du p\u00e9trolier, analyse le g\u00e9n\u00e9ral Jean-Paul Perruche, g\u00e9n\u00e9ral de corps d&rsquo;arm\u00e9e, ancien directeur de l&rsquo;\u00e9tat-major militaire de l&rsquo;UE. Il indique que l&rsquo;op\u00e9ration suit \u00ab\u00a0une proc\u00e9dure bien r\u00e9p\u00e9t\u00e9e, avec des hommes super entra\u00een\u00e9s\u00a0\u00bb, qui vont pouvoir contr\u00f4ler le navire, l&rsquo;\u00e9quipage, \u00ab\u00a0mais aussi contr\u00f4ler les soutes pour voir si ce bateau ne transporte pas de mat\u00e9riel illicite, d&rsquo;armement, etc.\u00a0\u00bb.<\/p>\n<p><a href=\"https:\/\/www.tf1info.fr\/international\/que-sait-on-du-grinch-petrolier-soupconne-d-appartenir-a-la-flotte-fantome-russe-arraisonne-par-la-france-2420417.html\" rel=\"noopener\" class=\"jsx-3308031228 Link flex\" target=\"_blank\"><img decoding=\"async\" src=\"https:\/\/www.europesays.com\/fr\/wp-content\/uploads\/2026\/01\/petrolier-grinch-flotte-fantome-russe-23-janvier-2026-2ac1f6-0@1x.jpeg\" alt=\"Le p\u00e9trolier &quot;Grinch&quot; intercept\u00e9 par la France\" loading=\"lazy\" importance=\"low\" fetchpriority=\"low\" class=\"\" aria-hidden=\"true\"\/><\/p>\n<p class=\"jsx-3657663356 ReadMoreArticle__Title\">Lire aussi<\/p>\n<p class=\"jsx-3657663356\">Flotte fant\u00f4me russe : que sait-on du \u00ab\u00a0Grinch\u00a0\u00bb, p\u00e9trolier arraisonn\u00e9 par la France ?<\/p>\n<p><\/a><\/p>\n<p data-module=\"article-paragraph\" class=\"jsx-157965717 Paragraph\">\u00ab\u00a0Je suis tr\u00e8s frapp\u00e9e par la communication autour de l&rsquo;arraisonnement de ce p\u00e9trolier\u00a0\u00bb, r\u00e9agit \u00e9galement Magali Barth\u00e8s, \u00e9ditorialiste internationale LCI. \u00ab\u00a0On voit ce d\u00e9ploiement de force, ces Fran\u00e7ais qui descendent via une corde sur le bateau\u2026 Tout \u00e7a montre une image de d\u00e9termination. C&rsquo;est l&rsquo;id\u00e9e de la communication, de la d\u00e9termination de la France \u00e0 essayer de mettre en place ces sanctions\u00a0\u00bb contre la Russie.\u00a0<\/p>\n<p data-module=\"article-paragraph\" class=\"jsx-157965717 Paragraph Paragraph__End\">Elle rappelle que la flotte fant\u00f4me russe, dont le p\u00e9trolier est soup\u00e7onn\u00e9 de faire partie, permet \u00e0 la Russie de continuer \u00e0 \u00e9couler son p\u00e9trole malgr\u00e9 l&#8217;embargo.<\/p>\n<p>Ga\u00eblle SHEEHAN<\/p>\n","protected":false},"excerpt":{"rendered":"La Marine fran\u00e7aise a arraisonn\u00e9 jeudi un p\u00e9trolier soup\u00e7onn\u00e9 d&rsquo;appartenir \u00e0 la flotte fant\u00f4me russe. L&rsquo;arm\u00e9e a publi\u00e9&hellip;\n","protected":false},"author":2,"featured_media":684057,"comment_status":"","ping_status":"","sticky":false,"template":"","format":"standard","meta":{"footnotes":""},"categories":[4],"tags":[1111,11,1921,1073,1011,27,1922,37193,12,25,473,132,77346,364,133,1920],"class_list":{"0":"post-684056","1":"post","2":"type-post","3":"status-publish","4":"format-standard","5":"has-post-thumbnail","7":"category-france","8":"tag-actu","9":"tag-actualites","10":"tag-article-video","11":"tag-emmanuel-macron","12":"tag-fr","13":"tag-france","14":"tag-info","15":"tag-lci-direct","16":"tag-news","17":"tag-republique-francaise","18":"tag-royaume-uni","19":"tag-russie","20":"tag-ukraine-vers-une-5-annee-de-guerre","21":"tag-union-europeenne","22":"tag-video","23":"tag-video-international"},"share_on_mastodon":{"url":"https:\/\/pubeurope.com\/@fr\/115945242872709818","error":""},"_links":{"self":[{"href":"https:\/\/www.europesays.com\/fr\/wp-json\/wp\/v2\/posts\/684056","targetHints":{"allow":["GET"]}}],"collection":[{"href":"https:\/\/www.europesays.com\/fr\/wp-json\/wp\/v2\/posts"}],"about":[{"href":"https:\/\/www.europesays.com\/fr\/wp-json\/wp\/v2\/types\/post"}],"author":[{"embeddable":true,"href":"https:\/\/www.europesays.com\/fr\/wp-json\/wp\/v2\/users\/2"}],"replies":[{"embeddable":true,"href":"https:\/\/www.europesays.com\/fr\/wp-json\/wp\/v2\/comments?post=684056"}],"version-history":[{"count":0,"href":"https:\/\/www.europesays.com\/fr\/wp-json\/wp\/v2\/posts\/684056\/revisions"}],"wp:featuredmedia":[{"embeddable":true,"href":"https:\/\/www.europesays.com\/fr\/wp-json\/wp\/v2\/media\/684057"}],"wp:attachment":[{"href":"https:\/\/www.europesays.com\/fr\/wp-json\/wp\/v2\/media?parent=684056"}],"wp:term":[{"taxonomy":"category","embeddable":true,"href":"https:\/\/www.europesays.com\/fr\/wp-json\/wp\/v2\/categories?post=684056"},{"taxonomy":"post_tag","embeddable":true,"href":"https:\/\/www.europesays.com\/fr\/wp-json\/wp\/v2\/tags?post=684056"}],"curies":[{"name":"wp","href":"https:\/\/api.w.org\/{rel}","templated":true}]}}