{"id":68408,"date":"2025-05-02T03:47:12","date_gmt":"2025-05-02T03:47:12","guid":{"rendered":"https:\/\/www.europesays.com\/fr\/68408\/"},"modified":"2025-05-02T03:47:12","modified_gmt":"2025-05-02T03:47:12","slug":"macupdater-va-bientot-cesser-de-fonctionner-et-cest-bien-triste","status":"publish","type":"post","link":"https:\/\/www.europesays.com\/fr\/68408\/","title":{"rendered":"MacUpdater va bient\u00f4t cesser de fonctionner, et c&rsquo;est bien triste"},"content":{"rendered":"<p>                    <b>CoreCode stoppe le d\u00e9veloppement de MacUpdater au 1er janvier 2026. Ce logiciel bien pratique cl\u00e9 pour garder ses apps Mac \u00e0 jour est \u00e0 vendre. C\u2019\u00e9tait pourtant un indispensable pour tous ceux qui aiment avoir leurs applications \u00e0 jour.<\/b><\/p>\n<p>                                                                                                                                                        <img decoding=\"async\" src=\"https:\/\/www.europesays.com\/fr\/wp-content\/uploads\/2025\/05\/0783fcc21d_macupdater-va-bientot-cesser-de-fonctionner.webp.webp\" alt=\"MacUpdater va bient\u00f4t cesser de fonctionner, et c'est bien triste\" width=\"1200\" height=\"642\" loading=\"lazy\"\/>        <\/p>\n<p>Un outil devenu r\u00e9f\u00e9rence chez les utilisateurs sur macOS<\/p>\n<p>Lanc\u00e9 en 2017 par CoreCode, d\u00e9j\u00e0 connu pour ses utilitaires techniques sur macOS, MacUpdater a rapidement trouv\u00e9 sa place chez les utilisateurs maniaques. <b>Le logiciel proposait un service simple mais essentiel\u00a0: v\u00e9rifier automatiquement les mises \u00e0 jour des applications install\u00e9es en dehors, mais aussi \u00e0 l\u2019int\u00e9rieur du Mac App Store<\/b>, un point faible r\u00e9current du syst\u00e8me Apple.<\/p>\n<p>Gr\u00e2ce \u00e0 un scan rapide du disque, <b>il identifiait les versions obsol\u00e8tes et permettait souvent une mise \u00e0 jour directe<\/b>, ou \u00e0 d\u00e9faut, redirigeait vers les sites des d\u00e9veloppeurs. J\u2019utilise moi m\u00eame ce logiciel depuis des ann\u00e9es.<\/p>\n<p>La version gratuite permettait jusqu\u2019\u00e0 dix mises \u00e0 jour, au-del\u00e0 il fallait passer \u00e0 la version payante. <b>Le mod\u00e8le \u00e9conomique reposait sur une licence perp\u00e9tuelle, sans abonnement, ce qui a probablement limit\u00e9 sa rentabilit\u00e9 \u00e0 long terme<\/b>. Pourtant, avec une base de donn\u00e9es impressionnante (plus de 1,7 million d\u2019entr\u00e9es de versions pour 150 000 apps), et une fiabilit\u00e9 salu\u00e9e, MacUpdater s\u2019\u00e9tait impos\u00e9 comme un outil incontournable.<\/p>\n<p>                                                                                                                                                        <img decoding=\"async\" src=\"https:\/\/www.europesays.com\/fr\/wp-content\/uploads\/2025\/05\/848f8f7696_macupdater-va-bientot-cesser-de-fonctionner.webp.webp\" alt=\"MacUpdater va bient\u00f4t cesser de fonctionner, et c'est bien triste\" width=\"1200\" height=\"973\" loading=\"lazy\"\/>        <\/p>\n<p>CoreCode jette l\u2019\u00e9ponge mais ouvre la porte \u00e0 la reprise<\/p>\n<p>Dans un communiqu\u00e9, <b>CoreCode annonce donc l\u2019arr\u00eat du d\u00e9veloppement actif de MacUpdater \u00e0 compter du 1er janvier 2026<\/b>. Selon la soci\u00e9t\u00e9 maltaise, le d\u00e9fi technique li\u00e9 au d\u00e9veloppement de ce logiciel est d\u00e9sormais \u00ab totalement r\u00e9solu \u00bb et le probl\u00e8me ne serait plus d\u2019ordre logiciel, mais commercial. L\u2019\u00e9quipe reconna\u00eet ne pas \u00eatre taill\u00e9e pour la vente ou le marketing \u00e0 long terme.<\/p>\n<p>Plut\u00f4t que de laisser le produit mourir lentement, CoreCode met en vente MacUpdater, son code, sa base d\u2019utilisateurs, et ouvre aussi la possibilit\u00e9 de licence pour les entreprises int\u00e9ress\u00e9es par la technologie sous-jacente. <b>L\u2019entreprise estime que le logiciel pourrait g\u00e9n\u00e9rer environ 300 000\u00a0\u20ac par an<\/b> sous un mod\u00e8le par abonnement, ce qui reste modeste mais avec une marge de croissance, notamment chez les clients pro, un segment totalement ignor\u00e9 jusqu\u2019ici.<\/p>\n<p>                                                                                                                                                        <img decoding=\"async\" src=\"https:\/\/www.europesays.com\/fr\/wp-content\/uploads\/2025\/05\/651f00ec35_qu-est-ce-que-je-vais-devenir-sans-macupdater.webp.webp\" alt=\"Qu'est ce que je vais devenir sans MacUpdater\u00a0?!\" width=\"1200\" height=\"549\" loading=\"lazy\"\/>                Qu&rsquo;est ce que je vais devenir sans MacUpdater\u00a0?!<\/p>\n<p>Une technologie sous-exploit\u00e9e<\/p>\n<p>MacUpdater, souvent d\u00e9crit comme un \u00ab <a href=\"https:\/\/www.mac4ever.com\/divers\/35736-mac-os-x-deinstaller-proprement-des-applications\" rel=\"nofollow noopener\" target=\"_blank\">AppCleaner<\/a> des mises \u00e0 jour \u00bb, est un exemple de logiciel <a href=\"https:\/\/www.mac4ever.com\/mac\/170082-les-meilleurs-logiciels-de-sauvegarde-sur-mac-en-2022\" rel=\"nofollow noopener\" target=\"_blank\">macOS<\/a> utile, discret et bien maintenu. La base technique, en particulier la base de donn\u00e9es, a \u00e9t\u00e9 peaufin\u00e9e pendant huit ans. Pour les acteurs du MDM ou de la gestion de flotte Apple, c\u2019est une opportunit\u00e9 s\u00e9rieuse\u00a0: <b>peu d\u2019outils professionnels atteignent ce niveau de pr\u00e9cision dans le suivi applicatif<\/b>. Reste \u00e0 voir si un \u00e9diteur ou une startup saura reprendre le flambeau. On esp\u00e8re que oui\u00a0!\n                    <\/p>\n","protected":false},"excerpt":{"rendered":"CoreCode stoppe le d\u00e9veloppement de MacUpdater au 1er janvier 2026. Ce logiciel bien pratique cl\u00e9 pour garder ses&hellip;\n","protected":false},"author":2,"featured_media":68409,"comment_status":"","ping_status":"","sticky":false,"template":"","format":"standard","meta":{"footnotes":""},"categories":[7],"tags":[1011,27,17009,43,40,41,39,42,44],"class_list":{"0":"post-68408","1":"post","2":"type-post","3":"status-publish","4":"format-standard","5":"has-post-thumbnail","7":"category-sciences-et-technologies","8":"tag-fr","9":"tag-france","10":"tag-logiciel","11":"tag-science","12":"tag-science-and-technology","13":"tag-sciences","14":"tag-sciences-et-technologies","15":"tag-technologies","16":"tag-technology"},"share_on_mastodon":{"url":"https:\/\/pubeurope.com\/@fr\/114436194032524396","error":""},"_links":{"self":[{"href":"https:\/\/www.europesays.com\/fr\/wp-json\/wp\/v2\/posts\/68408","targetHints":{"allow":["GET"]}}],"collection":[{"href":"https:\/\/www.europesays.com\/fr\/wp-json\/wp\/v2\/posts"}],"about":[{"href":"https:\/\/www.europesays.com\/fr\/wp-json\/wp\/v2\/types\/post"}],"author":[{"embeddable":true,"href":"https:\/\/www.europesays.com\/fr\/wp-json\/wp\/v2\/users\/2"}],"replies":[{"embeddable":true,"href":"https:\/\/www.europesays.com\/fr\/wp-json\/wp\/v2\/comments?post=68408"}],"version-history":[{"count":0,"href":"https:\/\/www.europesays.com\/fr\/wp-json\/wp\/v2\/posts\/68408\/revisions"}],"wp:featuredmedia":[{"embeddable":true,"href":"https:\/\/www.europesays.com\/fr\/wp-json\/wp\/v2\/media\/68409"}],"wp:attachment":[{"href":"https:\/\/www.europesays.com\/fr\/wp-json\/wp\/v2\/media?parent=68408"}],"wp:term":[{"taxonomy":"category","embeddable":true,"href":"https:\/\/www.europesays.com\/fr\/wp-json\/wp\/v2\/categories?post=68408"},{"taxonomy":"post_tag","embeddable":true,"href":"https:\/\/www.europesays.com\/fr\/wp-json\/wp\/v2\/tags?post=68408"}],"curies":[{"name":"wp","href":"https:\/\/api.w.org\/{rel}","templated":true}]}}