{"id":684109,"date":"2026-01-23T16:31:18","date_gmt":"2026-01-23T16:31:18","guid":{"rendered":"https:\/\/www.europesays.com\/fr\/684109\/"},"modified":"2026-01-23T16:31:18","modified_gmt":"2026-01-23T16:31:18","slug":"dijon-fco-cinq-raisons-de-voir-ce-match-decisif-pour-rouen-a-diochon","status":"publish","type":"post","link":"https:\/\/www.europesays.com\/fr\/684109\/","title":{"rendered":"Dijon FCO : cinq raisons de voir ce match d\u00e9cisif pour Rouen \u00e0 Diochon"},"content":{"rendered":"<p>                    Par<br \/>\n        <strong><br \/>\n            <a href=\"https:\/\/actu.fr\/auteur\/laredaction\" title=\"Consulter tous les articles de R\u00e9daction Normandie\" target=\"_blank\" rel=\"noopener\">R\u00e9daction Normandie<\/a><br \/>\n                    <\/strong><\/p>\n<p>        Publi\u00e9 le<\/p>\n<p>            23 janv. 2026 \u00e0 14h18        <\/p>\n<p>C\u2019est une rencontre d\u00e9cisive qui attend le FCR ce samedi 24 janvier 2026. Les Diables Rouges rouennais accueillent en leur antre de Diochon le Dijon FCO, pour un match aux nombreux enjeux (<a href=\"https:\/\/actu.fr\/normandie\/rouen_76540\/ambitions-et-sponsor-tarkan-ser-le-president-du-fc-rouen-prend-la-parole-mon-reve-c-est-la-ligue-2_63188770.html\" target=\"_blank\" rel=\"noopener\">de quoi faire r\u00eaver le pr\u00e9sident Tarkan Ser<\/a>). S\u2019il y a un match \u00e0 voir cette saison, c\u2019est peut-\u00eatre bien celui-l\u00e0, et voici pourquoi.<\/p>\n<p>Une rencontre \u00e0 enjeux<\/p>\n<p class=\" wall-content\"><strong>La mont\u00e9e en Ligue 2.<\/strong> L\u2019objectif est clair pour les pensionnaires des deux clubs. Le FC Rouen devance actuellement le Dijon Football C\u00f4te-D\u2019Or de deux points. Ce match pourrait, en cas de victoire,<strong> conforter la premi\u00e8re place des Normands.<\/strong><\/p>\n<p>La ferveur<\/p>\n<p class=\" wall-content\"><strong>Avec 69% de remplissage<\/strong>, le FC Rouen affiche le plus haut taux en National pour un stade de plus de 5 000 places. Les supporters <strong>attendent depuis 22 ans<\/strong> un retour dans le football professionnel. Les ultras ne s\u2019y trompent pas, ils sont au rendez-vous d\u2019une saison historique, qui pourrait faire passer les Diables Rouges dans une autre dimension.<\/p>\n<p>Un match le samedi<\/p>\n<p class=\" wall-content\">Le football, c\u2019est le weekend. Peut-\u00eatre qu\u2019\u00e0 force de le r\u00e9p\u00e9ter, la F\u00e9d\u00e9ration Fran\u00e7aise de Football finira par l\u2019entendre. Avec sept rencontres sur huit plac\u00e9es ce vendredi, pouvoir <strong>profiter de cette affiche au c\u0153ur du weekend<\/strong> est un luxe dont il faut profiter.<\/p>\n<p>Une s\u00e9rie \u00e0 alimenter<\/p>\n<p class=\" wall-content\">Invaincus depuis le 6 septembre 2025 et la d\u00e9faite face \u00e0 Ch\u00e2teauroux (1-2), les Rouennais ont depuis assur\u00e9 huit victoires et trois matchs nuls pour le compte du National. Mieux encore, le bilan \u00e0 domicile est <strong>de cinq victoires pour un match nul<\/strong> depuis cette d\u00e9faite. Nul doute que si vous prenez votre place, vous assisterez au moins \u00e0 un match nul.<\/p>\n<p>Vid\u00e9os : en ce moment sur ActuLe c\u0153ur de Rouen en Ligue 2<\/p>\n<p class=\" wall-content\">Sans taper sur le Quevilly-Rouen M\u00e9tropole (ils le font d\u00e9j\u00e0 assez eux-m\u00eames), le club historique de la Ville aux Cent Clochers c\u2019est le FC Rouen. <strong>Fond\u00e9 en 1899<\/strong>, il est dans le top 3 des clubs les plus anciens de France \u00e9voluant dans les trois premi\u00e8res divisions. La ville bat au rythme des Rouge et Blanc et ce m\u00eame lorsque le club faisait <a href=\"https:\/\/actu.fr\/normandie\/rouen_76540\/le-fc-rouen-est-maintenu-en-national-apres-son-passage-devant-la-dncg_61332871.html\" target=\"_blank\" rel=\"noopener\">face \u00e0 la menace de la police du football fran\u00e7ais, la DNCG<\/a>.<\/p>\n<p class=\" wall-content\"><strong>Nathan Riot avec Timoth\u00e9 Angot<\/strong><\/p>\n<p>La rencontre aura lieu ce samedi 24 janvier \u00e0 18h00 au stade Robert-Diochon. Pour vous munir de vos places, rendez-vous sur <a href=\"https:\/\/billetterie-fcrouen.fr\/(S(5u0vayypujxw4gw21v0lcr4t))\/Pages\/PSpectacles.aspx\" target=\"_blank\" rel=\"noopener\">la billetterie du FC Rouen<\/a> ou directement au guichet du stade (sous-r\u00e9serve de disponibilit\u00e9).<\/p>\n<p>Votre r\u00e9gion, votre actu !<\/p>\n<p>Recevez chaque jour les infos qui comptent pour vous.<\/p>\n<p>\t<a href=\"https:\/\/actu.fr\/newsletter\" class=\"ac-btn ac-btn--corner ac-btn--medium ac-btn--blue800\" target=\"_blank\" rel=\"noopener\">S&rsquo;incrire<\/a><br \/>\nSuivez l\u2019actualit\u00e9 de Rouen <a href=\"https:\/\/www.whatsapp.com\/channel\/0029VaKfnf99hXF2ddApFB1D\" target=\"_blank\" rel=\"noopener\">sur notre cha\u00eene WhatsApp<\/a> et <a href=\"https:\/\/www.tiktok.com\/@76actu.fr?lang=fr\" target=\"_blank\" rel=\"noopener\">sur notre compte TikTok<\/a>Cet article a \u00e9t\u00e9 r\u00e9alis\u00e9 par des \u00e9tudiants de <a href=\"https:\/\/iej.eu\/campus\/rouen?utm_source=google&amp;utm_medium=cpc&amp;utm_campaign=google_cpc_iej_sea_marque&amp;utm_content=176849351168&amp;utm_term=iej%20rouen&amp;gad_source=1&amp;gad_campaignid=316063885&amp;gbraid=0AAAAADe620oX2mCeylCJ7m_5X-2wyL5k6&amp;gclid=CjwKCAiAssfLBhBDEiwAcLpwftXiqvKVwl8uwRoEqEeBNzwTSgeVgAp4ipUUiHuyHBPSbd3eL-ivsRoCXNcQAvD_BwE\" target=\"_blank\" rel=\"noopener\">l\u2019IEJ Rouen<\/a><\/p>\n<p class=\" wall-content\">Personnalisez votre actualit\u00e9 en ajoutant vos villes et m\u00e9dias en favori avec <a href=\"https:\/\/moncompte.actu.fr\" title=\"D\u00e9couvez Mon Actu\" rel=\"nofollow noopener\" data-trk=\"{&quot;cta&quot;:{&quot;action&quot;:&quot;https:\\\/\\\/moncompte.actu.fr&quot;,&quot;category&quot;:&quot;mon compte&quot;,&quot;from&quot;:&quot;article footer&quot;,&quot;name&quot;:&quot;Mon actu&quot;,&quot;type&quot;:&quot;cta&quot;}}\" target=\"_blank\">Mon Actu<\/a>.<\/p>\n<p>                    <script async src=\"\/\/www.tiktok.com\/embed.js\"><\/script><\/p>\n","protected":false},"excerpt":{"rendered":"Par R\u00e9daction Normandie Publi\u00e9 le 23 janv. 2026 \u00e0 14h18 C\u2019est une rencontre d\u00e9cisive qui attend le FCR&hellip;\n","protected":false},"author":2,"featured_media":684110,"comment_status":"","ping_status":"","sticky":false,"template":"","format":"standard","meta":{"footnotes":""},"categories":[9587],"tags":[1111,11,1777,674,12003,63,1011,27,4361,12,5161,25,9590,60],"class_list":{"0":"post-684109","1":"post","2":"type-post","3":"status-publish","4":"format-standard","5":"has-post-thumbnail","7":"category-rouen","8":"tag-actu","9":"tag-actualites","10":"tag-eu","11":"tag-europe","12":"tag-fc-rouen","13":"tag-football","14":"tag-fr","15":"tag-france","16":"tag-nationale","17":"tag-news","18":"tag-normandie","19":"tag-republique-francaise","20":"tag-rouen","21":"tag-sports"},"share_on_mastodon":{"url":"https:\/\/pubeurope.com\/@fr\/115945372697129542","error":""},"_links":{"self":[{"href":"https:\/\/www.europesays.com\/fr\/wp-json\/wp\/v2\/posts\/684109","targetHints":{"allow":["GET"]}}],"collection":[{"href":"https:\/\/www.europesays.com\/fr\/wp-json\/wp\/v2\/posts"}],"about":[{"href":"https:\/\/www.europesays.com\/fr\/wp-json\/wp\/v2\/types\/post"}],"author":[{"embeddable":true,"href":"https:\/\/www.europesays.com\/fr\/wp-json\/wp\/v2\/users\/2"}],"replies":[{"embeddable":true,"href":"https:\/\/www.europesays.com\/fr\/wp-json\/wp\/v2\/comments?post=684109"}],"version-history":[{"count":0,"href":"https:\/\/www.europesays.com\/fr\/wp-json\/wp\/v2\/posts\/684109\/revisions"}],"wp:featuredmedia":[{"embeddable":true,"href":"https:\/\/www.europesays.com\/fr\/wp-json\/wp\/v2\/media\/684110"}],"wp:attachment":[{"href":"https:\/\/www.europesays.com\/fr\/wp-json\/wp\/v2\/media?parent=684109"}],"wp:term":[{"taxonomy":"category","embeddable":true,"href":"https:\/\/www.europesays.com\/fr\/wp-json\/wp\/v2\/categories?post=684109"},{"taxonomy":"post_tag","embeddable":true,"href":"https:\/\/www.europesays.com\/fr\/wp-json\/wp\/v2\/tags?post=684109"}],"curies":[{"name":"wp","href":"https:\/\/api.w.org\/{rel}","templated":true}]}}