{"id":684123,"date":"2026-01-23T16:39:11","date_gmt":"2026-01-23T16:39:11","guid":{"rendered":"https:\/\/www.europesays.com\/fr\/684123\/"},"modified":"2026-01-23T16:39:11","modified_gmt":"2026-01-23T16:39:11","slug":"un-homme-interpelle-pour-le-viol-dune-femme-de-90-ans","status":"publish","type":"post","link":"https:\/\/www.europesays.com\/fr\/684123\/","title":{"rendered":"Un homme interpell\u00e9 pour le viol d\u2019une femme de 90 ans"},"content":{"rendered":"<p>Un \u00ab\u00a0acte ignoble\u00a0\u00bb et d\u2019une \u00ab\u00a0barbarie absolue\u00a0\u00bb <a href=\"https:\/\/x.com\/cestrosi\/status\/2014645066380267921\" target=\"_blank\" class=\"c-link c-link--is-underlined\">s\u2019est indign\u00e9 sur X<\/a> le maire de <a href=\"https:\/\/www.20minutes.fr\/nice\/\" class=\"c-link c-link--is-underlined\" target=\"_blank\" rel=\"noopener\">Nice<\/a>, Christian Estrosi. Ce vendredi matin, un homme a \u00e9t\u00e9 interpell\u00e9, soup\u00e7onn\u00e9 d\u2019avoir viol\u00e9 une femme \u00e2g\u00e9e de 90 ans dans le quartier de la Madeleine r\u00e9v\u00e8le <a href=\"https:\/\/www.nicematin.com\/faits-divers\/un-suspect-arrete-pour-le-viol-d-une-nonagenaire-a-nice-10665992\" target=\"_blank\" class=\"c-link c-link--is-underlined\" rel=\"noopener\">Nice matin<\/a>.<\/p>\n<p>Selon une source polici\u00e8re \u00e0 nos confr\u00e8res, les faits se sont d\u00e9roul\u00e9s au petit matin, ce vendredi, entre 4 et 5 heures. Le suspect s\u2019est pr\u00e9sent\u00e9 au domicile de sa victime et a frapp\u00e9 \u00e0 la porte. La nonag\u00e9naire a ouvert sans se m\u00e9fier, pensant qu\u2019il s\u2019agissait de son infirmi\u00e8re.<\/p>\n<p>Fellation impos\u00e9e et s\u00e9vices<\/p>\n<p>L\u2019homme l\u2019a aussit\u00f4t agress\u00e9e, for\u00e7ant la dame \u00e2g\u00e9e \u00e0 lui faire une fellation. Selon Nice matin, il lui a aussi inflig\u00e9 des s\u00e9vices avant de prendre la fuite.<\/p>\n<p>C\u2019est la fille de la nonag\u00e9naire qui a donn\u00e9 l\u2019alerte. La victime a \u00e9t\u00e9 hospitalis\u00e9e tandis que les policiers ni\u00e7ois ont rapidement retrouv\u00e9 la trace de l\u2019individu. Ils n\u2019ont pas eu \u00e0 aller loin puisque la victime avait reconnu en lui l\u2019homme qui squattait un appartement au 4e \u00e9tage de son immeuble selon BFM. C\u2019est en effet l\u00e0 qu\u2019il a \u00e9t\u00e9 interpell\u00e9 avant d\u2019\u00eatre plac\u00e9 en garde \u00e0 vue.<\/p>\n<p><a href=\"https:\/\/www.20minutes.fr\/faits_divers\/\" class=\"c-link c-btn c-btn--primary\" target=\"_blank\" rel=\"noopener\">Notre rubrique faits divers<\/a><\/p>\n<p>L\u2019homme \u00ab\u00a0serait de nationalit\u00e9 \u00e9trang\u00e8re\u00a0\u00bb, selon Christian Estrosi lequel r\u00e9clame, le cas \u00e9ch\u00e9ant, qu\u2019il soit \u00ab\u00a0s\u00e9v\u00e8rement puni\u00a0\u00bb et \u00ab\u00a0expuls\u00e9 du territoire\u00a0\u00bb. Une enqu\u00eate a \u00e9t\u00e9 ouverte pour \u00ab\u00a0viol sur personne vuln\u00e9rable\u00a0\u00bb, confi\u00e9e \u00e0 la police judiciaire.<\/p>\n","protected":false},"excerpt":{"rendered":"Un \u00ab\u00a0acte ignoble\u00a0\u00bb et d\u2019une \u00ab\u00a0barbarie absolue\u00a0\u00bb s\u2019est indign\u00e9 sur X le maire de Nice, Christian Estrosi. Ce&hellip;\n","protected":false},"author":2,"featured_media":684124,"comment_status":"","ping_status":"","sticky":false,"template":"","format":"standard","meta":{"footnotes":""},"categories":[2819],"tags":[1111,47,11,2898,1777,674,118,1011,27,12,2401,883,2571,882,25,1265],"class_list":{"0":"post-684123","1":"post","2":"type-post","3":"status-publish","4":"format-standard","5":"has-post-thumbnail","7":"category-nice","8":"tag-actu","9":"tag-actualite","10":"tag-actualites","11":"tag-alpes-maritimes","12":"tag-eu","13":"tag-europe","14":"tag-faits-divers","15":"tag-fr","16":"tag-france","17":"tag-news","18":"tag-nice","19":"tag-paca","20":"tag-personnes-agees","21":"tag-provence-alpes-cote-dazur","22":"tag-republique-francaise","23":"tag-viol"},"share_on_mastodon":{"url":"https:\/\/pubeurope.com\/@fr\/115945404016551606","error":""},"_links":{"self":[{"href":"https:\/\/www.europesays.com\/fr\/wp-json\/wp\/v2\/posts\/684123","targetHints":{"allow":["GET"]}}],"collection":[{"href":"https:\/\/www.europesays.com\/fr\/wp-json\/wp\/v2\/posts"}],"about":[{"href":"https:\/\/www.europesays.com\/fr\/wp-json\/wp\/v2\/types\/post"}],"author":[{"embeddable":true,"href":"https:\/\/www.europesays.com\/fr\/wp-json\/wp\/v2\/users\/2"}],"replies":[{"embeddable":true,"href":"https:\/\/www.europesays.com\/fr\/wp-json\/wp\/v2\/comments?post=684123"}],"version-history":[{"count":0,"href":"https:\/\/www.europesays.com\/fr\/wp-json\/wp\/v2\/posts\/684123\/revisions"}],"wp:featuredmedia":[{"embeddable":true,"href":"https:\/\/www.europesays.com\/fr\/wp-json\/wp\/v2\/media\/684124"}],"wp:attachment":[{"href":"https:\/\/www.europesays.com\/fr\/wp-json\/wp\/v2\/media?parent=684123"}],"wp:term":[{"taxonomy":"category","embeddable":true,"href":"https:\/\/www.europesays.com\/fr\/wp-json\/wp\/v2\/categories?post=684123"},{"taxonomy":"post_tag","embeddable":true,"href":"https:\/\/www.europesays.com\/fr\/wp-json\/wp\/v2\/tags?post=684123"}],"curies":[{"name":"wp","href":"https:\/\/api.w.org\/{rel}","templated":true}]}}