{"id":684134,"date":"2026-01-23T16:47:15","date_gmt":"2026-01-23T16:47:15","guid":{"rendered":"https:\/\/www.europesays.com\/fr\/684134\/"},"modified":"2026-01-23T16:47:15","modified_gmt":"2026-01-23T16:47:15","slug":"heritage-cap-vert-hcv-a-roubaix-la-rencontre-des-mondes","status":"publish","type":"post","link":"https:\/\/www.europesays.com\/fr\/684134\/","title":{"rendered":"H\u00e9ritage Cap-Vert (HCV) \u00e0 Roubaix : la rencontre des Mondes"},"content":{"rendered":"<p class=\"introduction\">Depuis plus de 25 ans, l\u2019Association H\u00e9ritage Cap-Vert (HCV) s\u2019impose comme une structure culturelle et sociale essentielle pour la communaut\u00e9 capverdienne de Roubaix et de la M\u00e9tropole. Cr\u00e9\u00e9e en 1999, l\u2019association a \u00e9t\u00e9 pens\u00e9e pour valoriser et promouvoir la culture capverdienne dans le Nord de la France, tout en favorisant les \u00e9changes et la solidarit\u00e9 entre les personnes d\u2019origine capverdienne et la population locale.<\/p>\n<p>Roubaix, l\u2019un des berceaux de l\u2019immigration capverdienne en France<\/p>\n<p>Roubaix, avec Amiens, fait partie des premi\u00e8res villes d\u2019installation des Capverdiens en France. L\u2019immigration, essentiellement masculine au d\u00e9but des ann\u00e9es 1970, est motiv\u00e9e par les opportunit\u00e9s professionnelles offertes par l\u2019industrie textile. Tr\u00e8s vite, les familles suivent et s\u2019implantent dans les quartiers Nord (rue de Fontenoy, rue d\u2019Alger, rue de la Conf\u00e9rence\u2026). Des quartiers populaires o\u00f9 la communaut\u00e9 s\u2019organise, s\u2019entraide et commence \u00e0 faire vivre sa culture.<\/p>\n<p>Des origines ancr\u00e9es dans l\u2019\u00e9change culturel<\/p>\n<p>H\u00e9ritage Cap-Vert n\u2019est pas n\u00e9e par hasard. \u00c0 la fin des ann\u00e9es 1990, une partie de la diaspora capverdienne install\u00e9e en France ressentait le besoin de cr\u00e9er un espace d\u2019\u00e9changes culturels et de solidarit\u00e9. L\u2019association s\u2019est donn\u00e9e pour mission de favoriser le d\u00e9veloppement d\u2019\u00e9changes autour de la culture cap verdienne, sa musique, sa langue, ses traditions\u2026 tout en facilitant le vivre-ensemble multiculturel \u00e0 Roubaix.<\/p>\n<p>Antonio Furtado, son pr\u00e9sident, natif du Cap-Vert et par ailleurs directeur adjoint de Cit\u00e9o M\u00e9diation, nous fait part de la volont\u00e9 de l\u2019association de transmettre une histoire et une culture, mais surtout d\u2019apporter des r\u00e9ponses positives aux questions identitaires que peuvent se poser les jeunes g\u00e9n\u00e9rations. Dans un monde o\u00f9 les rep\u00e8res se brouillent, HCV d\u00e9fend une identit\u00e9 assum\u00e9e, ouverte, enracin\u00e9e et m\u00e9tiss\u00e9e. Un \u00e9tat d\u2019esprit, la \u00ab\u00a0Morabeza\u00a0\u00bb (le plaisir, le bonheur, le bien-\u00eatre partag\u00e9) qui correspond parfaitement \u00e0 la ville de Roubaix , ville o\u00f9 , comme au \u00ab\u00a0Cabo Verde\u00a0\u00bb des mondes se rencontrent.<\/p>\n<p>Des actions au service du partage et de la solidarit\u00e9<\/p>\n<p>H\u00e9ritage Cap-Vert agit pour promouvoir la culture capverdienne par des animations, des rencontres, et des \u00e9v\u00e9nements communautaires \u00e0 Roubaix, comme la <strong>Semaine Culturelle Africaine<\/strong> avec le <a href=\"https:\/\/www.facebook.com\/p\/CRAO-100083474291761\/?locale=fr_FR\" target=\"_blank\" rel=\"noopener\">CRAO<\/a>, des repas festifs, des collectes des dons pour soutenir la population au Cap-Vert (par exemple lors des pluies torrentielles de 2025), des conf\u00e9rences pour faire d\u00e9couvrir l\u2019Histoire d\u2019<strong>Am\u00edlcar Cabral<\/strong>, lib\u00e9rateur du peuple capverdien<\/p>\n<p>Ambitions et perspectives<\/p>\n<p>Apr\u00e8s avoir f\u00eat\u00e9 le cinquantenaire de l\u2019ind\u00e9pendance en 2025, H\u00e9ritage Cap-Vert porte pour l\u2019avenir l\u2019ambition de renforcer la visibilit\u00e9 de la culture capverdienne dans le paysage local, notamment en cr\u00e9ant la 1ere Chambre de Commerce Capverdienne en France et favoriser les \u00e9changes interculturels entre g\u00e9n\u00e9rations et publics divers. Bonne continuation \u00e0 tous les capverdiens de Roubaix !<\/p>\n","protected":false},"excerpt":{"rendered":"Depuis plus de 25 ans, l\u2019Association H\u00e9ritage Cap-Vert (HCV) s\u2019impose comme une structure culturelle et sociale essentielle pour&hellip;\n","protected":false},"author":2,"featured_media":684135,"comment_status":"","ping_status":"","sticky":false,"template":"","format":"standard","meta":{"footnotes":""},"categories":[2815],"tags":[1111,11,4077,78120,1777,674,1011,27,811,1307,12,25],"class_list":{"0":"post-684134","1":"post","2":"type-post","3":"status-publish","4":"format-standard","5":"has-post-thumbnail","7":"category-lille","8":"tag-actu","9":"tag-actualites","10":"tag-association","11":"tag-cap-vert","12":"tag-eu","13":"tag-europe","14":"tag-fr","15":"tag-france","16":"tag-hauts-de-france","17":"tag-lille","18":"tag-news","19":"tag-republique-francaise"},"share_on_mastodon":{"url":"https:\/\/pubeurope.com\/@fr\/115945435646784780","error":""},"_links":{"self":[{"href":"https:\/\/www.europesays.com\/fr\/wp-json\/wp\/v2\/posts\/684134","targetHints":{"allow":["GET"]}}],"collection":[{"href":"https:\/\/www.europesays.com\/fr\/wp-json\/wp\/v2\/posts"}],"about":[{"href":"https:\/\/www.europesays.com\/fr\/wp-json\/wp\/v2\/types\/post"}],"author":[{"embeddable":true,"href":"https:\/\/www.europesays.com\/fr\/wp-json\/wp\/v2\/users\/2"}],"replies":[{"embeddable":true,"href":"https:\/\/www.europesays.com\/fr\/wp-json\/wp\/v2\/comments?post=684134"}],"version-history":[{"count":0,"href":"https:\/\/www.europesays.com\/fr\/wp-json\/wp\/v2\/posts\/684134\/revisions"}],"wp:featuredmedia":[{"embeddable":true,"href":"https:\/\/www.europesays.com\/fr\/wp-json\/wp\/v2\/media\/684135"}],"wp:attachment":[{"href":"https:\/\/www.europesays.com\/fr\/wp-json\/wp\/v2\/media?parent=684134"}],"wp:term":[{"taxonomy":"category","embeddable":true,"href":"https:\/\/www.europesays.com\/fr\/wp-json\/wp\/v2\/categories?post=684134"},{"taxonomy":"post_tag","embeddable":true,"href":"https:\/\/www.europesays.com\/fr\/wp-json\/wp\/v2\/tags?post=684134"}],"curies":[{"name":"wp","href":"https:\/\/api.w.org\/{rel}","templated":true}]}}