{"id":684138,"date":"2026-01-23T16:49:13","date_gmt":"2026-01-23T16:49:13","guid":{"rendered":"https:\/\/www.europesays.com\/fr\/684138\/"},"modified":"2026-01-23T16:49:13","modified_gmt":"2026-01-23T16:49:13","slug":"lagence-one-provence-promotion-est-prete-a-faire-briller-le-territoire-en-france-et-a-linternational","status":"publish","type":"post","link":"https:\/\/www.europesays.com\/fr\/684138\/","title":{"rendered":"L\u2019agence One Provence Promotion est pr\u00eate \u00e0 faire briller le territoire en France et \u00e0 l\u2019international"},"content":{"rendered":"<p style=\"text-align: left;\">One Provence Promotion constitue un outil strat\u00e9gique et op\u00e9rationnel charg\u00e9 de valoriser et de d\u00e9velopper l\u2019attractivit\u00e9 globale du territoire Aix-Marseille-Provence. Avec son statut de\u00a0soci\u00e9t\u00e9 publique locale (SPL),\u00a0lui permettant d\u2019agir plus\u00a0facilement pour le compte de ses collectivit\u00e9s actionnaires, l\u2019agence est \u00e9galement un outil partenarial, au service du territoire et de ses acteurs publics et priv\u00e9s.<\/p>\n<p>Un premier Comit\u00e9 strat\u00e9gique r\u00e9unissant les grands acteurs du territoire<\/p>\n<p style=\"text-align: left;\">C\u2019est dans ce cadre que s\u2019est r\u00e9uni le premier\u00a0comit\u00e9 strat\u00e9gique,\u00a0vendredi 23 janvier 2026,\u00a0rassemblant les principaux acteurs\u00a0\u00e9conomiques\u00a0du territoire\u00a0autour de la M\u00e9tropole\u00a0:\u00a0la R\u00e9gion Sud, le D\u00e9partement des Bouches-du-Rh\u00f4ne, la CCI Aix-Marseille-Provence, l\u2019UPE 13, la CPME 13, le\u00a0port de Marseille-Fos, l\u2019EPA\u00a0Eurom\u00e9diterran\u00e9e, Aix-Marseille Universit\u00e9, l\u2019A\u00e9roport Marseille-Provence et le Club Top 20. Objectifs :\u00a0mener une r\u00e9flexion collective et formuler des propositions et orientations\u202f\u00e0 destination du\u00a0conseil d\u2019administration et de la\u00a0direction g\u00e9n\u00e9rale.<\/p>\n<p style=\"text-align: left;\">Ce premier\u00a0comit\u00e9 strat\u00e9gique a \u00e9t\u00e9 l\u2019occasion de\u00a0pr\u00e9senter le directeur g\u00e9n\u00e9ral de l\u2019agence, S\u00e9bastien\u00a0Cavalier, et d\u2019esquisser les prochaines grandes missions \u00e9conomiques des \u00e9quipes en charge de la prospection et de la promotion\u202f:<\/p>\n<ul style=\"text-align: left;\">\n<li><strong>Cyber Show<\/strong>\u202f\u00e0\u00a0Paris (Janvier)<\/li>\n<li><strong>Hyvolution<\/strong>\u202f\u00e0\u00a0Paris (Janvier)<\/li>\n<li><strong>Forum des rois de la\u00a0Supply\u00a0chain<\/strong>\u202f\u00e0\u00a0Paris (Janvier)<\/li>\n<li><strong>MWC Mobile World\u00a0Congress <\/strong>\u00e0\u00a0Barcelone (Mars)<\/li>\n<li><strong>MIPIM <\/strong>\u00e0\u00a0Cannes (Mars)<\/li>\n<li><strong>Global Industrie<\/strong>\u202f\u00e0\u00a0Lyon (Mars)<\/li>\n<li><strong>LSX\u00a0\u2013\u00a0Life Science\u00a0Executive\u00a0World\u00a0Congress\u00a0\u00e0<\/strong>Lisbonne\u00a0(Mars)<\/li>\n<li><strong>FIC\u00a0(Forum\u00a0International de la cybers\u00e9curit\u00e9)<\/strong>\u202f\u00e0\u00a0Lille (Avril)<\/li>\n<li><strong>Bio US<\/strong>\u202f\u00e0\u00a0San Diego (Juin)<\/li>\n<li><strong>Vivatech<\/strong>\u202f\u00e0\u00a0Paris (Juin)<\/li>\n<li><strong>Farnborough International\u00a0Airshow<\/strong>\u202f\u00e0\u00a0Farnborough (Juillet)<\/li>\n<\/ul>\n<p>Aix-Marseille-Provence, un territoire parmi les plus attractifs d\u2019Europe<\/p>\n<p style=\"text-align: left;\">Aix-Marseille-Provence figure parmi les m\u00e9tropoles les plus attractives de France, comme le confirme l\u2019\u00e9tude EY de mai 2025, qui classe le territoire parmi les\u00a0premi\u00e8res\u00a0m\u00e9tropoles europ\u00e9ennes\u00a0en la mati\u00e8re, avec 36 projets d\u2019investissements internationaux recens\u00e9s en 2024, repr\u00e9sentant 803 emplois. Le territoire est \u00e9galement identifi\u00e9 comme le <strong>3\u1d49 p\u00f4le europ\u00e9en<\/strong> pour l\u2019accueil d\u2019investissements internationaux en mati\u00e8re de recherche et d\u00e9veloppement.<\/p>\n<p style=\"text-align: left;\">Territoire attractif et connect\u00e9 \u00e0 l\u2019international, notamment gr\u00e2ce \u00e0 son r\u00f4le de <strong>hub EuroMed\/Afrique<\/strong>, incarn\u00e9 par son port, son a\u00e9roport et ses infrastructures de donn\u00e9es, Aix-Marseille-Provence acc\u00e9l\u00e8re aujourd\u2019hui son rayonnement avec cette nouvelle agence d\u00e9di\u00e9e \u00e0 sa promotion.<\/p>\n<p>Renforcer le positionnement de la m\u00e9tropole<\/p>\n<p style=\"text-align: left;\">One Provence Promotion contribuera \u00e0 renforcer l\u2019attractivit\u00e9 du territoire en attirant des facteurs de croissance et d\u2019innovation : entreprises, investisseurs, talents et \u00e9v\u00e9nements. L\u2019Agence accompagnera \u00e9galement le parcours r\u00e9sidentiel des entreprises s\u2019installant et se d\u00e9veloppant sur Aix-Marseille-Provence.<\/p>\n<p style=\"text-align: left;\">Elle s\u2019inscrit pleinement dans la politique m\u00e9tropolitaine d\u2019immobilier d\u2019entreprise, en articulant d\u00e9veloppement immobilier, promotion du territoire et prospection de nouveaux projets, pour r\u00e9pondre aux besoins des entreprises dans leurs choix d\u2019implantation et de d\u00e9veloppement.<\/p>\n<p style=\"text-align: left;\">One Provence Promotion entend\u00a0ainsi\u00a0poursuivre et renforcer le positionnement d\u2019Aix-Marseille-Provence comme une m\u00e9tropole attractive, comp\u00e9titive et innovante, capable d\u2019accueillir et d\u2019accompagner durablement les entreprises, les talents et les projets cr\u00e9ateurs de valeur au service du d\u00e9veloppement du territoire.<\/p>\n","protected":false},"excerpt":{"rendered":"One Provence Promotion constitue un outil strat\u00e9gique et op\u00e9rationnel charg\u00e9 de valoriser et de d\u00e9velopper l\u2019attractivit\u00e9 globale du&hellip;\n","protected":false},"author":2,"featured_media":684139,"comment_status":"","ping_status":"","sticky":false,"template":"","format":"standard","meta":{"footnotes":""},"categories":[2814],"tags":[1111,11,1777,674,1011,27,884,2800,12,882,25],"class_list":{"0":"post-684138","1":"post","2":"type-post","3":"status-publish","4":"format-standard","5":"has-post-thumbnail","7":"category-marseille","8":"tag-actu","9":"tag-actualites","10":"tag-eu","11":"tag-europe","12":"tag-fr","13":"tag-france","14":"tag-marseille","15":"tag-metropole","16":"tag-news","17":"tag-provence-alpes-cote-dazur","18":"tag-republique-francaise"},"share_on_mastodon":{"url":"https:\/\/pubeurope.com\/@fr\/115945443861780659","error":""},"_links":{"self":[{"href":"https:\/\/www.europesays.com\/fr\/wp-json\/wp\/v2\/posts\/684138","targetHints":{"allow":["GET"]}}],"collection":[{"href":"https:\/\/www.europesays.com\/fr\/wp-json\/wp\/v2\/posts"}],"about":[{"href":"https:\/\/www.europesays.com\/fr\/wp-json\/wp\/v2\/types\/post"}],"author":[{"embeddable":true,"href":"https:\/\/www.europesays.com\/fr\/wp-json\/wp\/v2\/users\/2"}],"replies":[{"embeddable":true,"href":"https:\/\/www.europesays.com\/fr\/wp-json\/wp\/v2\/comments?post=684138"}],"version-history":[{"count":0,"href":"https:\/\/www.europesays.com\/fr\/wp-json\/wp\/v2\/posts\/684138\/revisions"}],"wp:featuredmedia":[{"embeddable":true,"href":"https:\/\/www.europesays.com\/fr\/wp-json\/wp\/v2\/media\/684139"}],"wp:attachment":[{"href":"https:\/\/www.europesays.com\/fr\/wp-json\/wp\/v2\/media?parent=684138"}],"wp:term":[{"taxonomy":"category","embeddable":true,"href":"https:\/\/www.europesays.com\/fr\/wp-json\/wp\/v2\/categories?post=684138"},{"taxonomy":"post_tag","embeddable":true,"href":"https:\/\/www.europesays.com\/fr\/wp-json\/wp\/v2\/tags?post=684138"}],"curies":[{"name":"wp","href":"https:\/\/api.w.org\/{rel}","templated":true}]}}