{"id":684155,"date":"2026-01-23T16:59:11","date_gmt":"2026-01-23T16:59:11","guid":{"rendered":"https:\/\/www.europesays.com\/fr\/684155\/"},"modified":"2026-01-23T16:59:11","modified_gmt":"2026-01-23T16:59:11","slug":"a-abou-dhabi-des-discussions-trilaterales-qui-sortent-de-nulle-part","status":"publish","type":"post","link":"https:\/\/www.europesays.com\/fr\/684155\/","title":{"rendered":"\u00e0 Abou Dhabi, des discussions trilat\u00e9rales \u201cqui sortent de nulle part\u201d"},"content":{"rendered":"\n<p>Un mois, presque jour pour jour, avant le quatri\u00e8me anniversaire du d\u00e9but de l\u2019invasion russe de l\u2019Ukraine, des \u00e9missaires des deux bellig\u00e9rants et des \u00c9tats-Unis sont r\u00e9unis ce vendredi 23\u00a0janvier \u00e0 Abou Dhabi, aux \u00c9mirats arabes unis, pour \u201cles premi\u00e8res discussions trilat\u00e9rales officielles sur la guerre\u201d, <a class=\"ithalc\" data-ithal=\"lien_externe\" data-ithalc=\"[nav_article]\" target=\"_blank\" href=\"https:\/\/edition.cnn.com\/politics\/live-news\/trump-administration-news-01-23-26?t=1769174586534\" rel=\"noopener\">relate <strong>CNN<\/strong><\/a><strong>. <\/strong>\u201cPar le pass\u00e9, <a class=\"ithalc\" data-ithal=\"lien_externe\" data-ithalc=\"[nav_article]\" target=\"_blank\" href=\"https:\/\/www.nytimes.com\/2026\/01\/23\/world\/europe\/ukraine-russia-war-us-peace-talks-abu-dhabi.html\" rel=\"noopener\">rappelle en effet <strong>The New York Times<\/strong><\/a><strong>,<\/strong> les n\u00e9gociateurs russes et ukrainiens se sont rarement rencontr\u00e9s directement\u00a0; ils s\u2019appuyaient plut\u00f4t sur des interm\u00e9diaires am\u00e9ricains.\u201d<\/p>\n<p>Ces discussions, qui doivent durer jusqu\u2019au samedi 24\u00a0janvier, \u201csemblent sortir de nulle part\u201d, avance d\u2019embl\u00e9e CNN. Selon la cha\u00eene, elles se tiennent \u00e0 la suite d\u2019un geste de Volodymyr Zelensky, qui, lors du Forum \u00e9conomique mondial de Davos, \u201ca avanc\u00e9 cette id\u00e9e \u2013 \u00e9voqu\u00e9e l\u2019an dernier par le pr\u00e9sident Donald Trump \u2013 en la pr\u00e9sentant comme si elle allait se r\u00e9aliser en quelques heures\u201d. Et c\u2019est bien ce qu\u2019il s\u2019est pass\u00e9, relate CNN, qui pr\u00e9cise, en citant le pr\u00e9sident ukrainien, que les pourparlers se tiennent \u201cau niveau des n\u00e9gociateurs\u201d.<\/p>\n<p> Le Kremlin, surpris\u00a0? <\/p>\n<p>\u201cNous ne saurons sans doute jamais si la d\u00e9marche a pris par surprise le Kremlin, qui aurait alors \u00e9t\u00e9 contraint d\u2019accepter l\u2019invitation pour ne pas risquer de sembler snober le processus am\u00e9ricain\u201d, poursuit CNN.<\/p>\n","protected":false},"excerpt":{"rendered":"Un mois, presque jour pour jour, avant le quatri\u00e8me anniversaire du d\u00e9but de l\u2019invasion russe de l\u2019Ukraine, des&hellip;\n","protected":false},"author":2,"featured_media":684156,"comment_status":"","ping_status":"","sticky":false,"template":"","format":"standard","meta":{"footnotes":""},"categories":[1591],"tags":[11,3822,674,1887,1892,131,12,1885,1886,132,770,220],"class_list":{"0":"post-684155","1":"post","2":"type-post","3":"status-publish","4":"format-standard","5":"has-post-thumbnail","7":"category-russie","8":"tag-actualites","9":"tag-amu00e9riques","10":"tag-europe","11":"tag-federation-de-russie","12":"tag-gu00e9opolitique","13":"tag-guerre-en-ukraine","14":"tag-news","15":"tag-russia","16":"tag-russian-federation","17":"tag-russie","18":"tag-u00e9tats-unis","19":"tag-ukraine"},"share_on_mastodon":{"url":"https:\/\/pubeurope.com\/@fr\/115945482720030671","error":""},"_links":{"self":[{"href":"https:\/\/www.europesays.com\/fr\/wp-json\/wp\/v2\/posts\/684155","targetHints":{"allow":["GET"]}}],"collection":[{"href":"https:\/\/www.europesays.com\/fr\/wp-json\/wp\/v2\/posts"}],"about":[{"href":"https:\/\/www.europesays.com\/fr\/wp-json\/wp\/v2\/types\/post"}],"author":[{"embeddable":true,"href":"https:\/\/www.europesays.com\/fr\/wp-json\/wp\/v2\/users\/2"}],"replies":[{"embeddable":true,"href":"https:\/\/www.europesays.com\/fr\/wp-json\/wp\/v2\/comments?post=684155"}],"version-history":[{"count":0,"href":"https:\/\/www.europesays.com\/fr\/wp-json\/wp\/v2\/posts\/684155\/revisions"}],"wp:featuredmedia":[{"embeddable":true,"href":"https:\/\/www.europesays.com\/fr\/wp-json\/wp\/v2\/media\/684156"}],"wp:attachment":[{"href":"https:\/\/www.europesays.com\/fr\/wp-json\/wp\/v2\/media?parent=684155"}],"wp:term":[{"taxonomy":"category","embeddable":true,"href":"https:\/\/www.europesays.com\/fr\/wp-json\/wp\/v2\/categories?post=684155"},{"taxonomy":"post_tag","embeddable":true,"href":"https:\/\/www.europesays.com\/fr\/wp-json\/wp\/v2\/tags?post=684155"}],"curies":[{"name":"wp","href":"https:\/\/api.w.org\/{rel}","templated":true}]}}