{"id":684186,"date":"2026-01-23T17:26:06","date_gmt":"2026-01-23T17:26:06","guid":{"rendered":"https:\/\/www.europesays.com\/fr\/684186\/"},"modified":"2026-01-23T17:26:06","modified_gmt":"2026-01-23T17:26:06","slug":"star-academy-lea-revele-ce-quelle-a-refuse-categoriquement-pour-se-preserver-avant-la-demi-finale","status":"publish","type":"post","link":"https:\/\/www.europesays.com\/fr\/684186\/","title":{"rendered":"Star Academy : L\u00e9a r\u00e9v\u00e8le ce qu&rsquo;elle a refus\u00e9 cat\u00e9goriquement pour se pr\u00e9server avant la demi-finale"},"content":{"rendered":"<p class=\"articleContent-meta\">\n        Aujourd&rsquo;hui \u00e0 16:32 &#8211; par             <a class=\"articleContent-metaAuthorsLink\" href=\"https:\/\/www.programme.tv\/auteur\/maxime-carignano\/\" target=\"_blank\" rel=\"noopener\">Maxime Carignano<\/a><\/p>\n<p>                    Tweeter<\/p>\n<p>                    Partager sur Facebook<\/p>\n<p>                        <img decoding=\"async\" src=\"https:\/\/www.europesays.com\/fr\/wp-content\/uploads\/2026\/01\/faut-il-supprimer-le-cours-de-theatre-de-la-star-academy-notre-debat.jpg\" alt=\"Player Video\" class=\"player-applyRatio poster exclude-seedtag\"\/><\/p>\n<p>Cette semaine, L\u00e9a a pu retrouver ses proches et ses fans lors d&rsquo;un court retour en Suisse dans sa ville natale. Dans le live de la Star Academy sur TF1, l&rsquo;\u00e9l\u00e8ve a r\u00e9v\u00e9l\u00e9 ce dont elle a refus\u00e9 cat\u00e9goriquement pour se pr\u00e9server avant la demi-finale.<\/p>\n<p>La premi\u00e8re demi-finale de la Star Academy sur TF1 approche \u00e0 grands pas. Encore quatre \u00e9l\u00e8ves sont en lice pour remporter le graal : <b>Sarah, L\u00e9a, Ambre et Victor<\/b> ! Cette semaine, Micha\u00ebl Goldman a permis aux \u00e9l\u00e8ves de quitter le ch\u00e2teau pour retrouver pour la premi\u00e8re fois leurs proches et leurs nombreux fans.<a href=\"https:\/\/www.programme.tv\/news\/emissions-tv\/266636-star-academy-qui-sont-les-invites-du-prochain-prime-le-samedi-24-janvier\/\" target=\"_blank\" rel=\"noopener\"> Pour le prime du samedi 24 janvier, TF1 a pr\u00e9vu plusieurs invit\u00e9s de marque<\/a>, notamment l&rsquo;ancien coach de The Voice, <b>Garou<\/b>, la gagnante de l&rsquo;Eurovision <b>Loreen, la marraine de la promotion 2025\/2026 Charlotte Cardin, Mika, le DJ Bob Sinclar. <\/b>Les \u00e9l\u00e8ves pourront aussi compter sur le retour d&rsquo;anciens \u00e9l\u00e8ves de la promotion, comme <b>Anouk <\/b>et<b> M\u00e9lissa.<\/b><\/p>\n<p><b>Star Academy <\/b><b>sur TF1 : Sarah et L\u00e9a r\u00e9alisent un exploit express qui laisse Jonathan Jenvrin sans voix<\/b><\/p>\n<p>Le jeudi 22 janvier, Jonathan Jenvrin a salu\u00e9 un nouvel exploit de Sarah et L\u00e9a. Alors que la pression monte, apr\u00e8s plusieurs mois de comp\u00e9tition, les deux \u00e9l\u00e8ves sont parvenus \u00e0 apprendre le tableau chant\u00e9-dans\u00e9 en un temps record. Le professeur de danse, surpris, a alors d\u00e9clar\u00e9 : <b>\u00ab\u00a0Good job, c&rsquo;est un bon travail les filles. On a appris ce tableau chant\u00e9-dans\u00e9 en tr\u00e8s peu de temps en 1h15, c&rsquo;est un record\u00a0\u00bb, a-t-il expliqu\u00e9.<\/b><\/p>\n<p>                                <b>Star Academy : L\u00e9a r\u00e9v\u00e8le ce qu&rsquo;elle a refus\u00e9 cat\u00e9goriquement pour se pr\u00e9server avant la demi-finale<\/b><\/p>\n<p>Mardi 20 janvier, L\u00e9a est partie en Suisse, dans sa ville natale aupr\u00e8s de ses proches.<a href=\"https:\/\/www.programme.tv\/news\/emissions-tv\/266664-personne-n-est-pret-pour-ce-que-j-ai-vecu-lea-star-academy-raconte-ses-retrouvailles-bouleversantes-en-suisse-avec-ses-proches\/\" target=\"_blank\" rel=\"noopener\"> Lors de la quotidienne, l&rsquo;acad\u00e9micienne a r\u00e9v\u00e9l\u00e9 \u00eatre particuli\u00e8rement \u00e9mue<\/a> :<b> <\/b>\u00ab\u00a0C&rsquo;\u00e9tait une dinguerie. Mes parents, mon copain, ma famille, le public\u2026 C&rsquo;\u00e9tait un grand moment\u00a0\u00bb. Ce jeudi 22 janvier, L\u00e9a a r\u00e9v\u00e9l\u00e9 avoir refus\u00e9 cat\u00e9goriquement de chanter devant ses fans pour pr\u00e9server sa voix avant la demi-finale : <b>\u00ab\u00a0Ils m&rsquo;ont demand\u00e9\u00a0: &lsquo;Tu veux bien nous chanter un truc, faire Voulez-vous ?&rsquo;. J&rsquo;ai dit non\u00a0: &lsquo;\u00c9coutez, j&rsquo;ai un prime \u00e0 pr\u00e9parer\u00a0!\u00a0\u00bb, <\/b>a-t-elle expliqu\u00e9.<\/p>\n<p>Rejoignez-nous sur Google !<\/p>\n<p class=\"articleContent-pushTagline\">Abonnez-vous \u00e0 <a href=\"https:\/\/profile.google.com\/cp\/CgsvZy8xMjExMWxuMQ\" target=\"_blank\" rel=\"noopener\">T\u00e9l\u00e9 2 semaines sur Google<\/a> pour ne manquer aucune info !<\/p>\n","protected":false},"excerpt":{"rendered":"Aujourd&rsquo;hui \u00e0 16:32 &#8211; par Maxime Carignano Tweeter Partager sur Facebook Cette semaine, L\u00e9a a pu retrouver ses&hellip;\n","protected":false},"author":2,"featured_media":684187,"comment_status":"","ping_status":"","sticky":false,"template":"","format":"standard","meta":{"footnotes":""},"categories":[1356],"tags":[1292,11170,58,76292,59,1011,27,5095,252,199,1364],"class_list":{"0":"post-684186","1":"post","2":"type-post","3":"status-publish","4":"format-standard","5":"has-post-thumbnail","7":"category-television","8":"tag-debat","9":"tag-demi-finale","10":"tag-divertissement","11":"tag-du00e9bat","12":"tag-entertainment","13":"tag-fr","14":"tag-france","15":"tag-star-academy","16":"tag-television","17":"tag-tf1","18":"tag-tv"},"share_on_mastodon":{"url":"","error":""},"_links":{"self":[{"href":"https:\/\/www.europesays.com\/fr\/wp-json\/wp\/v2\/posts\/684186","targetHints":{"allow":["GET"]}}],"collection":[{"href":"https:\/\/www.europesays.com\/fr\/wp-json\/wp\/v2\/posts"}],"about":[{"href":"https:\/\/www.europesays.com\/fr\/wp-json\/wp\/v2\/types\/post"}],"author":[{"embeddable":true,"href":"https:\/\/www.europesays.com\/fr\/wp-json\/wp\/v2\/users\/2"}],"replies":[{"embeddable":true,"href":"https:\/\/www.europesays.com\/fr\/wp-json\/wp\/v2\/comments?post=684186"}],"version-history":[{"count":0,"href":"https:\/\/www.europesays.com\/fr\/wp-json\/wp\/v2\/posts\/684186\/revisions"}],"wp:featuredmedia":[{"embeddable":true,"href":"https:\/\/www.europesays.com\/fr\/wp-json\/wp\/v2\/media\/684187"}],"wp:attachment":[{"href":"https:\/\/www.europesays.com\/fr\/wp-json\/wp\/v2\/media?parent=684186"}],"wp:term":[{"taxonomy":"category","embeddable":true,"href":"https:\/\/www.europesays.com\/fr\/wp-json\/wp\/v2\/categories?post=684186"},{"taxonomy":"post_tag","embeddable":true,"href":"https:\/\/www.europesays.com\/fr\/wp-json\/wp\/v2\/tags?post=684186"}],"curies":[{"name":"wp","href":"https:\/\/api.w.org\/{rel}","templated":true}]}}