{"id":684280,"date":"2026-01-23T18:19:11","date_gmt":"2026-01-23T18:19:11","guid":{"rendered":"https:\/\/www.europesays.com\/fr\/684280\/"},"modified":"2026-01-23T18:19:11","modified_gmt":"2026-01-23T18:19:11","slug":"le-premier-operateur-de-stockage-petrolier-du-pays-rachete-par-un-geant-americain","status":"publish","type":"post","link":"https:\/\/www.europesays.com\/fr\/684280\/","title":{"rendered":"le premier op\u00e9rateur de stockage p\u00e9trolier du pays rachet\u00e9 par un g\u00e9ant am\u00e9ricain"},"content":{"rendered":"<p class=\"fig-paragraph\">Le gouvernement allemand a annonc\u00e9 vendredi avoir autoris\u00e9 le rachat par le groupe am\u00e9ricain Sunoco, propri\u00e9t\u00e9 d&rsquo;un proche de Donald Trump, du plus gros op\u00e9rateur allemand de\u00a0<a href=\"http:\/\/www.lefigaro.fr\/flash-eco\/etats-unis-hausse-inattendue-des-stocks-hebdomadaires-de-petrole-de-3-6-millions-de-barils-20260122\" data-fig-type=\"NewsFlash\" data-gtm-custom-categorie=\"navigation\" data-gtm-custom-action=\"crossclick\" data-gtm-custom-label=\"Contextuel\" data-gtm-event=\"customEventSPE\" data-fig-domain=\"LEFIGARO\" target=\"_blank\" rel=\"noopener\">stockage de produits p\u00e9troliers\u00a0<\/a>TanQuid. Sunoco est une filiale du g\u00e9ant am\u00e9ricain Energy Transfer, qui construit, poss\u00e8de et g\u00e8re des pipelines, des sites de stockage et des terminaux d&rsquo;hydrocarbures \u00e0 l&rsquo;international, dont le principal actionnaire est le milliardaire Kelcy Warren, proche soutien du pr\u00e9sident am\u00e9ricain Donald Trump.<\/p>\n<p class=\"fig-paragraph\">Ces derniers mois, l&rsquo;entreprise a mis la main sur d&rsquo;autres infrastructures critiques aux Pays-Bas et en Irlande. Le montant du rachat de TanQuid, r\u00e9v\u00e9l\u00e9 par l&rsquo;hebdomadaire allemand Der Spiegel et finalis\u00e9 le 16 janvier, n&rsquo;a pas \u00e9t\u00e9 communiqu\u00e9. TanQuid, propri\u00e9t\u00e9 jusqu&rsquo;\u00e0 pr\u00e9sent de la soci\u00e9t\u00e9 de gestion de fonds australienne Macquarie Group, exploite au total 15 d\u00e9p\u00f4ts d&rsquo;hydrocarbures en Allemagne et un en Pologne. Ces infrastructures sont consid\u00e9r\u00e9es comme critiques par le gouvernement allemand en raison de leur r\u00f4le cl\u00e9 dans l&rsquo;approvisionnement \u00e9nerg\u00e9tique du pays.<\/p>\n<p>                                            <a class=\"fig-a11y-skip\" href=\"#fig-a11y-skip-main-inarticle\" data-module=\"a11y-skip\" data-context=\"was @visible\"><br \/>\n    Passer la publicit\u00e9<br \/>\n<\/a>            <\/p>\n<p>                                            \u00abUne grave erreur\u00bb, selon l\u2019ONG Greenpeace<\/p>\n<p class=\"fig-paragraph\">\u00abNous avons impos\u00e9 des conditions strictes\u00bb, a assur\u00e9 vendredi lors d&rsquo;une conf\u00e9rence de presse r\u00e9guli\u00e8re la porte-parole du minist\u00e8re de l&rsquo;\u00c9conomie Susanne Ungrad, sans donner plus de d\u00e9tails sur ces conditions. Elle a ajout\u00e9 ne voir \u00abaucune contradiction\u00bb avec l&rsquo;assurance de la s\u00e9curit\u00e9 de l&rsquo;approvisionnement \u00e9nerg\u00e9tique en Allemagne, une promesse phare de la coalition du chancelier allemand Friedrich Merz.<\/p>\n<p class=\"fig-paragraph\">Dans une d\u00e9claration, la branche allemande de l&rsquo;ONG Greenpeace a d\u00e9nonc\u00e9 \u00abune grave erreur\u00bb, rappelant que les infrastructures passant sous pavillon am\u00e9ricain \u00e9taient \u00abessentielles pour la s\u00e9curit\u00e9 d&rsquo;approvisionnement\u00bb et ne devaient pas \u00abtomber entre de mauvaises mains\u00bb. En mars, l&rsquo;ONG a \u00e9t\u00e9 condamn\u00e9e \u00e0 verser 665 millions de dollars de dommages et int\u00e9r\u00eats \u00e0 Energy Transfer, apr\u00e8s des manifestations aux \u00c9tats-Unis contre un projet d\u00e9cri\u00e9 de pipelines qui s&rsquo;\u00e9taient sold\u00e9es par des centaines d&rsquo;arrestations et de bless\u00e9s.<\/p>\n<p class=\"fig-paragraph\">Selon Nina Noelle, experte en crises internationales au sein de Greenpeace, le gouvernement \u00abconfie une infrastructure \u00e9nerg\u00e9tique critique aux mains d&rsquo;un conglom\u00e9rat fossile am\u00e9ricain et balaie d&rsquo;un revers de main toutes les pr\u00e9occupations l\u00e9gitimes en mati\u00e8re de s\u00e9curit\u00e9 et de politique climatique\u00bb. Lors d&rsquo;une session de questions au gouvernement en juillet, le parti \u00e9cologiste Die Gr\u00fcnen (Les Verts) s&rsquo;\u00e9tait inqui\u00e9t\u00e9 des \u00abcons\u00e9quences d&rsquo;une vente \u00e0 Sunoco\u00bb de l&rsquo;op\u00e9rateur allemand, s&rsquo;interrogeant notamment sur les \u00abpossibilit\u00e9s juridiques de contr\u00f4les et d&rsquo;interventions\u00bb du gouvernement.<\/p>\n","protected":false},"excerpt":{"rendered":"Le gouvernement allemand a annonc\u00e9 vendredi avoir autoris\u00e9 le rachat par le groupe am\u00e9ricain Sunoco, propri\u00e9t\u00e9 d&rsquo;un proche&hellip;\n","protected":false},"author":2,"featured_media":684281,"comment_status":"","ping_status":"","sticky":false,"template":"","format":"standard","meta":{"footnotes":""},"categories":[1587],"tags":[11,672,1804,1805,1803,73,1777,674,1801,12,844,1802],"class_list":{"0":"post-684280","1":"post","2":"type-post","3":"status-publish","4":"format-standard","5":"has-post-thumbnail","7":"category-allemagne","8":"tag-actualites","9":"tag-allemagne","10":"tag-bundesrepublik-deutschland","11":"tag-de","12":"tag-deutschland","13":"tag-etats-unis","14":"tag-eu","15":"tag-europe","16":"tag-germany","17":"tag-news","18":"tag-petrole","19":"tag-republique-federale-dallemagne"},"share_on_mastodon":{"url":"https:\/\/pubeurope.com\/@fr\/115945797332663880","error":""},"_links":{"self":[{"href":"https:\/\/www.europesays.com\/fr\/wp-json\/wp\/v2\/posts\/684280","targetHints":{"allow":["GET"]}}],"collection":[{"href":"https:\/\/www.europesays.com\/fr\/wp-json\/wp\/v2\/posts"}],"about":[{"href":"https:\/\/www.europesays.com\/fr\/wp-json\/wp\/v2\/types\/post"}],"author":[{"embeddable":true,"href":"https:\/\/www.europesays.com\/fr\/wp-json\/wp\/v2\/users\/2"}],"replies":[{"embeddable":true,"href":"https:\/\/www.europesays.com\/fr\/wp-json\/wp\/v2\/comments?post=684280"}],"version-history":[{"count":0,"href":"https:\/\/www.europesays.com\/fr\/wp-json\/wp\/v2\/posts\/684280\/revisions"}],"wp:featuredmedia":[{"embeddable":true,"href":"https:\/\/www.europesays.com\/fr\/wp-json\/wp\/v2\/media\/684281"}],"wp:attachment":[{"href":"https:\/\/www.europesays.com\/fr\/wp-json\/wp\/v2\/media?parent=684280"}],"wp:term":[{"taxonomy":"category","embeddable":true,"href":"https:\/\/www.europesays.com\/fr\/wp-json\/wp\/v2\/categories?post=684280"},{"taxonomy":"post_tag","embeddable":true,"href":"https:\/\/www.europesays.com\/fr\/wp-json\/wp\/v2\/tags?post=684280"}],"curies":[{"name":"wp","href":"https:\/\/api.w.org\/{rel}","templated":true}]}}