{"id":684322,"date":"2026-01-23T18:45:15","date_gmt":"2026-01-23T18:45:15","guid":{"rendered":"https:\/\/www.europesays.com\/fr\/684322\/"},"modified":"2026-01-23T18:45:15","modified_gmt":"2026-01-23T18:45:15","slug":"des-jihadistes-europeens-transferes-de-syrie-en-irak-qui-reclame-leur-rapatriement-actualites","status":"publish","type":"post","link":"https:\/\/www.europesays.com\/fr\/684322\/","title":{"rendered":"Des jihadistes europ\u00e9ens transf\u00e9r\u00e9s de Syrie en Irak, qui r\u00e9clame leur rapatriement : Actualit\u00e9s"},"content":{"rendered":"<p class=\"lead \">Des Europ\u00e9ens figurent parmi les d\u00e9tenus de haut rang de l&rsquo;organisation Etat islamique (EI) que les Etats-Unis ont commenc\u00e9 \u00e0 transf\u00e9rer de Syrie vers l&rsquo;Irak voisin, dont le Premier ministre a r\u00e9clam\u00e9 le rapatriement vendredi.<\/p>\n<p class=\"lead \">Les forces kurdes se sont retir\u00e9es cette semaine, sous la pression militaire de l&rsquo;arm\u00e9e syrienne, des prisons o\u00f9 elles gardaient des jihadistes de l&rsquo;Etat islamique (EI) et des camps o\u00f9 elles surveillaient leurs familles dans le nord-est de la Syrie, depuis la chute du groupe en 2019.<\/p>\n<p class=\"lead \">L&rsquo;Union europ\u00e9enne s&rsquo;est alarm\u00e9e vendredi de possibles \u00e9vasions apr\u00e8s le d\u00e9ploiement de l&rsquo;arm\u00e9e du pouvoir islamiste, d\u00e9termin\u00e9 \u00e0 \u00e9tendre son autorit\u00e9 sur l&rsquo;ensemble du pays.<\/p>\n<p class=\"lead \">Les Etats-Unis ont commenc\u00e9 cette semaine \u00e0 transf\u00e9rer 7.000 prisonniers de l&rsquo;EI depuis la Syrie vers l&rsquo;Irak.<\/p>\n<p class=\"lead \">Parmi les 150 premiers prisonniers de haut rang figurent des Europ\u00e9ens, ont indiqu\u00e9 \u00e0 l&rsquo;AFP deux responsables de s\u00e9curit\u00e9 irakiens.<\/p>\n<p class=\"lead \">Vendredi, le chef du gouvernement irakien Mohamed Chia al-Soudani a appel\u00e9, lors d&rsquo;une conversation t\u00e9l\u00e9phonique avec le pr\u00e9sident fran\u00e7ais Emmanuel Macron, les pays europ\u00e9ens \u00e0 rapatrier leurs ressortissants, ce qu&rsquo;ils refusent jusqu&rsquo;\u00e0 pr\u00e9sent.<\/p>\n<p class=\"lead \">&#8211; \u00ab\u00a0Vide s\u00e9curitaire\u00a0\u00bb &#8211;<\/p>\n<p class=\"lead \">Les Forces d\u00e9mocratiques syriennes (FDS), domin\u00e9es par les Kurdes, avaient \u00e9t\u00e9 le fer de lance de la lutte contre l&rsquo;EI en Syrie, avec l&rsquo;appui d&rsquo;une coalition internationale dirig\u00e9e par Washington, qui soutient depuis les autorit\u00e9s de Damas.<\/p>\n<p class=\"lead \">Ils avaient captur\u00e9 des milliers de combattants du groupe, qui avait \u00e9tabli un \u00ab\u00a0califat\u00a0\u00bb \u00e0 cheval entre l&rsquo;Irak et la Syrie.<\/p>\n<p class=\"lead \">Dans le plus grand camp de proches de jihadistes, al-Hol, la situation est \u00ab\u00a0volatile\u00a0\u00bb, a indiqu\u00e9 vendredi l&rsquo;ONU qui n&rsquo;a pas pu y p\u00e9n\u00e9trer.<\/p>\n<p class=\"lead \">Les Kurdes s&rsquo;en \u00e9taient retir\u00e9s mardi et les forces syriennes y sont entr\u00e9es le lendemain.<\/p>\n<p class=\"lead \"> Un ancien employ\u00e9 humanitaire ayant requis l&rsquo;anonymat a indiqu\u00e9 \u00e0 l&rsquo;AFP que des d\u00e9tenus ont profit\u00e9 du \u00ab\u00a0vide s\u00e9curitaire\u00a0\u00bb pour s&rsquo;\u00e9vader, sans en pr\u00e9ciser le nombre ou la nationalit\u00e9.<\/p>\n<p class=\"lead \">Al-Hol abrite quelque plus de 23.000 personnes, en grand nombre des femmes et des enfants, dont pr\u00e8s de 15.000 Syriens et plus de 2.200 Irakiens. <\/p>\n<p class=\"lead \">Outre les Irakiens, les \u00e9trangers sont au nombre 6.280, en majorit\u00e9 des Arabes et des Asiatiques, mais aussi un petit nombre d&rsquo;Occidentaux, selon l&rsquo;administration pr\u00e9c\u00e9dente.<\/p>\n<p class=\"lead \">Le Haut-Commissariat aux R\u00e9fugi\u00e9s (HCR) \u00ab\u00a0a pu se rendre \u00e0 al-Hol au cours des trois derniers jours mais n&rsquo;a pas pu y entrer en raison de la s\u00e9curit\u00e9 volatile\u00a0\u00bb, a d\u00e9clar\u00e9 \u00e0 l&rsquo;AFP la porte-parole en Syrie de l&rsquo;agence onusienne, C\u00e9line Schmitt.<\/p>\n<p class=\"lead \">&#8211; Eau et pain &#8211;<\/p>\n<p class=\"lead \">Jeudi, le HCR et l&rsquo;Unicef \u00ab\u00a0ont pu livrer des camions d&rsquo;eau au camp\u00a0\u00bb, a-t-elle pr\u00e9cis\u00e9. \u00ab\u00a0Le HCR retourne aujourd&rsquo;hui \u00e0 al-Hol, dans l&rsquo;espoir de reprendre la distribution de pain qui avait \u00e9t\u00e9 interrompue ces trois derniers jours\u00a0\u00bb.<\/p>\n<p class=\"lead \">L&rsquo;agence a pris en charge la gestion du camp le 1er janvier, avant le d\u00e9but des hostilit\u00e9s entre Damas et les forces kurdes, a indiqu\u00e9 C\u00e9line Schmitt.<\/p>\n<p class=\"lead \">\u00ab\u00a0Les organisations humanitaires qui op\u00e9raient \u00e0 l&rsquo;int\u00e9rieur du camp se sont d\u00e9sormais compl\u00e8tement retir\u00e9es, et certains de leurs centres ont \u00e9t\u00e9 incendi\u00e9s\u00a0\u00bb par les d\u00e9tenus, a indiqu\u00e9 \u00e0 l&rsquo;AFP un employ\u00e9 d&rsquo;une de ces organisations.<\/p>\n<p class=\"lead \">Un deuxi\u00e8me camp plus petit, Roj, qui reste sous contr\u00f4le des FDS, abrite 2.328 personnes, pour la plupart des \u00e9trangers dont des Occidentaux, parmi lesquels des Fran\u00e7ais.<\/p>\n<p class=\"lead \">Un cessez-le-feu, proclam\u00e9 mardi soir, est globalement respect\u00e9 entre l&rsquo;arm\u00e9e syrienne et les Kurdes.<\/p>\n<p class=\"lead \">En vertu d&rsquo;un accord, quelque 800 combattants kurdes qui \u00e9taient retranch\u00e9s dans la prison d&rsquo;Al-Aqtan \u00e0 Raqa, o\u00f9 ils gardaient des prisonniers de l&rsquo;EI, ont \u00e9t\u00e9 \u00e9vacu\u00e9s sous la garde des forces syriennes.<\/p>\n<p class=\"lead \">Un journaliste de l&rsquo;AFP \u00e0 Raqa a vu des cars et des voitures quitter la prison dans la nuit de jeudi \u00e0 vendredi, escort\u00e9s par des v\u00e9hicules des forces syriennes.<\/p>\n<p class=\"lead \">Lundi, le minist\u00e8re syrien de l&rsquo;Int\u00e9rieur avait affirm\u00e9 que 120 membres de l&rsquo;EI s&rsquo;\u00e9taient \u00e9vad\u00e9s d&rsquo;une autre prison, Chaddadi, mais qu&rsquo;il avait r\u00e9ussi \u00e0 en arr\u00eat\u00e9 81.<\/p>\n<p class=\"lead \">\u00ab\u00a0Les r\u00e9centes \u00e9vasions pr\u00e9sum\u00e9es de d\u00e9tenus de Daech (acronyme de l&rsquo;EI) au milieu des affrontements sont extr\u00eamement pr\u00e9occupantes\u00a0\u00bb, a d\u00e9clar\u00e9 vendredi un porte-parole de la Commission europ\u00e9enne, Anouar El Anouni.<\/p>\n<p class=\"small font-weight-bold text-gray3 \"> publi\u00e9 le 23 janvier \u00e0 15h19, AFP<\/p>\n<p>                             Partager<\/p>\n","protected":false},"excerpt":{"rendered":"Des Europ\u00e9ens figurent parmi les d\u00e9tenus de haut rang de l&rsquo;organisation Etat islamique (EI) que les Etats-Unis ont&hellip;\n","protected":false},"author":2,"featured_media":684323,"comment_status":"","ping_status":"","sticky":false,"template":"","format":"standard","meta":{"footnotes":""},"categories":[5],"tags":[11,2120,1011,27,14,4366,64968,38913,12,807,32,1778,308,28],"class_list":{"0":"post-684322","1":"post","2":"type-post","3":"status-publish","4":"format-standard","5":"has-post-thumbnail","7":"category-international","8":"tag-actualites","9":"tag-conflit","10":"tag-fr","11":"tag-france","12":"tag-international","13":"tag-irak","14":"tag-jihadistes","15":"tag-kurdes","16":"tag-news","17":"tag-prisonniers","18":"tag-syrie","19":"tag-ue","20":"tag-usa","21":"tag-world"},"share_on_mastodon":{"url":"https:\/\/pubeurope.com\/@fr\/115945899519725515","error":""},"_links":{"self":[{"href":"https:\/\/www.europesays.com\/fr\/wp-json\/wp\/v2\/posts\/684322","targetHints":{"allow":["GET"]}}],"collection":[{"href":"https:\/\/www.europesays.com\/fr\/wp-json\/wp\/v2\/posts"}],"about":[{"href":"https:\/\/www.europesays.com\/fr\/wp-json\/wp\/v2\/types\/post"}],"author":[{"embeddable":true,"href":"https:\/\/www.europesays.com\/fr\/wp-json\/wp\/v2\/users\/2"}],"replies":[{"embeddable":true,"href":"https:\/\/www.europesays.com\/fr\/wp-json\/wp\/v2\/comments?post=684322"}],"version-history":[{"count":0,"href":"https:\/\/www.europesays.com\/fr\/wp-json\/wp\/v2\/posts\/684322\/revisions"}],"wp:featuredmedia":[{"embeddable":true,"href":"https:\/\/www.europesays.com\/fr\/wp-json\/wp\/v2\/media\/684323"}],"wp:attachment":[{"href":"https:\/\/www.europesays.com\/fr\/wp-json\/wp\/v2\/media?parent=684322"}],"wp:term":[{"taxonomy":"category","embeddable":true,"href":"https:\/\/www.europesays.com\/fr\/wp-json\/wp\/v2\/categories?post=684322"},{"taxonomy":"post_tag","embeddable":true,"href":"https:\/\/www.europesays.com\/fr\/wp-json\/wp\/v2\/tags?post=684322"}],"curies":[{"name":"wp","href":"https:\/\/api.w.org\/{rel}","templated":true}]}}