{"id":684326,"date":"2026-01-23T18:47:14","date_gmt":"2026-01-23T18:47:14","guid":{"rendered":"https:\/\/www.europesays.com\/fr\/684326\/"},"modified":"2026-01-23T18:47:14","modified_gmt":"2026-01-23T18:47:14","slug":"ce-que-les-menages-et-entreprises-doivent-savoir-apres-la-bataille-du-budget","status":"publish","type":"post","link":"https:\/\/www.europesays.com\/fr\/684326\/","title":{"rendered":"Ce que les m\u00e9nages et entreprises doivent savoir apr\u00e8s la bataille du budget"},"content":{"rendered":"<p>        Montrer les titres<br \/>\n        Cacher les titres <\/p>\n<p>L\u2019actualit\u00e9 budg\u00e9taire de 2026 a \u00e9t\u00e9 marqu\u00e9e par des d\u00e9bats houleux et des d\u00e9cisions controvers\u00e9es. Le gouvernement a finalement recours \u00e0 l\u2019article 49.3 pour faire passer son budget, suscitant des r\u00e9actions mitig\u00e9es. Quelles sont les implications pour les m\u00e9nages et les entreprises? Voici tout ce que tu dois savoir pour naviguer \u00e0 travers cette p\u00e9riode fiscale complexe.<\/p>\n<p>Malgr\u00e9 les tensions, le budget 2026 maintient certains dispositifs cl\u00e9s. La contribution diff\u00e9rentielle sur les plus hauts revenus (CDHR) reste en place, tout comme la taxe sur les grandes entreprises. En revanche, les imp\u00f4ts sur le revenu des m\u00e9nages ne subiront aucune modification, offrant une stabilit\u00e9 bienvenue pour de nombreux foyers.<\/p>\n<p><a class=\"related-article simple\" href=\"https:\/\/www.garconne-magazine.fr\/actualites\/2026\/01\/11\/assurance-vie-vs-livret-a-en-2026-pourquoi-les-contrats-dassurance-vie-prennent-le-dessus\/\" target=\"_blank\" rel=\"noopener\"><br \/>\n                        \u00c0 d\u00e9couvrir<br \/>\n                        Assurance vie vs Livret A en 2026 : Pourquoi les contrats d\u2019assurance vie prennent le dessus<\/p>\n<p>                        <\/a><\/p>\n<p>Les imp\u00f4ts des m\u00e9nages : statu quo en 2026<\/p>\n<p>Bonne nouvelle pour les m\u00e9nages : pas de hausse d\u2019imp\u00f4ts \u00e0 l\u2019horizon pour 2026. Le Premier ministre a confirm\u00e9 que les imp\u00f4ts resteront inchang\u00e9s par rapport \u00e0 2025. Une d\u00e9cision qui p\u00e9rennise une certaine stabilit\u00e9 financi\u00e8re pour les foyers, alors que beaucoup redoutaient de nouvelles hausses fiscales.\n<\/p>\n<p>Cette stagnation des imp\u00f4ts s\u2019inscrit dans une strat\u00e9gie plus large de ma\u00eetrise des d\u00e9penses publiques, visant \u00e0 contenir le d\u00e9ficit \u00e0 5 % du PIB. Cela signifie que, pour cette ann\u00e9e au moins, les m\u00e9nages peuvent souffler un peu et ne pas s\u2019attendre \u00e0 des pr\u00e9l\u00e8vements suppl\u00e9mentaires.\n<\/p>\n<p>Les c\u00e9libataires gagnant plus de 250 000 euros et les couples avec des revenus sup\u00e9rieurs \u00e0 500 000 euros continueront de contribuer via la CDHR. Ce dispositif, instaur\u00e9 en 2025, reste un moyen de solliciter les plus ais\u00e9s sans alourdir la charge fiscale g\u00e9n\u00e9rale.<\/p>\n<p>En revanche, la stagnation des bar\u00e8mes d\u2019imposition pourrait \u00eatre vue comme une forme de pression indirecte. sans ajustement pour l\u2019inflation, certains m\u00e9nages pourraient voir leur pouvoir d\u2019achat \u00e9rod\u00e9 au fil du temps.<\/p>\n<p><a class=\"related-article simple\" href=\"https:\/\/www.garconne-magazine.fr\/finance\/2026\/01\/11\/virement-surprise-de-600e-pour-9-millions-de-francais-decouvrez-pourquoi-certains-devront-rembourser\/\" target=\"_blank\" rel=\"noopener\"><br \/>\n                        \u00c0 d\u00e9couvrir<br \/>\n                        Virement surprise de 600\u20ac pour 9 millions de Fran\u00e7ais : d\u00e9couvrez pourquoi certains devront rembourser<\/p>\n<p>                        <\/a><\/p>\n<p>La contribution des grandes entreprises<\/p>\n<p>Les grandes entreprises sont \u00e0 nouveau dans le viseur du gouvernement. La contribution exceptionnelle sur les b\u00e9n\u00e9fices reste en vigueur pour environ 300 multinationales. Cette taxe devrait rapporter 7 milliards d\u2019euros, une manne financi\u00e8re non n\u00e9gligeable pour les caisses de l\u2019\u00c9tat.\n<\/p>\n<p>Parmi les entreprises concern\u00e9es, des g\u00e9ants comme LVMH, Vinci ou Herm\u00e8s. Par exemple, LVMH devrait verser 700 millions d\u2019euros, un montant significatif qui souligne l\u2019importance de cette contribution pour le budget national.\n<\/p>\n<p>Cette taxation vise les soci\u00e9t\u00e9s avec un chiffre d\u2019affaires d\u2019au moins 1,5 milliard d\u2019euros. Une mesure qui suscite des critiques du patronat, mais qui est per\u00e7ue par d\u2019autres comme un moyen juste de redistribuer les richesses.<\/p>\n<p>Pour certains experts, comme Marc Dubois, \u00e9conomiste, cette taxe est une n\u00e9cessit\u00e9 pour \u00e9quilibrer la contribution des grands acteurs \u00e9conomiques face aux d\u00e9fis budg\u00e9taires actuels. Un point de vue partag\u00e9 par de nombreux observateurs du secteur.<\/p>\n<p><a class=\"related-article simple\" href=\"https:\/\/www.garconne-magazine.fr\/finance\/2026\/01\/08\/des-millions-de-retraites-privees-plafonnees-a-2-00250-e-en-2026-ce-que-ca-change-vraiment\/\" target=\"_blank\" rel=\"noopener\"><br \/>\n                        \u00c0 d\u00e9couvrir<br \/>\n                        Des millions de retraites priv\u00e9es plafonn\u00e9es \u00e0 2 002,50 \u20ac en 2026 : ce que \u00e7a change vraiment<\/p>\n<p>                        <\/a><\/p>\n<p>D\u00e9ficit sous contr\u00f4le : un d\u00e9fi ambitieux<\/p>\n<p>Le gouvernement s\u2019est fix\u00e9 un objectif ambitieux : contenir le d\u00e9ficit \u00e0 5 % du PIB. Un d\u00e9fi qui n\u00e9cessite une gestion rigoureuse des d\u00e9penses publiques, d\u2019autant plus que les recettes fiscales n\u2019ont pas \u00e9t\u00e9 augment\u00e9es.\n<\/p>\n<p>Cette discipline budg\u00e9taire passe par des mesures drastiques, comme le gel des pensions de retraite et des prestations sociales. Des d\u00e9cisions qui ne manquent pas de faire grincer des dents, notamment chez les retrait\u00e9s qui voient leur pouvoir d\u2019achat stagner.\n<\/p>\n<p>Pour Pierre Leclerc, analyste financier, \u201ccette approche est risqu\u00e9e mais n\u00e9cessaire\u201d. Selon lui, le maintien du d\u00e9ficit \u00e0 un niveau raisonnable est crucial pour \u00e9viter une spirale d\u2019endettement.<\/p>\n<p>Les critiques pointent toutefois du doigt le manque de vision \u00e0 long terme. Sans investissements significatifs dans des secteurs porteurs, la France pourrait peiner \u00e0 maintenir sa comp\u00e9titivit\u00e9 sur la sc\u00e8ne internationale.<\/p>\n<p><a class=\"related-article simple\" href=\"https:\/\/www.garconne-magazine.fr\/finance\/2024\/02\/11\/impots-du-bien-et-du-beaucoup-moins-bien-pour-votre-portefeuille-en-2024\/\" target=\"_blank\" rel=\"noopener\"><br \/>\n                        \u00c0 d\u00e9couvrir<br \/>\n                        Imp\u00f4ts : Du bien et du beaucoup moins bien pour votre portefeuille en 2024<\/p>\n<p>                        <\/a><\/p>\n<p>Impact sur l\u2019attractivit\u00e9 fiscale<\/p>\n<p>Avec le maintien de la taxe sur les grandes entreprises, certains s\u2019interrogent sur l\u2019attractivit\u00e9 fiscale de la France. Des voix s\u2019\u00e9l\u00e8vent pour dire que ces mesures pourraient pousser des entreprises \u00e0 d\u00e9localiser leurs activit\u00e9s.<\/p>\n<p>La France doit jongler entre des exigences budg\u00e9taires strictes et la n\u00e9cessit\u00e9 de rester comp\u00e9titive. Un \u00e9quilibre d\u00e9licat que le gouvernement tente de maintenir, malgr\u00e9 les critiques du patronat.\n<\/p>\n<p>Erwan Le Morhedec, expert en politiques publiques, avertit que \u201cla pression fiscale pourrait nuire \u00e0 l\u2019innovation et \u00e0 l\u2019investissement\u201d, des moteurs cruciaux pour l\u2019\u00e9conomie fran\u00e7aise.\n<\/p>\n<p>Mais d\u2019autres estiment que ces mesures n\u2019auront qu\u2019un impact limit\u00e9 sur l\u2019attractivit\u00e9 \u00e0 long terme, \u00e0 condition que le gouvernement investisse dans l\u2019am\u00e9lioration des infrastructures et de la formation.<\/p>\n<p><a class=\"related-article simple\" href=\"https:\/\/www.garconne-magazine.fr\/finance\/2024\/02\/04\/taxe-fonciere-2024-finalement-une-bonne-nouvelle-pour-vous-cette-annee\/\" target=\"_blank\" rel=\"noopener\"><br \/>\n                        \u00c0 d\u00e9couvrir<br \/>\n                        Taxe fonci\u00e8re 2024 : Finalement une bonne nouvelle pour vous cette ann\u00e9e<\/p>\n<p>                        <\/a><\/p>\n<p>Les enjeux environnementaux : une nouvelle taxe en vue?<\/p>\n<p>Alors que l\u2019urgence environnementale devient incontournable, le budget 2026 pr\u00e9voit de nouvelles initiatives fiscales pour inciter au d\u00e9veloppement durable. Une \u201ctaxe sur les emballages plastiques\u201d pourrait voir le jour, renfor\u00e7ant la pression sur les entreprises pour adopter des pratiques plus respectueuses de l\u2019environnement.<\/p>\n<p>Cette mesure s\u2019inscrit dans les objectifs europ\u00e9ens de r\u00e9duction des d\u00e9chets et de promotion du recyclage. Une initiative qui, selon certains, pourrait positionner la France en leader de la transition \u00e9cologique.\n<\/p>\n<p>Les entreprises devront s\u2019adapter \u00e0 ces nouvelles exigences, ce qui pourrait entra\u00eener des co\u00fbts suppl\u00e9mentaires \u00e0 court terme. Mais \u00e0 long terme, ces investissements pourraient s\u2019av\u00e9rer b\u00e9n\u00e9fiques, tant sur le plan \u00e9conomique qu\u2019environnemental.\n<\/p>\n<p>Au final, les d\u00e9cisions budg\u00e9taires de 2026 refl\u00e8tent un \u00e9quilibre d\u00e9licat entre contraintes \u00e9conomiques et imp\u00e9ratifs environnementaux. Une situation qui, loin d\u2019\u00eatre id\u00e9ale, offre n\u00e9anmoins une feuille de route pour les ann\u00e9es \u00e0 venir.<\/p>\n<p><a class=\"related-article simple\" href=\"https:\/\/www.garconne-magazine.fr\/finance\/2024\/02\/03\/impot-les-10-cases-a-bien-remplir-pour-faire-baisser-ce-que-vous-payerez\/\" target=\"_blank\" rel=\"noopener\"><br \/>\n                        \u00c0 d\u00e9couvrir<br \/>\n                        Imp\u00f4t : Les 10 cases \u00e0 bien remplir pour faire baisser ce que vous payerez<\/p>\n<p>                        <\/a><\/p>\n<p>\u00c0 retenir<\/p>\n<ul>\n<li>Pas de hausse d&rsquo;imp\u00f4ts pour les m\u00e9nages en 2026.<\/li>\n<li>Taxe sur les grandes entreprises maintenue pour g\u00e9n\u00e9rer 7 milliards d&rsquo;euros.<\/li>\n<li>Objectif de d\u00e9ficit fix\u00e9 \u00e0 5 % du PIB.<\/li>\n<li>D\u00e9bats sur l&rsquo;attractivit\u00e9 fiscale de la France.<\/li>\n<li>Possibilit\u00e9 d&rsquo;une nouvelle taxe sur les emballages plastiques.<\/li>\n<\/ul>\n<p>Questions fr\u00e9quentes<\/p>\n<dl class=\"naiw-faq-list\">\n<dt>Les imp\u00f4ts augmenteront-ils pour les m\u00e9nages en 2026 ?<\/dt>\n<dd>Non, les imp\u00f4ts pour les m\u00e9nages resteront inchang\u00e9s par rapport \u00e0 2025.<\/dd>\n<dt>Quelle est la contribution attendue des grandes entreprises au budget 2026 ?<\/dt>\n<dd>Environ 300 grandes entreprises contribueront \u00e0 hauteur de 7 milliards d\u2019euros.<\/dd>\n<\/dl>\n","protected":false},"excerpt":{"rendered":"Montrer les titres Cacher les titres L\u2019actualit\u00e9 budg\u00e9taire de 2026 a \u00e9t\u00e9 marqu\u00e9e par des d\u00e9bats houleux et&hellip;\n","protected":false},"author":2,"featured_media":684327,"comment_status":"","ping_status":"","sticky":false,"template":"","format":"standard","meta":{"footnotes":""},"categories":[2],"tags":[11,18352,313,30765,1011,27,342,78140,12],"class_list":{"0":"post-684326","1":"post","2":"type-post","3":"status-publish","4":"format-standard","5":"has-post-thumbnail","7":"category-actualites","8":"tag-actualites","9":"tag-budget-2026","10":"tag-entreprises","11":"tag-fiscalitu00e9","12":"tag-fr","13":"tag-france","14":"tag-impots","15":"tag-mu00e9nages","16":"tag-news"},"share_on_mastodon":{"url":"https:\/\/pubeurope.com\/@fr\/115945907384208161","error":""},"_links":{"self":[{"href":"https:\/\/www.europesays.com\/fr\/wp-json\/wp\/v2\/posts\/684326","targetHints":{"allow":["GET"]}}],"collection":[{"href":"https:\/\/www.europesays.com\/fr\/wp-json\/wp\/v2\/posts"}],"about":[{"href":"https:\/\/www.europesays.com\/fr\/wp-json\/wp\/v2\/types\/post"}],"author":[{"embeddable":true,"href":"https:\/\/www.europesays.com\/fr\/wp-json\/wp\/v2\/users\/2"}],"replies":[{"embeddable":true,"href":"https:\/\/www.europesays.com\/fr\/wp-json\/wp\/v2\/comments?post=684326"}],"version-history":[{"count":0,"href":"https:\/\/www.europesays.com\/fr\/wp-json\/wp\/v2\/posts\/684326\/revisions"}],"wp:featuredmedia":[{"embeddable":true,"href":"https:\/\/www.europesays.com\/fr\/wp-json\/wp\/v2\/media\/684327"}],"wp:attachment":[{"href":"https:\/\/www.europesays.com\/fr\/wp-json\/wp\/v2\/media?parent=684326"}],"wp:term":[{"taxonomy":"category","embeddable":true,"href":"https:\/\/www.europesays.com\/fr\/wp-json\/wp\/v2\/categories?post=684326"},{"taxonomy":"post_tag","embeddable":true,"href":"https:\/\/www.europesays.com\/fr\/wp-json\/wp\/v2\/tags?post=684326"}],"curies":[{"name":"wp","href":"https:\/\/api.w.org\/{rel}","templated":true}]}}